{"id":654826,"date":"2026-01-10T21:42:46","date_gmt":"2026-01-10T21:42:46","guid":{"rendered":"https:\/\/www.europesays.com\/fr\/654826\/"},"modified":"2026-01-10T21:42:46","modified_gmt":"2026-01-10T21:42:46","slug":"exclu-fred-testot-un-peu-depasse-par-son-personnage-culte-inve","status":"publish","type":"post","link":"https:\/\/www.europesays.com\/fr\/654826\/","title":{"rendered":"EXCLU. Fred Testot \u00ab\u00a0un peu d\u00e9pass\u00e9\u00a0\u00bb par son personnage culte inve &#8230;"},"content":{"rendered":"<p>EN BREF<\/p>\n<ul class=\"bloc_resume_post_list\">\n<li>Fred Testot, acteur et ancien complice d\u00a0\u00bbOmar Sy,<br \/>\nencha\u00eene les projets entre fiction et humour, actuellement \u00e0<br \/>\nl&rsquo;affiche de B\u00eates de flic.<\/li>\n<li>Dans B\u00eates de flic, il incarne Jeff, un policier trop<br \/>\ninvesti dans son travail, confront\u00e9 \u00e0 un bouleversement apr\u00e8s un<br \/>\ncoma.<\/li>\n<li>Jojo Fantaisie, personnage d\u00e9jant\u00e9 de Fred Testot, est<br \/>\ndevenu viral, surprenant m\u00eame son cr\u00e9ateur par son succ\u00e8s<br \/>\ninattendu.<\/li>\n<\/ul>\n<p><a href=\"https:\/\/www.telestar.fr\/people\/omar-sy-voici-pourquoi-fred-testot-ne-la-plus-jamais-appele-apres-sa-fulgurante-notoriete-1670702\" target=\"_blank\" rel=\"noopener\"><br \/>\nFred Testot, ancien complice d\u2019Omar Sy<\/a>, encha\u00eene les<br \/>\n<strong>projets<\/strong>, mais reste fid\u00e8le \u00e0 ce qui<br \/>\n<strong>l\u2019anime<\/strong> depuis toujours. <strong>Raconter<\/strong><br \/>\ndes histoires et <strong>surprendre<\/strong>. Acteur populaire<br \/>\nr\u00e9v\u00e9l\u00e9 au grand public par la <strong>com\u00e9die<\/strong>, il navigue<br \/>\naujourd\u2019hui entre <strong>fiction, production et performances<br \/>\ninattendues<\/strong>\u2026sans jamais se d\u00e9partir de son<br \/>\n<strong>humour<\/strong> ni de son<br \/>\n<strong>autod\u00e9rision.<\/strong><\/p>\n<p>Actuellement \u00e0 l\u2019affiche de B\u00eates de flic, un unitaire<br \/>\nqui pourrait bien se transformer en s\u00e9rie, Fred Testot incarne un<br \/>\n<strong>policier<\/strong> confront\u00e9 \u00e0 un<br \/>\n<strong>bouleversement<\/strong> radical. Un r\u00f4le \u00e0 la fois<br \/>\n<strong>dr\u00f4le<\/strong> et <strong>profond<\/strong>, dans lequel<br \/>\nl\u2019acteur explore les <strong>failles<\/strong> d\u2019un homme<br \/>\n<strong>d\u00e9pass\u00e9<\/strong> par sa propre vie, tout en continuant \u00e0<br \/>\nfaire <strong>rire<\/strong>. Il s\u2019est confi\u00e9 dans une interview<br \/>\nexclusive \u00e0 T\u00e9l\u00e9 Star.<\/p>\n<p>Un flic imparfait, entre drame et com\u00e9die<\/p>\n<p>Dans B\u00eates de flic, Fred Testot pr\u00eate ses traits \u00e0<br \/>\n<strong>Jeff<\/strong>, un policier trop <strong>investi<\/strong><br \/>\ndans son <strong>travail<\/strong> pour voir ce qui se d\u00e9lite autour<br \/>\nde lui. L\u2019acteur r\u00e9sume sans d\u00e9tour la situation de son personnage<br \/>\n\u00e0 T\u00e9l\u00e9 Star. \u2018\u2018Ce gars est tellement <strong>absorb\u00e9<\/strong><br \/>\npar son <strong>m\u00e9tier<\/strong> qu\u2019il en <strong>n\u00e9glige<\/strong><br \/>\nsa vie de <strong>famille<\/strong>. Sa <strong>femme<\/strong> et sa<br \/>\n<strong>fille<\/strong> n\u2019en <strong>peuvent plus<\/strong>.\u2019\u2019<br \/>\nUn <strong>d\u00e9s\u00e9quilibre<\/strong> qui va \u00eatre brutalement mis en<br \/>\nlumi\u00e8re apr\u00e8s un <strong>coma<\/strong>.<\/p>\n<p>Ce coma agit comme un <strong>d\u00e9clencheur<\/strong>, mais rien<br \/>\nn\u2019est magique. Fred Testot insiste : \u2018\u2018Son coma agit comme un<br \/>\n<strong>\u00e9lectrochoc<\/strong> et va lui permettre de se<br \/>\n<strong>recentrer<\/strong> sur ce qui est<br \/>\n<strong>important<\/strong>. Mais tout ne se r\u00e8gle pas en un<br \/>\n<strong>claquement de doigts<\/strong>.\u2019\u2019 Un m\u00e9lange de<br \/>\n<strong>com\u00e9die<\/strong> et de <strong>drame<\/strong> auquel il est<br \/>\ntr\u00e8s <strong>attach\u00e9<\/strong>. <strong>Producteur<\/strong> du<br \/>\nprojet, il se montre <strong>enthousiaste<\/strong> quant \u00e0 la<br \/>\nsuite. \u2018\u2018Oui, la <strong>sc\u00e9nariste<\/strong> Samantha Mazeras<br \/>\n\u00e9crit la <strong>suite<\/strong>, mais tout va d\u00e9pendre des<br \/>\n<strong>audiences<\/strong>. En tout cas, <strong>j\u2019adore ce<br \/>\nm\u00e9lange<\/strong> de com\u00e9die et de drame.\u2019\u2019<\/p>\n<p>Jojo Fantaisie, un personnage devenu<br \/>\nincontr\u00f4lable : Fred Testot revient sur ce buzz<\/p>\n<p>Mais ces derniers mois, c\u2019est surtout <a href=\"https:\/\/www.telestar.fr\/actu-tv\/fred-testot-pourquoi-est-il-si-discret-sur-sa-vie-privee-il-repond-578288\" target=\"_blank\" rel=\"noopener\"><br \/>\nLol : qui rit, sort !<\/a> qui a marqu\u00e9 les esprits. En<br \/>\n2025, Fred Testot y a fait na\u00eetre <strong>Jojo Fantaisie,<\/strong><br \/>\nun personnage totalement <strong>d\u00e9jant\u00e9<\/strong>, devenu<br \/>\n<strong>viral<\/strong> bien au-del\u00e0 de l\u2019\u00e9mission. L\u2019acteur raconte<br \/>\nl\u2019origine de cette cr\u00e9ation avec humour \u00e0 T\u00e9l\u00e9 Star. \u201c<br \/>\n\u2018<strong>Je me drogue \u00e0 la vie<\/strong>\u2019, c\u2019est une phrase que je<br \/>\ndis depuis longtemps pour me <strong>marrer<\/strong>. Je l\u2019ai<br \/>\nassoci\u00e9e \u00e0 ce <strong>personnage<\/strong> qui avait pour vocation<br \/>\nde faire <strong>irruption<\/strong> et de<br \/>\n<strong>surprendre<\/strong> les autres<br \/>\n<strong>candidats<\/strong>.\u2019\u2019<\/p>\n<p>Ce qu\u2019il n\u2019avait pas <strong>anticip\u00e9<\/strong>, c\u2019est l\u2019ampleur<br \/>\ndu <strong>ph\u00e9nom\u00e8ne<\/strong>. \u2018\u2018Finalement, j\u2019ai \u00e9t\u00e9 un peu<br \/>\n<strong>d\u00e9pass\u00e9<\/strong> par ce qu\u2019a provoqu\u00e9 ce Jojo dans<br \/>\n<strong>l\u2019inconscient collectif<\/strong>.\u2019\u2019 reconna\u00eet-il<br \/>\naujourd\u2019hui. Jojo Fantaisie semble d\u00e9sormais avoir sa propre<br \/>\nexistence. \u2018\u2018Maintenant, <strong>Jojo Fantaisie fait<br \/>\ncarri\u00e8re.<\/strong> \u00c7a fait <strong>du bien de faire du<br \/>\nbien<\/strong>.\u2019\u2019 Un succ\u00e8s inattendu qui<br \/>\n<strong>amuse<\/strong> autant qu\u2019il <strong>surprend<\/strong> Fred<br \/>\nTestot. La preuve que m\u00eame apr\u00e8s des ann\u00e9es de m\u00e9tier, l\u2019acteur,<br \/>\n\u00a0peut encore \u00eatre <strong>pris de court<\/strong> par ses<br \/>\npropres cr\u00e9ations. Il est \u00e9galement la <a href=\"https:\/\/www.telestar.fr\/people\/exclu-fred-testot-coupe-court-a-la-polemique-sur-le-loup-intermarche-dont-il-est-la-voix-pas-maintenant-que-1750472\" target=\"_blank\" rel=\"noopener\"><br \/>\nvoix du loup dans la pub ph\u00e9nom\u00e8ne d\u2019Intermarch\u00e9<\/a>.<\/p>\n<p><strong>Interview \u00e0 retrouver en int\u00e9gralit\u00e9 dans votre<br \/>\nmagazine T\u00e9l\u00e9 Star en kiosque et en version num\u00e9rique ce lundi 12<br \/>\njanvier 2026.<\/strong><\/p>\n","protected":false},"excerpt":{"rendered":"EN BREF Fred Testot, acteur et ancien complice d\u00a0\u00bbOmar Sy, encha\u00eene les projets entre fiction et humour, actuellement&hellip;\n","protected":false},"author":2,"featured_media":654827,"comment_status":"","ping_status":"","sticky":false,"template":"","format":"standard","meta":{"footnotes":""},"categories":[1356],"tags":[548,58,59,1011,27,252,1364],"class_list":{"0":"post-654826","1":"post","2":"type-post","3":"status-publish","4":"format-standard","5":"has-post-thumbnail","7":"category-television","8":"tag-article-simple","9":"tag-divertissement","10":"tag-entertainment","11":"tag-fr","12":"tag-france","13":"tag-television","14":"tag-tv"},"share_on_mastodon":{"url":"https:\/\/pubeurope.com\/@fr\/115872985534561474","error":""},"_links":{"self":[{"href":"https:\/\/www.europesays.com\/fr\/wp-json\/wp\/v2\/posts\/654826","targetHints":{"allow":["GET"]}}],"collection":[{"href":"https:\/\/www.europesays.com\/fr\/wp-json\/wp\/v2\/posts"}],"about":[{"href":"https:\/\/www.europesays.com\/fr\/wp-json\/wp\/v2\/types\/post"}],"author":[{"embeddable":true,"href":"https:\/\/www.europesays.com\/fr\/wp-json\/wp\/v2\/users\/2"}],"replies":[{"embeddable":true,"href":"https:\/\/www.europesays.com\/fr\/wp-json\/wp\/v2\/comments?post=654826"}],"version-history":[{"count":0,"href":"https:\/\/www.europesays.com\/fr\/wp-json\/wp\/v2\/posts\/654826\/revisions"}],"wp:featuredmedia":[{"embeddable":true,"href":"https:\/\/www.europesays.com\/fr\/wp-json\/wp\/v2\/media\/654827"}],"wp:attachment":[{"href":"https:\/\/www.europesays.com\/fr\/wp-json\/wp\/v2\/media?parent=654826"}],"wp:term":[{"taxonomy":"category","embeddable":true,"href":"https:\/\/www.europesays.com\/fr\/wp-json\/wp\/v2\/categories?post=654826"},{"taxonomy":"post_tag","embeddable":true,"href":"https:\/\/www.europesays.com\/fr\/wp-json\/wp\/v2\/tags?post=654826"}],"curies":[{"name":"wp","href":"https:\/\/api.w.org\/{rel}","templated":true}]}}