{"id":654828,"date":"2026-01-10T21:43:14","date_gmt":"2026-01-10T21:43:14","guid":{"rendered":"https:\/\/www.europesays.com\/fr\/654828\/"},"modified":"2026-01-10T21:43:14","modified_gmt":"2026-01-10T21:43:14","slug":"les-trois-souchon-et-le-plaisir-de-chanter","status":"publish","type":"post","link":"https:\/\/www.europesays.com\/fr\/654828\/","title":{"rendered":"Les trois Souchon et le plaisir de chanter"},"content":{"rendered":"<p class=\"c-chapo \">\n  Peu apr\u00e8s la sortie de l&rsquo;album \u00ab\u00a0Studio Saint-Germain\u00a0\u00bb, Alain Souchon, Ours et Pierre Souchon reprennent leur tourn\u00e9e en trio. Retour sur cette harmonie familiale de trois chanteurs professionnels.\n<\/p>\n<p>      lire plus tard<\/p>\n<p id=\"dialog__title\" class=\"dialog__title\">Pour sauvegarder cet article, connectez-vous ou cr\u00e9ez un compte franceinfo<\/p>\n<p class=\"dialog__description\">Sans paiement. Sans abonnement.<\/p>\n<p>        Fermer la fen\u00eatre d\u2019activation des notifications France Info<\/p>\n<p>      cr\u00e9er votre compte<\/p>\n<p>      se connecter<\/p>\n<p>      :<\/p>\n<p>        Fermer la fen\u00eatre de pr\u00e9sentation<\/p>\n<p>    <img loading=\"lazy\" decoding=\"async\" class=\"signature__image lazyload\" width=\"100\" height=\"100\" data- alt=\"\" src=\"https:\/\/www.europesays.com\/fr\/wp-content\/uploads\/2025\/07\/dicale-bertrand-portrait-670e84da8b005383663508.png\"\/><\/p>\n<p>    Publi\u00e9 le 10\/01\/2026 17:00<\/p>\n<p>        Temps de lecture : 1min<\/p>\n<p>    <img decoding=\"async\"  alt=\"Alain Souchon et ses deux fils, Pierre et Ours, aux Victoires de la musique 2025. (BERTRAND GUAY \/ AFP)\" width=\"432\" height=\"243\" src=\"https:\/\/www.europesays.com\/fr\/wp-content\/uploads\/2026\/01\/000-36xu36u-1-6960db2774a49406322106.jpg\" fetchpriority=\"high\"\/><\/p>\n<p>      Alain Souchon et ses deux fils, Pierre et Ours, aux Victoires de la musique 2025. (BERTRAND GUAY \/ AFP)<\/p>\n<p>\u00c9videmment, on l\u2019aimera encore. C\u2019est une question rh\u00e9torique que pose Alain Souchon en reprenant Quand j&rsquo;serai KO en compagnie de ses fils, Pierre Souchon et Ours, sur l\u2019album Studio Saint-Germain, paru en novembre dernier. Ils retrouvent la sc\u00e8ne ces jours-ci pour une nouvelle prolongation de leur tourn\u00e9e \u00e0 trois \u2013\u00a0et sans batteries qui tapent\u00a0\u2013, tourn\u00e9e qui dure depuis bient\u00f4t 2\u00a0ans. Cette aventure familiale singuli\u00e8re revisite le r\u00e9pertoire immens\u00e9ment populaire d\u2019Alain Souchon.<\/p>\n<p><strong>Dans le premier \u00e9pisode de Ces chansons qui font l\u2019actu ce week-end, vous entendez des extraits de :<\/strong><\/p>\n<p>Alain Souchon, Ours et Pierre Souchon, Quand je serai KO, 2025<\/p>\n<p>Alain Souchon, Ours et Pierre Souchon, La P&rsquo;tite Bill elle est malade, 2025<\/p>\n<p>Ours et Pierre Souchon, La P&rsquo;tite Bill elle est malade, 2018<\/p>\n<p>Les Cherche Midi, Les lendemains, 1998<\/p>\n<p>Pierre Souchon, LAOT, 2009<\/p>\n<p>Alain Souchon, Le Fil, 1993<\/p>\n<p>Sandrine Kiberlain, La Godiche, 2005<\/p>\n<p>Ours, Le Cafard des fanfares, 2007<\/p>\n<p>Ours, Jamais su danser, 2017<\/p>\n<p>Ours avec Alain et Pierre Souchon, A quoi tu penses, 2025<\/p>\n<p>Alain Souchon, Maxime le Forestier, Francis Cabrel, Jolie Louise, 1997<\/p>\n<p>David McNeil, Alain Souchon, Laurent Voulzy, Robert Charlebois, Renaud, Julien Clerc, Maxime Le Forestier, Hollywood, 1995<\/p>\n<p>Laurent Voulzy et Alain Souchon, The 59th Street Bridge Song (Feelin&rsquo; Groovy), 2006<\/p>\n<p>Alain Souchon et Laurent Voulzy, Ils \u00e9taient deux gar\u00e7ons (trois), 2014<\/p>\n<p>Alain Souchon, Ours et Pierre Souchon, Quand je serai KO, 2025<\/p>\n<p>\u00a0<strong>Vous pouvez \u00e9galement suivre l&rsquo;actualit\u00e9 de cette chronique\u00a0<\/strong><a href=\"https:\/\/bsky.app\/profile\/bertranddicale.bsky.social\" target=\"_blank\" rel=\"noopener\" data-tooltip-url=\"https:\/\/bsky.app\/profile\/bertranddicale.bsky.social\"><strong>sur BlueSky<\/strong><\/a><strong>\u00a0et\u00a0<\/strong><a href=\"https:\/\/twitter.com\/BertrandDicale\" rel=\"noopener noreferrer nofollow\" data-tooltip-url=\"https:\/\/twitter.com\/BertrandDicale\" target=\"_blank\"><strong>sur X (ex-Twitter).<\/strong><\/a><\/p>\n<p><script async src=\"https:\/\/platform.twitter.com\/widgets.js\" charset=\"utf-8\"><\/script><\/p>\n","protected":false},"excerpt":{"rendered":"Peu apr\u00e8s la sortie de l&rsquo;album \u00ab\u00a0Studio Saint-Germain\u00a0\u00bb, Alain Souchon, Ours et Pierre Souchon reprennent leur tourn\u00e9e en&hellip;\n","protected":false},"author":2,"featured_media":654829,"comment_status":"","ping_status":"","sticky":false,"template":"","format":"standard","meta":{"footnotes":""},"categories":[1355],"tags":[58,59,1011,27,1361,873],"class_list":{"0":"post-654828","1":"post","2":"type-post","3":"status-publish","4":"format-standard","5":"has-post-thumbnail","7":"category-musique","8":"tag-divertissement","9":"tag-entertainment","10":"tag-fr","11":"tag-france","12":"tag-music","13":"tag-musique"},"share_on_mastodon":{"url":"https:\/\/pubeurope.com\/@fr\/115872989679181529","error":""},"_links":{"self":[{"href":"https:\/\/www.europesays.com\/fr\/wp-json\/wp\/v2\/posts\/654828","targetHints":{"allow":["GET"]}}],"collection":[{"href":"https:\/\/www.europesays.com\/fr\/wp-json\/wp\/v2\/posts"}],"about":[{"href":"https:\/\/www.europesays.com\/fr\/wp-json\/wp\/v2\/types\/post"}],"author":[{"embeddable":true,"href":"https:\/\/www.europesays.com\/fr\/wp-json\/wp\/v2\/users\/2"}],"replies":[{"embeddable":true,"href":"https:\/\/www.europesays.com\/fr\/wp-json\/wp\/v2\/comments?post=654828"}],"version-history":[{"count":0,"href":"https:\/\/www.europesays.com\/fr\/wp-json\/wp\/v2\/posts\/654828\/revisions"}],"wp:featuredmedia":[{"embeddable":true,"href":"https:\/\/www.europesays.com\/fr\/wp-json\/wp\/v2\/media\/654829"}],"wp:attachment":[{"href":"https:\/\/www.europesays.com\/fr\/wp-json\/wp\/v2\/media?parent=654828"}],"wp:term":[{"taxonomy":"category","embeddable":true,"href":"https:\/\/www.europesays.com\/fr\/wp-json\/wp\/v2\/categories?post=654828"},{"taxonomy":"post_tag","embeddable":true,"href":"https:\/\/www.europesays.com\/fr\/wp-json\/wp\/v2\/tags?post=654828"}],"curies":[{"name":"wp","href":"https:\/\/api.w.org\/{rel}","templated":true}]}}