{"id":654830,"date":"2026-01-10T21:44:17","date_gmt":"2026-01-10T21:44:17","guid":{"rendered":"https:\/\/www.europesays.com\/fr\/654830\/"},"modified":"2026-01-10T21:44:17","modified_gmt":"2026-01-10T21:44:17","slug":"le-seigneur-des-anneaux-arrive-en-cine-concert-a-paris-en-mars","status":"publish","type":"post","link":"https:\/\/www.europesays.com\/fr\/654830\/","title":{"rendered":"Le Seigneur des Anneaux arrive en cin\u00e9-concert \u00e0 Paris en mars\u00a0!"},"content":{"rendered":"<p>En d\u00e9cembre prochain, nous c\u00e9l\u00e9brerons les <strong>25 ans de la sortie au cin\u00e9ma<\/strong> du premier volet de la<strong> trilogie de <a href=\"https:\/\/www.lebonbon.fr\/paris\/news\/documentaire-inedit-beatles\/\" target=\"_blank\" rel=\"noopener\">Peter<\/a> <a href=\"https:\/\/www.lebonbon.fr\/paris\/news\/documentaire-inedit-beatles\/\" target=\"_blank\" rel=\"noopener\">Jackson<\/a><\/strong>. Plus de <strong>deux d\u00e9cennies<\/strong> plus tard, les trois opus du<strong> Seigneur des Anneaux <\/strong>continuent de nous faire r\u00eaver en nous plongeant avec brio dans<strong> l\u2019univers fantastique imagin\u00e9 par J.R.R. Tolkien<\/strong>. Un voyage qui nous prend \u00e0 chaque fois, gr\u00e2ce \u00e0 un <strong>casting parfait,<\/strong> des<strong> images \u00e0 couper le souffle<\/strong>, et une <strong>musique bouleversante,<\/strong> que vous aurez tr\u00e8s bient\u00f4t le plaisir de <strong>red\u00e9couvrir en live.<\/strong><\/p>\n<p>&#13;<br \/>\n<br \/>Un voyage \u00e9pique en musique&#13;<\/p>\n<p>De la <strong>marche des Ent<\/strong>s \u00e0 l\u2019arriv\u00e9e des <strong>Rohirrim \u00e0 Minas Tirith<\/strong>, en passant par la d\u00e9couverte de <strong>Fondcombe<\/strong> et le <strong>couronnement d\u2019Aragorn,<\/strong> Le Seigneur des Anneaux, c\u2019est une succession de moments d\u2019une<strong> puissance incroyable<\/strong>, pour la plupart port\u00e9s par une<strong> bande originale tout simplement exceptionnelle<\/strong> compos\u00e9e par <strong>Howard Shore<\/strong> \u2014 qui se cache \u00e9galement derri\u00e8re<strong> Le Silence des agneaux<\/strong>, <strong>Seven<\/strong> ou encore <a href=\"https:\/\/www.lebonbon.fr\/paris\/cine-series\/des-films-cultes-racontes-de-la-facon-la-plus-petee-qui-soit-sur-reddit\/\" target=\"_blank\" rel=\"noopener\"><strong>Madame Doubtfire<\/strong><\/a>.<\/p>\n<p>&#13;<\/p>\n<blockquote class=\"instagram-media\" data-instgrm-permalink=\"https:\/\/www.instagram.com\/p\/CBN4fHaoqG4\/?utm_source=ig_embed&amp;utm_campaign=loading\" data-instgrm-version=\"14\" style=\"background: #FFF; border: 0; border-radius: 3px; box-shadow: 0 0 1px 0 rgba(0,0,0,0.5),0 1px 10px 0 rgba(0,0,0,0.15); margin: 1px; max-width: 540px; min-width: 326px; padding: 0; width: calc(100% - 2px);\"><p>&#13;<br \/>\n&#13;\n<\/p><\/blockquote>\n<p>&#13;<br \/>\n&#13;<\/p>\n<p>Des <strong>morceaux \u00e9piques<\/strong> qui, encore des ann\u00e9es plus tard, continuent de <strong>nous faire frissonner d\u00e8s les premi\u00e8res notes,<\/strong> nous transportant instantan\u00e9ment <strong>au c\u0153ur de la Terre du Milieu,<\/strong> sous l&rsquo;\u0153il mena\u00e7ant de <strong>Sauron.<\/strong> Et d\u2019ici quelques semaines,<a href=\"https:\/\/www.lebonbon.fr\/paris\/actu\/central-chapelle-adidas-arena-food-court-paris\/\" target=\"_blank\" rel=\"noopener\"> <strong>l\u2019Adidas Arena<\/strong> <\/a>vous propose de red\u00e9couvrir le <strong>1er chapitre de cette qu\u00eate unique <\/strong>de mani\u00e8re totalement exceptionnelle\u00a0: un <strong>cin\u00e9-concert magique,<\/strong> disponible 4 soirs de suite.<\/p>\n<p>&#13;<br \/>\n<br \/>4 soir\u00e9es sous le signe de la magie&#13;<\/p>\n<p><strong>Du 5 au 8 mars 2026<\/strong>, la salle du Nord de la capitale vous invite donc \u00e0 red\u00e9couvrir cette<strong> <a href=\"https:\/\/www.lebonbon.fr\/paris\/loisirs\/film-culte-whiplash-debarque-cine-concert-a-paris-janvier-2026\/\" target=\"_blank\" rel=\"noopener\">\u0153uvre majeure du cin\u00e9ma<\/a><\/strong><a href=\"https:\/\/www.lebonbon.fr\/paris\/loisirs\/film-culte-whiplash-debarque-cine-concert-a-paris-janvier-2026\/\" target=\"_blank\" rel=\"noopener\"> <\/a>comme vous ne l\u2019avez jamais vue. Pour l&rsquo;occasion, le<strong> Yellow Socks Orchestra<\/strong>, compos\u00e9 de plus de <strong>85 musiciens<\/strong> et <strong>150 choristes,<\/strong> sera pr\u00e9sent sur la sc\u00e8ne de <strong>l\u2019Adidas Arena<\/strong> pour accompagner en live les<strong> pr\u00e8s de 3h du 1er volet de la trilogie<\/strong>, en parfaite synchronisation. Alors on fait le plein de <strong>Lambas,<\/strong> on attrape sa <strong>plus belle cape verte<\/strong>, et on se voit l\u00e0-bas\u00a0?<\/p>\n<p>&#13;<\/p>\n<blockquote class=\"instagram-media\" data-instgrm-permalink=\"https:\/\/www.instagram.com\/p\/ClBqFU4Nrbw\/?utm_source=ig_embed&amp;utm_campaign=loading\" data-instgrm-version=\"14\" style=\"background: #FFF; border: 0; border-radius: 3px; box-shadow: 0 0 1px 0 rgba(0,0,0,0.5),0 1px 10px 0 rgba(0,0,0,0.15); margin: 1px; max-width: 540px; min-width: 326px; padding: 0; width: calc(100% - 2px);\"><p>&#13;<br \/>\n&#13;\n<\/p><\/blockquote>\n<p>&#13;<br \/>\n&#13;<\/p>\n<p><strong>La Communaut\u00e9 de l\u2019Anneau<\/strong><br \/><strong>Cin\u00e9-Concert Seigneur des Anneaux <\/strong><br \/><strong>Adidas Arena <\/strong><br \/><strong>56, boulevard Ney \u2013 18e <\/strong><br \/><strong>Du 5 au 8 mars 2026 <\/strong><br \/><strong><a href=\"https:\/\/www.adidasarena.com\/programmation\/le-seigneur-des-anneaux--1042\" rel=\"nofollow noopener noreferrer\" target=\"_blank\">Plus d\u2019infos<\/a><\/strong><\/p>\n<p><script async src=\"\/\/www.instagram.com\/embed.js\"><\/script><\/p>\n","protected":false},"excerpt":{"rendered":"En d\u00e9cembre prochain, nous c\u00e9l\u00e9brerons les 25 ans de la sortie au cin\u00e9ma du premier volet de la&hellip;\n","protected":false},"author":2,"featured_media":654831,"comment_status":"","ping_status":"","sticky":false,"template":"","format":"standard","meta":{"footnotes":""},"categories":[1354],"tags":[58,59,1346,1011,27,1360],"class_list":{"0":"post-654830","1":"post","2":"type-post","3":"status-publish","4":"format-standard","5":"has-post-thumbnail","7":"category-films","8":"tag-divertissement","9":"tag-entertainment","10":"tag-films","11":"tag-fr","12":"tag-france","13":"tag-movies"},"share_on_mastodon":{"url":"https:\/\/pubeurope.com\/@fr\/115872993367659489","error":""},"_links":{"self":[{"href":"https:\/\/www.europesays.com\/fr\/wp-json\/wp\/v2\/posts\/654830","targetHints":{"allow":["GET"]}}],"collection":[{"href":"https:\/\/www.europesays.com\/fr\/wp-json\/wp\/v2\/posts"}],"about":[{"href":"https:\/\/www.europesays.com\/fr\/wp-json\/wp\/v2\/types\/post"}],"author":[{"embeddable":true,"href":"https:\/\/www.europesays.com\/fr\/wp-json\/wp\/v2\/users\/2"}],"replies":[{"embeddable":true,"href":"https:\/\/www.europesays.com\/fr\/wp-json\/wp\/v2\/comments?post=654830"}],"version-history":[{"count":0,"href":"https:\/\/www.europesays.com\/fr\/wp-json\/wp\/v2\/posts\/654830\/revisions"}],"wp:featuredmedia":[{"embeddable":true,"href":"https:\/\/www.europesays.com\/fr\/wp-json\/wp\/v2\/media\/654831"}],"wp:attachment":[{"href":"https:\/\/www.europesays.com\/fr\/wp-json\/wp\/v2\/media?parent=654830"}],"wp:term":[{"taxonomy":"category","embeddable":true,"href":"https:\/\/www.europesays.com\/fr\/wp-json\/wp\/v2\/categories?post=654830"},{"taxonomy":"post_tag","embeddable":true,"href":"https:\/\/www.europesays.com\/fr\/wp-json\/wp\/v2\/tags?post=654830"}],"curies":[{"name":"wp","href":"https:\/\/api.w.org\/{rel}","templated":true}]}}