{"id":654840,"date":"2026-01-10T21:49:18","date_gmt":"2026-01-10T21:49:18","guid":{"rendered":"https:\/\/www.europesays.com\/fr\/654840\/"},"modified":"2026-01-10T21:49:18","modified_gmt":"2026-01-10T21:49:18","slug":"en-2026-les-augmentations-salariales-misent-sur-le-merite-et-tournent-le-dos-aux-hausses-generales","status":"publish","type":"post","link":"https:\/\/www.europesays.com\/fr\/654840\/","title":{"rendered":"En 2026 les augmentations salariales misent sur le m\u00e9rite et tournent le dos aux hausses g\u00e9n\u00e9rales"},"content":{"rendered":"\n<p>Les directions RH annoncent un tournant, les budgets d\u2019augmentation se resserrent et se discutent ligne \u00e0 ligne. La <strong>r\u00e9mun\u00e9ration 2026<\/strong> se construit sur mesure, marquant la <strong>fin des hausses g\u00e9n\u00e9rales<\/strong> automatiques.<\/p>\n<p>Les augmentations ne servent plus seulement \u00e0 compenser la hausse des prix, elles deviennent un signal adress\u00e9 aux profils jug\u00e9s les plus d\u00e9terminants pour l\u2019activit\u00e9. Entre primes cibl\u00e9es, promotions acc\u00e9l\u00e9r\u00e9es et logiques d\u2019<strong>arbitrage salarial<\/strong>, les hausses s\u2019alignent sur un <strong>pilotage de la performance<\/strong> assum\u00e9, quitte \u00e0 accentuer les \u00e9carts internes.<\/p>\n<p>     Budgets en voie de normalisation en France et en Europe    <\/p>\n<p>L\u2019\u00e9tude Salary Budget Planning de WTW, publi\u00e9e le 8 janvier 2026 \u00e0 La D\u00e9fense, d\u00e9crit un ralentissement net des hausses de salaires en France et en Europe. Les <strong>pr\u00e9visions m\u00e9dianes 2026<\/strong> atteignent 3,1 % pour la France, un niveau \u00e0 peine inf\u00e9rieur \u00e0 la <strong>moyenne europ\u00e9enne<\/strong> de 3,2 % et au 3,4 % observ\u00e9 \u00e0 l\u2019\u00e9chelle mondiale.<\/p>\n<p>Pour les groupes dont le <strong>si\u00e8ge en France<\/strong> pilote les politiques de r\u00e9mun\u00e9ration, les budgets pr\u00e9vus reculent \u00e0 2 % en 2026, apr\u00e8s 2,2 % en 2025. Cette orientation illustre une forte <strong>prudence budg\u00e9taire<\/strong>, dans un environnement de croissance mod\u00e9r\u00e9e o\u00f9 chaque dixi\u00e8me de point consacr\u00e9 aux salaires fait l\u2019objet d\u2019arbitrages plus serr\u00e9s.<\/p>\n<p>        Fin des augmentations collectives : place au m\u00e9rite et aux promotions    <\/p>\n<p>Les r\u00e9sultats 2026 de WTW montrent que les hausses g\u00e9n\u00e9rales de salaire reculent nettement par rapport \u00e0 2025 dans les entreprises fran\u00e7aises. Seules 29 % d\u2019entre elles maintiennent une enveloppe automatique, contre 61 % un an plus t\u00f4t, tandis que 100 % conditionnent d\u00e9sormais les augmentations \u00e0 la <strong>performance individuelle<\/strong> ou \u00e0 la mobilit\u00e9.<\/p>\n<ul class=\"wp-block-list\">\n<li>Priorisation des hausses pour les salari\u00e9s \u00e0 forte contribution mesur\u00e9e.<\/li>\n<li>R\u00e9vision des salaires lors d\u2019\u00e9volutions de poste vers des responsabilit\u00e9s plus larges.<\/li>\n<li>Utilisation combin\u00e9e du variable et du fixe pour r\u00e9compenser les performances durables.<\/li>\n<\/ul>\n<p>Ce basculement renforce une logique de <strong>m\u00e9ritocratie salariale<\/strong>, o\u00f9 les hausses peuvent atteindre 4,9 % pour les salari\u00e9s les mieux not\u00e9s, bien au\u2011del\u00e0 des budgets moyens. Les directions utilisent aussi les <strong>promotions internes<\/strong> comme levier, en combinant changement de poste, nouvelle trajectoire de carri\u00e8re et revalorisation cibl\u00e9e pour les profils jug\u00e9s strat\u00e9giques.<\/p>\n<p>    Quels profils verront les hausses les plus marqu\u00e9es ?    <\/p>\n<p>Pour 2026, WTW observe des \u00e9carts sectoriels limit\u00e9s, avec 3,2 % d\u2019augmentation m\u00e9diane dans l\u2019\u00e9nergie, la pharmacie, la chimie, l\u2019industrie et la technologie, contre 3 % dans la banque, la distribution\u2011luxe et les transports. Les enveloppes sont avant tout orient\u00e9es vers les <strong>m\u00e9tiers en tension<\/strong>, o\u00f9 le d\u00e9part d\u2019un collaborateur peut fragiliser un projet ou retarder des livraisons cl\u00e9s.<\/p>\n<ul class=\"wp-block-list\">\n<li>Experts data, cloud ou automatisation indispensables aux projets num\u00e9riques.<\/li>\n<li>Ing\u00e9nieurs de production et de maintenance difficiles \u00e0 recruter localement.<\/li>\n<li>Profils commerciaux disposant d\u2019un portefeuille strat\u00e9gique \u00e0 pr\u00e9server.<\/li>\n<li>Managers de proximit\u00e9 capables de stabiliser des \u00e9quipes rares.<\/li>\n<\/ul>\n<p>Au\u2011del\u00e0 du secteur, les directions ciblent les <strong>talents cl\u00e9s<\/strong> poss\u00e9dant des expertises rares, en particulier sur les sujets de <strong>IA et cybers\u00e9curit\u00e9<\/strong> qui conditionnent la r\u00e9ussite des programmes de transformation. Les hausses les plus \u00e9lev\u00e9es, proches de 4,9 %, servent ainsi \u00e0 s\u00e9curiser les profils dot\u00e9s de <strong>comp\u00e9tences critiques<\/strong> pour la production, la maintenance ou la gestion des donn\u00e9es.<\/p>\n<p>    \u00c9quit\u00e9 interne et transparence salariale en progression    <\/p>\n<p>Entre le 16 septembre et le 7 novembre 2025, WTW a interrog\u00e9 des employeurs europ\u00e9ens sur leurs priorit\u00e9s 2026 concernant les corrections internes. 46 % pr\u00e9voient de r\u00e9server une partie du budget aux <strong>ajustements d\u2019\u00e9quit\u00e9<\/strong>, contre 40 % l\u2019ann\u00e9e pr\u00e9c\u00e9dente, afin de r\u00e9duire les \u00e9carts non justifi\u00e9s entre salari\u00e9s comparables.<\/p>\n<p>Ces d\u00e9marches visent l\u2019<strong>\u00e9quit\u00e9 salariale<\/strong>, mais pr\u00e9parent aussi l\u2019arriv\u00e9e de la future <strong>directive europ\u00e9enne 2026<\/strong> sur la <strong>transparence des r\u00e9mun\u00e9rations<\/strong>, attendue pour juin 2026. Les directions RH passent au crible leurs grilles de salaires, documentent davantage les d\u00e9cisions et s\u2019\u00e9quipent d\u2019outils d\u2019analyse pour objectiver les \u00e9carts.<\/p>\n<p>    Communication aux \u00e9quipes et coh\u00e9rence des d\u00e9cisions en 2026    <\/p>\n<p>Avec des augmentations plus cibl\u00e9es, la fa\u00e7on d\u2019expliquer les choix devient d\u00e9cisive pour les directions, comme le souligne Khalil Ait\u2011Mouloud chez WTW. La <strong>communication salariale<\/strong> doit articuler budgets globaux, crit\u00e8res d\u2019\u00e9valuation et \u00e9carts entre \u00e9quipes, afin de donner de la lisibilit\u00e9 aux d\u00e9cisions prises pour 2026.<\/p>\n<p>Pour limiter les frustrations, les entreprises renforcent la <strong>p\u00e9dagogie interne<\/strong>, en expliquant les liens entre performance, potentiel, mobilit\u00e9 et niveau de revalorisation. L\u2019<strong>acceptabilit\u00e9 des \u00e9carts<\/strong> d\u00e9pend alors de la <strong>coh\u00e9rence des d\u00e9cisions<\/strong> entre services, sites et filiales, ainsi que de la constance du discours port\u00e9 par les managers de proximit\u00e9.<\/p>\n","protected":false},"excerpt":{"rendered":"Les directions RH annoncent un tournant, les budgets d\u2019augmentation se resserrent et se discutent ligne \u00e0 ligne. La&hellip;\n","protected":false},"author":2,"featured_media":654841,"comment_status":"","ping_status":"","sticky":false,"template":"","format":"standard","meta":{"footnotes":""},"categories":[6],"tags":[35,33,34,1011,27],"class_list":{"0":"post-654840","1":"post","2":"type-post","3":"status-publish","4":"format-standard","5":"has-post-thumbnail","7":"category-economie","8":"tag-business","9":"tag-economie","10":"tag-economy","11":"tag-fr","12":"tag-france"},"share_on_mastodon":{"url":"https:\/\/pubeurope.com\/@fr\/115873013010783340","error":""},"_links":{"self":[{"href":"https:\/\/www.europesays.com\/fr\/wp-json\/wp\/v2\/posts\/654840","targetHints":{"allow":["GET"]}}],"collection":[{"href":"https:\/\/www.europesays.com\/fr\/wp-json\/wp\/v2\/posts"}],"about":[{"href":"https:\/\/www.europesays.com\/fr\/wp-json\/wp\/v2\/types\/post"}],"author":[{"embeddable":true,"href":"https:\/\/www.europesays.com\/fr\/wp-json\/wp\/v2\/users\/2"}],"replies":[{"embeddable":true,"href":"https:\/\/www.europesays.com\/fr\/wp-json\/wp\/v2\/comments?post=654840"}],"version-history":[{"count":0,"href":"https:\/\/www.europesays.com\/fr\/wp-json\/wp\/v2\/posts\/654840\/revisions"}],"wp:featuredmedia":[{"embeddable":true,"href":"https:\/\/www.europesays.com\/fr\/wp-json\/wp\/v2\/media\/654841"}],"wp:attachment":[{"href":"https:\/\/www.europesays.com\/fr\/wp-json\/wp\/v2\/media?parent=654840"}],"wp:term":[{"taxonomy":"category","embeddable":true,"href":"https:\/\/www.europesays.com\/fr\/wp-json\/wp\/v2\/categories?post=654840"},{"taxonomy":"post_tag","embeddable":true,"href":"https:\/\/www.europesays.com\/fr\/wp-json\/wp\/v2\/tags?post=654840"}],"curies":[{"name":"wp","href":"https:\/\/api.w.org\/{rel}","templated":true}]}}