{"id":654842,"date":"2026-01-10T21:50:11","date_gmt":"2026-01-10T21:50:11","guid":{"rendered":"https:\/\/www.europesays.com\/fr\/654842\/"},"modified":"2026-01-10T21:50:11","modified_gmt":"2026-01-10T21:50:11","slug":"washington-appelle-damas-et-les-kurdes-au-dialogue-apres-des-combats-meurtriers-en-syrie-actualites","status":"publish","type":"post","link":"https:\/\/www.europesays.com\/fr\/654842\/","title":{"rendered":"Washington appelle Damas et les Kurdes au dialogue apr\u00e8s des combats meurtriers en Syrie : Actualit\u00e9s"},"content":{"rendered":"<p class=\"lead \">Les Etats-Unis ont appel\u00e9 samedi le gouvernement syrien et les forces kurdes \u00e0 renouer le dialogue, apr\u00e8s plusieurs jours de combats meurtriers \u00e0 Alep qui ont pouss\u00e9 sur la route des dizaines de milliers de personnes.<\/p>\n<p class=\"lead \">La situation dans la deuxi\u00e8me ville de Syrie est confuse, les deux camps encha\u00eenant les d\u00e9clarations contradictoires.<\/p>\n<p class=\"lead \">Les autorit\u00e9s ont annonc\u00e9 la reddition des combattants kurdes retranch\u00e9s dans un quartier d&rsquo;Alep, dans le nord du pays, et leur \u00e9vacuation vers la zone autonome kurde dans le nord-est. Des all\u00e9gations \u00ab\u00a0totalement fausses\u00a0\u00bb, selon les forces kurdes.<\/p>\n<p class=\"lead \">Depuis Damas, l&rsquo;\u00e9missaire am\u00e9ricain Tom Barrack a lanc\u00e9 un appel \u00e0 la \u00ab\u00a0retenue\u00a0\u00bb et \u00e0 la fin des des hostilit\u00e9s apr\u00e8s avoir rencontr\u00e9 le pr\u00e9sident Ahmad al-Chareh.<\/p>\n<p class=\"lead \">Les affrontements, les plus violents \u00e0 Alep depuis la chute de Bachar al-Assad en d\u00e9cembre 2024, ont tu\u00e9 au moins 21 civils depuis mardi, et provoqu\u00e9 le d\u00e9placement d&rsquo;environ 155.000 personnes, selon les chiffres officiels.<\/p>\n<p class=\"lead \">Ils fragilisent encore plus un accord conclu en mars entre les deux parties pour int\u00e9grer les institutions civiles et militaires de l&rsquo;administration autonome kurde au sein de l&rsquo;Etat, qui n&rsquo;a pas encore \u00e9t\u00e9 appliqu\u00e9.<\/p>\n<p class=\"lead \">&#8211; Escorte des forces de s\u00e9curit\u00e9 &#8211;<\/p>\n<p class=\"lead \"> Apr\u00e8s avoir d\u00e9j\u00e0 pris le contr\u00f4le d&rsquo;Achrafieh, l&rsquo;autre quartier tenu par les Kurdes, l&rsquo;arm\u00e9e syrienne a annonc\u00e9 samedi la fin de ses op\u00e9rations \u00e0 Cheikh Maqsoud. <\/p>\n<p class=\"lead \">Des combattants kurdes, \u00ab\u00a0qui ont annonc\u00e9 se rendre, ont \u00e9t\u00e9 transf\u00e9r\u00e9s par car, sous la supervision du minist\u00e8re de l&rsquo;Int\u00e9rieur\u00a0\u00bb, vers la zone autonome kurde, selon la t\u00e9l\u00e9vision d&rsquo;Etat.<\/p>\n<p class=\"lead \">Un correspondant de l&rsquo;AFP post\u00e9 \u00e0 l&rsquo;entr\u00e9e du quartier Cheikh Maqsoud a vu au moins cinq cars transporter des hommes, escort\u00e9s par les forces de s\u00e9curit\u00e9.<\/p>\n<p class=\"lead \">Mais les Forces d\u00e9mocratiques syriennes (FDS), dirig\u00e9es par les Kurdes, ont livr\u00e9 une tout autre version, parlant de \u00ab\u00a0civils d\u00e9plac\u00e9s de force\u00a0\u00bb, ou \u00ab\u00a0de civils enlev\u00e9s et transf\u00e9r\u00e9s vers un lieu inconnu\u00a0\u00bb.<\/p>\n<p class=\"lead \">Prises au pi\u00e8ge pendant des jours, des familles hagardes ont enfin pu quitter le lieu des combats, a constat\u00e9 le journaliste de l&rsquo;AFP.<\/p>\n<p class=\"lead \">Des hommes portent leurs enfants sur le dos, des femmes et des enfants pleurent. \u00ab\u00a0Papa, papa\u00a0\u00bb, r\u00e9p\u00e8te une petite fille cherchant son p\u00e8re. <\/p>\n<p class=\"lead \">Mais plusieurs dizaines de jeunes gens sont mis \u00e0 l&rsquo;\u00e9cart par les forces de s\u00e9curit\u00e9, qui les forcent \u00e0 s&rsquo;asseoir par terre, t\u00eate baiss\u00e9e, sous leur garde, avant de les embarquer dans des cars, selon le correspondant.<\/p>\n<p class=\"lead \">Ces jeunes hommes sont des \u00ab\u00a0combattants\u00a0\u00bb en cours de \u00ab\u00a0transfert vers des centres de d\u00e9tention\u00a0\u00bb, a affirm\u00e9 \u00e0 l&rsquo;AFP une source s\u00e9curitaire syrienne ayant requis l&rsquo;anonymat. <\/p>\n<p class=\"lead \">&#8211; \u00ab\u00a0Faire sortir mes enfants\u00a0\u00bb &#8211;<\/p>\n<p class=\"lead \">Les combats avaient d\u00e9but\u00e9 mardi \u00e0 Alep o\u00f9 les deux camps s&rsquo;accusaient mutuellement d&rsquo;en \u00eatre \u00e0 l&rsquo;origine.<\/p>\n<p class=\"lead \">Le gouvernement syrien, qui se dit d\u00e9termin\u00e9 \u00e0 asseoir son autorit\u00e9 sur l&rsquo;ensemble d&rsquo;Alep, avait appel\u00e9 vendredi les forces kurdes \u00e0 quitter la ville.<\/p>\n<p class=\"lead \">Mais les combattants retranch\u00e9s \u00e0 Cheikh Maqsoud avaient alors refus\u00e9 toute reddition. <\/p>\n<p class=\"lead \">Les FDS, qui ont \u00e9t\u00e9 le fer de lance de la lutte contre les jihadistes du groupe Etat islamique en Syrie, sont soutenues par Washington qui appuie \u00e9galement Ahmad al-Chareh.<\/p>\n<p class=\"lead \">Les combats ont fait craindre une escalade r\u00e9gionale, la Turquie voisine se disant pr\u00eate \u00e0 intervenir aux c\u00f4t\u00e9s des autorit\u00e9s syriennes et Isra\u00ebl prenant la d\u00e9fense des Kurdes.<\/p>\n<p class=\"lead \">Depuis la chute de Bachar al-Assad, le pouvoir islamiste s&rsquo;est engag\u00e9 \u00e0 prot\u00e9ger les minorit\u00e9s. Mais les combats d&rsquo;Alep sont le troisi\u00e8me \u00e9pisode de violences avec des minorit\u00e9s, apr\u00e8s des massacres d&rsquo;alaouites sur la c\u00f4te en mars et des combats avec les druzes dans le sud en juillet.<\/p>\n<p class=\"lead \">Les Kurdes, qui ont tir\u00e9 profit du chaos de la guerre civile (2011-2024) pour s&#8217;emparer de vastes territoires du nord et du nord-est de la Syrie, y compris des champs p\u00e9troliers et gaziers, r\u00e9clament notamment un syst\u00e8me de gouvernance d\u00e9centralis\u00e9, ce que rejette Damas.<\/p>\n<p class=\"small font-weight-bold text-gray3 \"> publi\u00e9 le 10 janvier \u00e0 21h25, AFP<\/p>\n<p>                             Partager<\/p>\n","protected":false},"excerpt":{"rendered":"Les Etats-Unis ont appel\u00e9 samedi le gouvernement syrien et les forces kurdes \u00e0 renouer le dialogue, apr\u00e8s plusieurs&hellip;\n","protected":false},"author":2,"featured_media":654843,"comment_status":"","ping_status":"","sticky":false,"template":"","format":"standard","meta":{"footnotes":""},"categories":[5],"tags":[11,2120,1011,27,14,3819,38913,75766,12,32,3496,28],"class_list":{"0":"post-654842","1":"post","2":"type-post","3":"status-publish","4":"format-standard","5":"has-post-thumbnail","7":"category-international","8":"tag-actualites","9":"tag-conflit","10":"tag-fr","11":"tag-france","12":"tag-international","13":"tag-isral","14":"tag-kurdes","15":"tag-minorits","16":"tag-news","17":"tag-syrie","18":"tag-turquie","19":"tag-world"},"share_on_mastodon":{"url":"https:\/\/pubeurope.com\/@fr\/115873016969026275","error":""},"_links":{"self":[{"href":"https:\/\/www.europesays.com\/fr\/wp-json\/wp\/v2\/posts\/654842","targetHints":{"allow":["GET"]}}],"collection":[{"href":"https:\/\/www.europesays.com\/fr\/wp-json\/wp\/v2\/posts"}],"about":[{"href":"https:\/\/www.europesays.com\/fr\/wp-json\/wp\/v2\/types\/post"}],"author":[{"embeddable":true,"href":"https:\/\/www.europesays.com\/fr\/wp-json\/wp\/v2\/users\/2"}],"replies":[{"embeddable":true,"href":"https:\/\/www.europesays.com\/fr\/wp-json\/wp\/v2\/comments?post=654842"}],"version-history":[{"count":0,"href":"https:\/\/www.europesays.com\/fr\/wp-json\/wp\/v2\/posts\/654842\/revisions"}],"wp:featuredmedia":[{"embeddable":true,"href":"https:\/\/www.europesays.com\/fr\/wp-json\/wp\/v2\/media\/654843"}],"wp:attachment":[{"href":"https:\/\/www.europesays.com\/fr\/wp-json\/wp\/v2\/media?parent=654842"}],"wp:term":[{"taxonomy":"category","embeddable":true,"href":"https:\/\/www.europesays.com\/fr\/wp-json\/wp\/v2\/categories?post=654842"},{"taxonomy":"post_tag","embeddable":true,"href":"https:\/\/www.europesays.com\/fr\/wp-json\/wp\/v2\/tags?post=654842"}],"curies":[{"name":"wp","href":"https:\/\/api.w.org\/{rel}","templated":true}]}}