{"id":654857,"date":"2026-01-10T21:59:25","date_gmt":"2026-01-10T21:59:25","guid":{"rendered":"https:\/\/www.europesays.com\/fr\/654857\/"},"modified":"2026-01-10T21:59:25","modified_gmt":"2026-01-10T21:59:25","slug":"ces-marques-sappretent-a-fermer-boutique-a-odysseum-montpellier","status":"publish","type":"post","link":"https:\/\/www.europesays.com\/fr\/654857\/","title":{"rendered":"Ces marques s&rsquo;appr\u00eatent \u00e0 fermer boutique \u00e0 Odysseum Montpellier"},"content":{"rendered":"<p>                    Par<br \/>\n        <strong><br \/>\n            <a href=\"https:\/\/actu.fr\/auteur\/metropoop\" title=\"Consulter tous les articles de R\u00e9daction M\u00e9tropolitain\" target=\"_blank\" rel=\"noopener\">R\u00e9daction M\u00e9tropolitain<\/a><br \/>\n                    <\/strong><\/p>\n<p>        Publi\u00e9 le<\/p>\n<p>            9 janv. 2026 \u00e0 11h49<br \/>\n        ; mis \u00e0 jour le 9 janv. 2026 \u00e0 11h51    <\/p>\n<p>En ce d\u00e9but d\u2019ann\u00e9e, le centre commercial <strong>Odysseum<\/strong> \u00e0 <strong>Montpellier<\/strong> s\u2019appr\u00eate \u00e0 dire au-revoir \u00e0 trois boutiques. Et pas des moindres. Serge Blanco, Superdry et Le Tanneur ont en effet annonc\u00e9 leur fermeture prochaine.<\/p>\n<p>Difficult\u00e9s financi\u00e8res<\/p>\n<p class=\" wall-content\">Pour la marque britannique, apr\u00e8s une longue p\u00e9riode de liquidation totale d\u00e9but\u00e9e en novembre, le rideau sera d\u00e9finitivement baiss\u00e9 \u00e0 partir du 17 janvier. En cause, un plan d\u2019\u00e9conomies de 45 millions d\u2019euros, annonc\u00e9 d\u00e8s janvier 2024 par la marque.<\/p>\n<p class=\" wall-content\">Il y a une semaine, c\u2019est la marque du rugbyman fran\u00e7ais qui annon\u00e7ait la fin de l\u2019aventure montpelli\u00e9raine sur ses r\u00e9seaux sociaux.\u00a0<\/p>\n<p class=\" wall-content\"><a href=\"https:\/\/www.instagram.com\/p\/DTAU6YqDLuM\/embed\" title=\"Ouvrir le lien sur Instagram\" target=\"_blank\" rel=\"noopener\">Visualiser le contenu sur Instagram<\/a><\/p>\n<p class=\" wall-content\">Des fins de s\u00e9ries sont d\u2019ailleurs sold\u00e9s \u00e0 -60% jusqu\u2019au 31 janvier, date de la fermeture d\u00e9finitive de la boutique.\u00a0<\/p>\n<p class=\" wall-content\">Mais la premi\u00e8re de ces trois boutiques a pli\u00e9 les gaules sera Le Tanneur, qui annonce la fin de ses activit\u00e9s d\u00e8s ce samedi 10 janvier. Un sacr\u00e9 symbole puisque la marque de maroquinerie fran\u00e7aise \u00e9tait pr\u00e9sente \u00e0 Montpellier depuis le tout d\u00e9but de l\u2019aventure Odysseum en 2009. La boutique du centre-ville, situ\u00e9e 24 Grand rue Jean Moulin, reste quant \u00e0 elle ouverte.\u00a0<\/p>\n<p class=\" wall-content\">Personnalisez votre actualit\u00e9 en ajoutant vos villes et m\u00e9dias en favori avec <a href=\"https:\/\/moncompte.actu.fr\" title=\"D\u00e9couvez Mon Actu\" rel=\"nofollow noopener\" data-trk=\"{&quot;cta&quot;:{&quot;action&quot;:&quot;https:\\\/\\\/moncompte.actu.fr&quot;,&quot;category&quot;:&quot;mon compte&quot;,&quot;from&quot;:&quot;article footer&quot;,&quot;name&quot;:&quot;Mon actu&quot;,&quot;type&quot;:&quot;cta&quot;}}\" target=\"_blank\">Mon Actu<\/a>.<\/p>\n<p>                    <script async src=\"\/\/www.instagram.com\/embed.js\"><\/script><\/p>\n","protected":false},"excerpt":{"rendered":"Par R\u00e9daction M\u00e9tropolitain Publi\u00e9 le 9 janv. 2026 \u00e0 11h49 ; mis \u00e0 jour le 9 janv. 2026&hellip;\n","protected":false},"author":2,"featured_media":654858,"comment_status":"","ping_status":"","sticky":false,"template":"","format":"standard","meta":{"footnotes":""},"categories":[9599],"tags":[1111,11,1777,674,1011,27,2208,12,2680,25,104],"class_list":{"0":"post-654857","1":"post","2":"type-post","3":"status-publish","4":"format-standard","5":"has-post-thumbnail","7":"category-montpellier","8":"tag-actu","9":"tag-actualites","10":"tag-eu","11":"tag-europe","12":"tag-fr","13":"tag-france","14":"tag-montpellier","15":"tag-news","16":"tag-occitanie","17":"tag-republique-francaise","18":"tag-societe"},"share_on_mastodon":{"url":"https:\/\/pubeurope.com\/@fr\/115873052394908566","error":""},"_links":{"self":[{"href":"https:\/\/www.europesays.com\/fr\/wp-json\/wp\/v2\/posts\/654857","targetHints":{"allow":["GET"]}}],"collection":[{"href":"https:\/\/www.europesays.com\/fr\/wp-json\/wp\/v2\/posts"}],"about":[{"href":"https:\/\/www.europesays.com\/fr\/wp-json\/wp\/v2\/types\/post"}],"author":[{"embeddable":true,"href":"https:\/\/www.europesays.com\/fr\/wp-json\/wp\/v2\/users\/2"}],"replies":[{"embeddable":true,"href":"https:\/\/www.europesays.com\/fr\/wp-json\/wp\/v2\/comments?post=654857"}],"version-history":[{"count":0,"href":"https:\/\/www.europesays.com\/fr\/wp-json\/wp\/v2\/posts\/654857\/revisions"}],"wp:featuredmedia":[{"embeddable":true,"href":"https:\/\/www.europesays.com\/fr\/wp-json\/wp\/v2\/media\/654858"}],"wp:attachment":[{"href":"https:\/\/www.europesays.com\/fr\/wp-json\/wp\/v2\/media?parent=654857"}],"wp:term":[{"taxonomy":"category","embeddable":true,"href":"https:\/\/www.europesays.com\/fr\/wp-json\/wp\/v2\/categories?post=654857"},{"taxonomy":"post_tag","embeddable":true,"href":"https:\/\/www.europesays.com\/fr\/wp-json\/wp\/v2\/tags?post=654857"}],"curies":[{"name":"wp","href":"https:\/\/api.w.org\/{rel}","templated":true}]}}