{"id":654863,"date":"2026-01-10T22:07:48","date_gmt":"2026-01-10T22:07:48","guid":{"rendered":"https:\/\/www.europesays.com\/fr\/654863\/"},"modified":"2026-01-10T22:07:48","modified_gmt":"2026-01-10T22:07:48","slug":"hockey-sur-glace-le-gardien-des-ducs-dangers-rechute-et-doit-a-nouveau-se-mettre-a-larret","status":"publish","type":"post","link":"https:\/\/www.europesays.com\/fr\/654863\/","title":{"rendered":"Hockey sur glace. Le gardien des Ducs d\u2019Angers rechute et doit \u00e0 nouveau se mettre \u00e0 l\u2019arr\u00eat"},"content":{"rendered":"<tr wp_automatic_readability=\"5.8909090909091\">\n<td valign=\"middle\" align=\"center\" class=\"col-logo\" wp_automatic_readability=\"5\">\n    <img decoding=\"async\" src=\"https:\/\/maville.com\/design\/images\/logo-of-monetise.svg?version=20130627\" alt=\"logo Ouest-France\" height=\"66\"\/><\/p>\n<p>Contenu r\u00e9serv\u00e9 aux abonn\u00e9s<\/p>\n<\/td>\n<td class=\"col-titre\">\n\t\t\tVendredi 09 janvier 2026 19:30<br \/>\n\t\t\t<a class=\"icon-bulle sizeL count\" href=\"#ancreAvis\"><br \/>\n\t&#8230;<br \/>\n<\/a><\/td>\n<\/tr>\n<p>\t\t<a class=\"mavillebox2 elmt-photo\" href=\"https:\/\/maville.com\/photosmvi\/2026\/01\/09\/P35680769D7138049G.jpg\" title=\" Matt O\u2019Connor n\u2019a pas pu reprendre sa place dans les buts angevins.  \u00a9  S\u00e9bastien Aubinaud  \" rel=\"galerie_actu noopener\" target=\"_blank\"><br \/>\n\t<img decoding=\"async\" src=\"https:\/\/www.europesays.com\/fr\/wp-content\/uploads\/2026\/01\/P35680769D7138049G_crop_640-330_.jpg\" alt=\"photo  matt o\u2019connor n\u2019a pas pu reprendre sa place dans les buts angevins.  \u00a9  s\u00e9bastien aubinaud \"\/><br \/>\n\t1<br \/>\n<\/a><\/p>\n<p class=\"elmt-legende\"> Matt O\u2019Connor n\u2019a pas pu reprendre sa place dans les buts angevins.  \u00a9  S\u00e9bastien Aubinaud  <\/p>\n<p>\t\tMauvaise nouvelle pour les Ducs d\u2019Angers ce vendredi 9\u00a0janvier. Alors que leur gardien Matt O\u2019Connor devait reprendre la comp\u00e9tition 40\u00a0jours apr\u00e8s son agression\u00a0lors du match de Ligue Magnus \u00e0 Grenoble, il a \u00e9t\u00e9 contraint de d\u00e9clarer forfait en raison de la r\u00e9apparition des sympt\u00f4mes de sa commotion. Une incertitude p\u00e8se d\u00e9sormais sur sa pr\u00e9sence dimanche \u00e0 Anglet pour un autre match de championnat. Et, surtout, sur la finale de la Continental Cup, la semaine prochaine.<\/p>\n<p><b>Cet article est r\u00e9serv\u00e9 aux abonn\u00e9s<\/b><\/p>\n<p>Pour un acc\u00e8s imm\u00e9diat, abonnez-vous<\/p>\n<p><b>1\u00e8re semaine offerte<\/b><\/p>\n<p>\t\t Rapha\u00ebl BONAMY. \u00a0\u00a0<br \/>\n\t\tOuest-France<\/p>\n<p>Retrouvez d&rsquo;autres actus sur les communes de :<\/p>\n<p>\t\t&#13;<\/p>\n","protected":false},"excerpt":{"rendered":"Contenu r\u00e9serv\u00e9 aux abonn\u00e9s Vendredi 09 janvier 2026 19:30 &#8230; 1 Matt O\u2019Connor n\u2019a pas pu reprendre sa&hellip;\n","protected":false},"author":2,"featured_media":654864,"comment_status":"","ping_status":"","sticky":false,"template":"","format":"standard","meta":{"footnotes":""},"categories":[9566],"tags":[1111,11,2430,3809,1465,2192,1777,674,63,1011,27,2731,1792,1922,12,25,479,517,1470],"class_list":{"0":"post-654863","1":"post","2":"type-post","3":"status-publish","4":"format-standard","5":"has-post-thumbnail","7":"category-grenoble","8":"tag-actu","9":"tag-actualites","10":"tag-auvergne-rhone-alpes","11":"tag-ball","12":"tag-basket","13":"tag-cholet","14":"tag-eu","15":"tag-europe","16":"tag-football","17":"tag-fr","18":"tag-france","19":"tag-grenoble","20":"tag-handball","21":"tag-info","22":"tag-news","23":"tag-republique-francaise","24":"tag-rugby","25":"tag-sport","26":"tag-volley"},"share_on_mastodon":{"url":"https:\/\/pubeurope.com\/@fr\/115873087726682013","error":""},"_links":{"self":[{"href":"https:\/\/www.europesays.com\/fr\/wp-json\/wp\/v2\/posts\/654863","targetHints":{"allow":["GET"]}}],"collection":[{"href":"https:\/\/www.europesays.com\/fr\/wp-json\/wp\/v2\/posts"}],"about":[{"href":"https:\/\/www.europesays.com\/fr\/wp-json\/wp\/v2\/types\/post"}],"author":[{"embeddable":true,"href":"https:\/\/www.europesays.com\/fr\/wp-json\/wp\/v2\/users\/2"}],"replies":[{"embeddable":true,"href":"https:\/\/www.europesays.com\/fr\/wp-json\/wp\/v2\/comments?post=654863"}],"version-history":[{"count":0,"href":"https:\/\/www.europesays.com\/fr\/wp-json\/wp\/v2\/posts\/654863\/revisions"}],"wp:featuredmedia":[{"embeddable":true,"href":"https:\/\/www.europesays.com\/fr\/wp-json\/wp\/v2\/media\/654864"}],"wp:attachment":[{"href":"https:\/\/www.europesays.com\/fr\/wp-json\/wp\/v2\/media?parent=654863"}],"wp:term":[{"taxonomy":"category","embeddable":true,"href":"https:\/\/www.europesays.com\/fr\/wp-json\/wp\/v2\/categories?post=654863"},{"taxonomy":"post_tag","embeddable":true,"href":"https:\/\/www.europesays.com\/fr\/wp-json\/wp\/v2\/tags?post=654863"}],"curies":[{"name":"wp","href":"https:\/\/api.w.org\/{rel}","templated":true}]}}