{"id":654873,"date":"2026-01-10T22:14:53","date_gmt":"2026-01-10T22:14:53","guid":{"rendered":"https:\/\/www.europesays.com\/fr\/654873\/"},"modified":"2026-01-10T22:14:53","modified_gmt":"2026-01-10T22:14:53","slug":"des-tracteurs-devant-la-prefecture-a-nantes","status":"publish","type":"post","link":"https:\/\/www.europesays.com\/fr\/654873\/","title":{"rendered":"des tracteurs devant la pr\u00e9fecture \u00e0 Nantes"},"content":{"rendered":"<p>                    Par<br \/>\n        <strong><br \/>\n            <a href=\"https:\/\/actu.fr\/auteur\/laure-gentil\" title=\"Consulter tous les articles de Laure Gentil\" target=\"_blank\" rel=\"noopener\">Laure Gentil<\/a><br \/>\n                    <\/strong><\/p>\n<p>        Publi\u00e9 le<\/p>\n<p>            8 janv. 2026 \u00e0 15h29        <\/p>\n<p>Ce jeudi 8 janvier 2026, une centaine d\u2019agriculteurs manifestent \u00e0 Paris \u00e0 l\u2019appel de la Coordination Rurale. Ils protestent, notamment, contre la gestion de l\u2019\u00e9pid\u00e9mie de <b><a href=\"https:\/\/actu.fr\/pays-de-la-loire\/nantes_44109\/dermatose-nodulaire-a-nantes-les-agriculteurs-en-colere-manifestent_63577243.html\" target=\"_blank\" rel=\"noopener\">dermatose nodulaire bovine<\/a> <\/b>(DNB) et<b> l\u2019accord de libre-\u00e9change entre l\u2019UE et les pays du Mercosur.<\/b> \u00c0 <a href=\"https:\/\/actu.fr\/nantes\" target=\"_blank\" rel=\"noopener\"><b>Nantes<\/b><\/a>, les agriculteurs se sont donn\u00e9 rendez-vous devant la pr\u00e9fecture \u00e0 13 h.\u00a0<\/p>\n<p>Rencontre avec le pr\u00e9fet<\/p>\n<p class=\" wall-content\">Les agriculteurs de la Coordination rurale doivent rencontrer le pr\u00e9fet. Selon la police nationale de Loire-Atlantique, des <b>d\u00e9viations <\/b>ont d\u00fb \u00eatre mises en place aux abords de la pr\u00e9fecture pour permettre \u00ab\u00a0le rassemblement des agriculteurs en toute s\u00e9curit\u00e9\u00a0\u00bb. Plusieurs <b>tracteurs <\/b>sont gar\u00e9s quai Ceineray, pr\u00e8s de la place du Pont-Morand.\u00a0<\/p>\n<p class=\" wall-content\">Personnalisez votre actualit\u00e9 en ajoutant vos villes et m\u00e9dias en favori avec <a href=\"https:\/\/moncompte.actu.fr\" title=\"D\u00e9couvez Mon Actu\" rel=\"nofollow noopener\" data-trk=\"{&quot;cta&quot;:{&quot;action&quot;:&quot;https:\\\/\\\/moncompte.actu.fr&quot;,&quot;category&quot;:&quot;mon compte&quot;,&quot;from&quot;:&quot;article footer&quot;,&quot;name&quot;:&quot;Mon actu&quot;,&quot;type&quot;:&quot;cta&quot;}}\" target=\"_blank\">Mon Actu<\/a>.<\/p>\n","protected":false},"excerpt":{"rendered":"Par Laure Gentil Publi\u00e9 le 8 janv. 2026 \u00e0 15h29 Ce jeudi 8 janvier 2026, une centaine d\u2019agriculteurs&hellip;\n","protected":false},"author":2,"featured_media":654874,"comment_status":"","ping_status":"","sticky":false,"template":"","format":"standard","meta":{"footnotes":""},"categories":[2818],"tags":[1111,11,327,26141,1777,674,1011,27,1272,766,12,2636,25,104],"class_list":{"0":"post-654873","1":"post","2":"type-post","3":"status-publish","4":"format-standard","5":"has-post-thumbnail","7":"category-nantes","8":"tag-actu","9":"tag-actualites","10":"tag-agriculture","11":"tag-coordination-rurale","12":"tag-eu","13":"tag-europe","14":"tag-fr","15":"tag-france","16":"tag-manifestations","17":"tag-nantes","18":"tag-news","19":"tag-pays-de-la-loire","20":"tag-republique-francaise","21":"tag-societe"},"share_on_mastodon":{"url":"https:\/\/pubeurope.com\/@fr\/115873115215819901","error":""},"_links":{"self":[{"href":"https:\/\/www.europesays.com\/fr\/wp-json\/wp\/v2\/posts\/654873","targetHints":{"allow":["GET"]}}],"collection":[{"href":"https:\/\/www.europesays.com\/fr\/wp-json\/wp\/v2\/posts"}],"about":[{"href":"https:\/\/www.europesays.com\/fr\/wp-json\/wp\/v2\/types\/post"}],"author":[{"embeddable":true,"href":"https:\/\/www.europesays.com\/fr\/wp-json\/wp\/v2\/users\/2"}],"replies":[{"embeddable":true,"href":"https:\/\/www.europesays.com\/fr\/wp-json\/wp\/v2\/comments?post=654873"}],"version-history":[{"count":0,"href":"https:\/\/www.europesays.com\/fr\/wp-json\/wp\/v2\/posts\/654873\/revisions"}],"wp:featuredmedia":[{"embeddable":true,"href":"https:\/\/www.europesays.com\/fr\/wp-json\/wp\/v2\/media\/654874"}],"wp:attachment":[{"href":"https:\/\/www.europesays.com\/fr\/wp-json\/wp\/v2\/media?parent=654873"}],"wp:term":[{"taxonomy":"category","embeddable":true,"href":"https:\/\/www.europesays.com\/fr\/wp-json\/wp\/v2\/categories?post=654873"},{"taxonomy":"post_tag","embeddable":true,"href":"https:\/\/www.europesays.com\/fr\/wp-json\/wp\/v2\/tags?post=654873"}],"curies":[{"name":"wp","href":"https:\/\/api.w.org\/{rel}","templated":true}]}}