{"id":654886,"date":"2026-01-10T22:23:12","date_gmt":"2026-01-10T22:23:12","guid":{"rendered":"https:\/\/www.europesays.com\/fr\/654886\/"},"modified":"2026-01-10T22:23:12","modified_gmt":"2026-01-10T22:23:12","slug":"le-chantier-de-depollution-des-calanques-une-course-contre-la-montre","status":"publish","type":"post","link":"https:\/\/www.europesays.com\/fr\/654886\/","title":{"rendered":"le chantier de d\u00e9pollution des calanques, \u00ab\u00a0une course contre la montre\u00a0\u00bb"},"content":{"rendered":"<p class=\"rev-margin-0 rev-text-xs-normal\">Sur le chantier, un ouvrier pointe les scories, ces r\u00e9sidus toxiques pr\u00e9sents sur le littoral Sud de Marseille.<\/p>\n<p class=\"rev-margin-0 rev-text-xs-bold\">Pillot &#8211; LP &#8211; Philippe Laurenson &#8211; LAURENSON Philippe<\/p>\n<p>Pas une journ\u00e9e \u00e0 perdre dans ce chantier dont la premi\u00e8re phase doit s\u2019achever fin mars avant une deuxi\u00e8me entre septembre\u00a02026 et mars\u00a02027. <a href=\"https:\/\/www.laprovence.com\/article\/france-monde\/2731141459467414\/contaminees-par-lindustrie-pendant-deux-siecles-des-calanques-de-marseille-bientot-depolluees\" target=\"_blank\" rel=\"noopener\">La d\u00e9pollution des calanques de Marseille<\/a>, o\u00f9 se pressent chaque ann\u00e9e 3 millions de touristes qui ignorent que ces paysages \u00e0 couper le souffle sont pollu\u00e9s, a commenc\u00e9 en septembre et doit s\u2019acc\u00e9l\u00e9rer. D\u2019apr\u00e8s nos informations, l\u2019\u00c9tat a demand\u00e9 aux ouvriers du chantier de prolonger leurs journ\u00e9es de travail afin de finir, comme pr\u00e9vu, la premi\u00e8re phase des travaux qui concerne la portion de Sam\u00e9na \u00e0 la Calanque blanche au 31 mars 2026.<\/p>\n<p>\u00ab\u00a0Respecter les d\u00e9lais que l\u2019\u00c9tat s\u2019est lui-m\u00eame fix\u00e9s\u00a0\u00bb<\/p>\n<p>Au mois de d\u00e9cembre, c\u2019est une enqu\u00eate aupr\u00e8s des riverains qui a fait remonter leurs\u00a0inqui\u00e9tudes. \u00ab\u00a0Les r\u00e9sidents \u00e9taient invit\u00e9s \u00e0 se prononcer sur les g\u00eanes occasionn\u00e9es par les travaux, et deux constats sont ressortis. D\u2019abord, que la ma\u00eetrise d\u2019ouvrage \u00e9tait faite dans les r\u00e8gles de l\u2019art, avec des panneaux de circulation pour informer des ballets de camions, de la pr\u00e9sence de voies sans issue autour de la calanque de Sam\u00e9na. L\u2019autre enseignement, c\u2019\u00e9tait la priorit\u00e9 pour les habitants de respecter les d\u00e9lais que l\u2019\u00c9tat s\u2019est lui-m\u00eame fix\u00e9s dans un chantier qui est une course contre-la-montre\u00a0\u00bb, expose Nathalie Anton, pr\u00e9sidente du comit\u00e9 d\u2019int\u00e9r\u00eat de quartier (CIQ).<\/p>\n<p>L\u2019\u00c9tat, qui <a href=\"https:\/\/www.laprovence.com\/article\/region\/3649779961177114\/stationnement-poussieres-toxiques-le-chantier-de-depollution-des-calanques-rejouit-autant-qu-il-inquiete\" target=\"_blank\" rel=\"noopener\">a confi\u00e9 les travaux \u00e0 l\u2019Ademe<\/a> (Agence de la transition \u00e9cologique missionn\u00e9e pour s\u00e9curiser 20 d\u00e9p\u00f4ts de scories &#8211; ces r\u00e9sidus de minerais et de plomb &#8211; sur les 77 pr\u00e9sents dans les calanques) a pri\u00e9 les ouvriers de commencer d\u00e8s 6h, alors qu\u2019ils d\u00e9butaient jusqu\u2019ici leur journ\u00e9e \u00e0 7h30.<\/p>\n<p><img alt=\"La premi\u00e8re phase du chantier doit prendre fin le 31 mars prochain, avant une seconde phase du 15 septembre au 31 mars 2027.\" loading=\"lazy\" decoding=\"async\" data-nimg=\"fill\" class=\" TwicCore_img__i9TC1 undefined  undefined\" style=\"position:absolute;height:100%;width:100%;left:0;top:0;right:0;bottom:0;color:transparent;background-size:cover;background-position:50% 50%;background-repeat:no-repeat;background-image:url(&quot;data:image\/svg+xml;charset=utf-8,%3Csvg xmlns='http:\/\/www.w3.org\/2000\/svg' %3E%3Cfilter id='b' color-interpolation-filters='sRGB'%3E%3CfeGaussianBlur stdDeviation='20'\/%3E%3CfeColorMatrix values='1 0 0 0 0 0 1 0 0 0 0 0 1 0 0 0 0 0 100 -1' result='s'\/%3E%3CfeFlood x='0' y='0' width='100%25' height='100%25'\/%3E%3CfeComposite operator='out' in='s'\/%3E%3CfeComposite in2='SourceGraphic'\/%3E%3CfeGaussianBlur stdDeviation='20'\/%3E%3C\/filter%3E%3Cimage width='100%25' height='100%25' x='0' y='0' preserveAspectRatio='none' style='filter: url(%23b);' href='https:\/\/pictures.laprovence.com\/cdn-cgi\/image\/blur=250\/media\/melody\/2026\/01\/10\/visite-du-chantier-de-depollution-du-littoral-sud-a-marseille-travaux-de-mise-en-securite-des-depots-1768076936_78007707373969c007707373970107v_.jpg'\/%3E%3C\/svg%3E&quot;)\"   src=\"https:\/\/www.europesays.com\/fr\/wp-content\/uploads\/2026\/01\/1768083792_266_visite-du-chantier-de-depollution-du-littoral-sud-a-marseille-travaux-de-mise-en-securite-des-depots.jpeg\"\/>La premi\u00e8re phase du chantier doit prendre fin le 31 mars prochain, avant une seconde phase du 15 septembre au 31 mars 2027. \/ Photo Philippe Laurenson<\/p>\n<p>\u00ab\u00a0Pour la premi\u00e8re phase du chantier, 2\u00a0500 tonnes de terres sont aspir\u00e9es avant d\u2019\u00eatre d\u00e9pos\u00e9es dans des camions en partance pour un site de stockage de d\u00e9chets dangereux (ISDD) dans le Gard\u00a0\u00bb, d\u00e9taille J\u00e9r\u00e9my Durand, chef de projet d\u2019Antea Group, ma\u00eetre d\u2019\u0153uvre. Sur le plan sanitaire, les habitants du littoral sud \u00ab\u00a0re\u00e7oivent chaque semaine des relev\u00e9s et notent parfois des seuils de pollution d\u00e9pass\u00e9s\u00a0\u00bb.<\/p>\n<p>Les associations environnementales (ASLS, FARE Sud et UCL) souhaitent donc \u00ab\u00a0durant la dur\u00e9e du chantier, une veille sanitaire par Sant\u00e9 publique France ou l\u2019Agence r\u00e9gionale de sant\u00e9 pour d\u00e9tecter les possibles impacts des m\u00e9taux lourds sur les habitants\u00a0\u00bb. Cette demande, faite avec les CIQ Sam\u00e9na, Callelongue, les Goudes et l\u2019Escalette, \u00ab\u00a0est en cours d\u2019examen\u00a0\u00bb \u00e0 la pr\u00e9fecture, renseigne le pr\u00e9sident de l\u2019association Sant\u00e9 littoral sud, Roland Dad\u00e9na.<a href=\"https:\/\/www.laprovence.com\/article\/region\/406057689669714\/l-etat-condamne-a-depolluer-le-littoral-sud-de-marseille-avant-2028-delai-raccourci-pour-la-friche-legre-mante\" target=\"_blank\" rel=\"noopener\"><\/p>\n","protected":false},"excerpt":{"rendered":"Sur le chantier, un ouvrier pointe les scories, ces r\u00e9sidus toxiques pr\u00e9sents sur le littoral Sud de Marseille.&hellip;\n","protected":false},"author":2,"featured_media":654887,"comment_status":"","ping_status":"","sticky":false,"template":"","format":"standard","meta":{"footnotes":""},"categories":[2814],"tags":[5734,1111,11,1182,4107,6466,36778,154,1777,674,1011,27,884,12,882,25,104,96],"class_list":{"0":"post-654886","1":"post","2":"type-post","3":"status-publish","4":"format-standard","5":"has-post-thumbnail","7":"category-marseille","8":"tag-5734","9":"tag-actu","10":"tag-actualites","11":"tag-calanques","12":"tag-chantier","13":"tag-course","14":"tag-depollution","15":"tag-des","16":"tag-eu","17":"tag-europe","18":"tag-fr","19":"tag-france","20":"tag-marseille","21":"tag-news","22":"tag-provence-alpes-cote-dazur","23":"tag-republique-francaise","24":"tag-societe","25":"tag-une"},"share_on_mastodon":{"url":"https:\/\/pubeurope.com\/@fr\/115873146969468008","error":""},"_links":{"self":[{"href":"https:\/\/www.europesays.com\/fr\/wp-json\/wp\/v2\/posts\/654886","targetHints":{"allow":["GET"]}}],"collection":[{"href":"https:\/\/www.europesays.com\/fr\/wp-json\/wp\/v2\/posts"}],"about":[{"href":"https:\/\/www.europesays.com\/fr\/wp-json\/wp\/v2\/types\/post"}],"author":[{"embeddable":true,"href":"https:\/\/www.europesays.com\/fr\/wp-json\/wp\/v2\/users\/2"}],"replies":[{"embeddable":true,"href":"https:\/\/www.europesays.com\/fr\/wp-json\/wp\/v2\/comments?post=654886"}],"version-history":[{"count":0,"href":"https:\/\/www.europesays.com\/fr\/wp-json\/wp\/v2\/posts\/654886\/revisions"}],"wp:featuredmedia":[{"embeddable":true,"href":"https:\/\/www.europesays.com\/fr\/wp-json\/wp\/v2\/media\/654887"}],"wp:attachment":[{"href":"https:\/\/www.europesays.com\/fr\/wp-json\/wp\/v2\/media?parent=654886"}],"wp:term":[{"taxonomy":"category","embeddable":true,"href":"https:\/\/www.europesays.com\/fr\/wp-json\/wp\/v2\/categories?post=654886"},{"taxonomy":"post_tag","embeddable":true,"href":"https:\/\/www.europesays.com\/fr\/wp-json\/wp\/v2\/tags?post=654886"}],"curies":[{"name":"wp","href":"https:\/\/api.w.org\/{rel}","templated":true}]}}