{"id":654888,"date":"2026-01-10T22:24:13","date_gmt":"2026-01-10T22:24:13","guid":{"rendered":"https:\/\/www.europesays.com\/fr\/654888\/"},"modified":"2026-01-10T22:24:13","modified_gmt":"2026-01-10T22:24:13","slug":"sophie-camard-pm-lance-les-voeux-des-maires-de-secteur","status":"publish","type":"post","link":"https:\/\/www.europesays.com\/fr\/654888\/","title":{"rendered":"Sophie Camard (PM) lance les v\u0153ux des maires de secteur"},"content":{"rendered":"<p>Au Palais du Pharo (7e arrondissement de <a href=\"https:\/\/www.laprovence.com\/bouches-du-rhone\/marseille-13055\" target=\"_blank\" rel=\"noopener\">Marseille<\/a>), devant une salle comble et surchauff\u00e9e, la maire des 1er-7e, <a href=\"https:\/\/www.laprovence.com\/article\/region\/2686894170608814\/redresser-les-quartiers-de-belsunce-et-de-noailles-lenjeu-pour-2025-de-la-maire-des-1e-et-7e-a-marseille\" target=\"_blank\" rel=\"noopener\">Sophie Camard<\/a> (PM) avait, jeudi soir, promis d\u2019\u00eatre \u00ab\u00a0sobre et succincte\u00a0\u00bb. Elle le fut. \u00ab\u00a0En cette p\u00e9riode de r\u00e9serve \u00e9lectorale je ne peux qu\u2019\u00e9voquer les projets d\u00e9j\u00e0 r\u00e9alis\u00e9s\u00a0\u00bb, se justifiait-elle alors que les images de la nouvelle \u00e9cole Baya, le centre sportif Pape Diouf, le jardin Saint-Nicolas, le d\u00e9marrage du chantier de Noailles\u2026 d\u00e9filaient sur les \u00e9crans.<\/p>\n<p>Tour de chauffe avant la campagne<\/p>\n<p>Le maire de Marseille, <a href=\"https:\/\/www.laprovence.com\/article\/politique\/96166614090212\/legion-dhonneur-le-maire-de-marseille-benoit-payan-decore-par-lancienne-deportee-denise-toros-marter\" target=\"_blank\" rel=\"noopener\">Beno\u00eet Payan<\/a> (DVG) venu assister \u00e0 la premi\u00e8re des c\u00e9r\u00e9monies des v\u0153ux de secteur s\u2019est, lui, autoris\u00e9 \u00e0 plus de lyrisme. \u00ab\u00a0Ce soir, je veux vous parler d\u2019amour\u00a0\u00bb, insistait-il \u00e0 la tribune. D\u00e9clenchant des salves d\u2019applaudissements, en demandant au public de saluer le travail, des forces de police nationales et municipales, des soignants, des <a href=\"https:\/\/www.laprovence.com\/article\/faits-divers-justice\/17849926249551\/des-voix-et-des-histoires-au-bout-du-fil-les-marins-pompiers-de-marseille-repondent-a-toutes-les-urgences\" target=\"_blank\" rel=\"noopener\">marins-pompiers<\/a> et des b\u00e9n\u00e9voles des associations\u2026 cet \u00ab\u00a0enfant du 7e\u00a0\u00bb s\u2019est octroy\u00e9 un petit tour de chauffe avant de lancer sa campagne.<\/p>\n","protected":false},"excerpt":{"rendered":"Au Palais du Pharo (7e arrondissement de Marseille), devant une salle comble et surchauff\u00e9e, la maire des 1er-7e,&hellip;\n","protected":false},"author":2,"featured_media":654889,"comment_status":"","ping_status":"","sticky":false,"template":"","format":"standard","meta":{"footnotes":""},"categories":[2814],"tags":[75768,5734,1111,11,75767,1777,674,1011,27,9447,151,884,12,316,882,25,38427,74173],"class_list":{"0":"post-654888","1":"post","2":"type-post","3":"status-publish","4":"format-standard","5":"has-post-thumbnail","7":"category-marseille","8":"tag-pm","9":"tag-5734","10":"tag-actu","11":"tag-actualites","12":"tag-camard","13":"tag-eu","14":"tag-europe","15":"tag-fr","16":"tag-france","17":"tag-lance","18":"tag-les","19":"tag-marseille","20":"tag-news","21":"tag-politique","22":"tag-provence-alpes-cote-dazur","23":"tag-republique-francaise","24":"tag-sophie","25":"tag-voeux"},"share_on_mastodon":{"url":"https:\/\/pubeurope.com\/@fr\/115873150587055509","error":""},"_links":{"self":[{"href":"https:\/\/www.europesays.com\/fr\/wp-json\/wp\/v2\/posts\/654888","targetHints":{"allow":["GET"]}}],"collection":[{"href":"https:\/\/www.europesays.com\/fr\/wp-json\/wp\/v2\/posts"}],"about":[{"href":"https:\/\/www.europesays.com\/fr\/wp-json\/wp\/v2\/types\/post"}],"author":[{"embeddable":true,"href":"https:\/\/www.europesays.com\/fr\/wp-json\/wp\/v2\/users\/2"}],"replies":[{"embeddable":true,"href":"https:\/\/www.europesays.com\/fr\/wp-json\/wp\/v2\/comments?post=654888"}],"version-history":[{"count":0,"href":"https:\/\/www.europesays.com\/fr\/wp-json\/wp\/v2\/posts\/654888\/revisions"}],"wp:featuredmedia":[{"embeddable":true,"href":"https:\/\/www.europesays.com\/fr\/wp-json\/wp\/v2\/media\/654889"}],"wp:attachment":[{"href":"https:\/\/www.europesays.com\/fr\/wp-json\/wp\/v2\/media?parent=654888"}],"wp:term":[{"taxonomy":"category","embeddable":true,"href":"https:\/\/www.europesays.com\/fr\/wp-json\/wp\/v2\/categories?post=654888"},{"taxonomy":"post_tag","embeddable":true,"href":"https:\/\/www.europesays.com\/fr\/wp-json\/wp\/v2\/tags?post=654888"}],"curies":[{"name":"wp","href":"https:\/\/api.w.org\/{rel}","templated":true}]}}