{"id":654890,"date":"2026-01-10T22:25:21","date_gmt":"2026-01-10T22:25:21","guid":{"rendered":"https:\/\/www.europesays.com\/fr\/654890\/"},"modified":"2026-01-10T22:25:21","modified_gmt":"2026-01-10T22:25:21","slug":"lorganisateur-de-cette-rave-party-illegale-condamne","status":"publish","type":"post","link":"https:\/\/www.europesays.com\/fr\/654890\/","title":{"rendered":"l\u2019organisateur de cette rave party ill\u00e9gale condamn\u00e9"},"content":{"rendered":"<p itemprop=\"description\"><strong>Reconnu responsable d\u2019un rassemblement techno non autoris\u00e9 ayant attir\u00e9 des milliers de participants \u00e0 Saint-Pierre-de-Chandieu, un homme de 30 ans a \u00e9t\u00e9 sanctionn\u00e9 par la justice lyonnaise.<\/strong><\/p>\n<p>Pendant pr\u00e8s d\u2019une semaine, une carri\u00e8re d\u00e9saffect\u00e9e de Saint-Pierre-de-Chandieu s\u2019\u00e9tait transform\u00e9e en vaste site festif clandestin. Entre le 7 et le 12 novembre 2025, plusieurs milliers de personnes et des centaines de v\u00e9hicules ont converg\u00e9 vers ce lieu isol\u00e9 pour une rave party de grande ampleur.<\/p>\n<p>L\u2019homme qui s\u2019est d\u00e9sign\u00e9 comme \u00e9tant \u00e0 l&rsquo;origine de l\u2019\u00e9v\u00e9nement a \u00e9t\u00e9 jug\u00e9 cette semaine par le tribunal de police de Lyon. Absent \u00e0 l\u2019audience pour raisons m\u00e9dicales, il a n\u00e9anmoins \u00e9t\u00e9 reconnu coupable et condamn\u00e9 \u00e0 une amende de 1250 euros, assortie de la confiscation de l\u2019ensemble du mat\u00e9riel saisi lors de l\u2019op\u00e9ration.<\/p>\n<p>Originaire de l&rsquo;Is\u00e8re, l\u2019organisateur, intermittent du spectacle en difficult\u00e9 financi\u00e8re, a reconnu \u00eatre \u00e0 l\u2019origine du rassemblement ill\u00e9gal et avoir financ\u00e9 l\u2019\u00e9v\u00e9nement avec ses \u00e9conomies par passion pour la musique.<\/p>\n<p>Sur place, les autorit\u00e9s avaient constat\u00e9 des installations lourdes, avec une sc\u00e8ne imposante, des murs de son, mais aussi des groupes \u00e9lectrog\u00e8nes. Les contr\u00f4les men\u00e9s aux abords du site ont donn\u00e9 lieu \u00e0 environ 1500 verbalisations, notamment pour nuisances sonores, participation \u00e0 un rassemblement ill\u00e9gal et infractions li\u00e9es aux stup\u00e9fiants.<\/p>\n<p>La justice a finalement retenu une peine plus s\u00e9v\u00e8re que celle demand\u00e9e par le parquet, estimant que l\u2019ampleur de la f\u00eate et les risques encourus justifiaient une sanction renforc\u00e9e, tant financi\u00e8re que mat\u00e9rielle.<\/p>\n","protected":false},"excerpt":{"rendered":"Reconnu responsable d\u2019un rassemblement techno non autoris\u00e9 ayant attir\u00e9 des milliers de participants \u00e0 Saint-Pierre-de-Chandieu, un homme de&hellip;\n","protected":false},"author":2,"featured_media":654891,"comment_status":"","ping_status":"","sticky":false,"template":"","format":"standard","meta":{"footnotes":""},"categories":[1889],"tags":[1111,11,2813,2190,2430,1109,251,1112,2811,1777,674,118,1011,27,1922,1110,1114,2428,2810,12,241,316,25,2812,517,800],"class_list":{"0":"post-654890","1":"post","2":"type-post","3":"status-publish","4":"format-standard","5":"has-post-thumbnail","7":"category-lyon","8":"tag-actu","9":"tag-actualites","10":"tag-article","11":"tag-asvel","12":"tag-auvergne-rhone-alpes","13":"tag-breves","14":"tag-culture","15":"tag-depeches","16":"tag-economique","17":"tag-eu","18":"tag-europe","19":"tag-faits-divers","20":"tag-fr","21":"tag-france","22":"tag-info","23":"tag-informations","24":"tag-infos","25":"tag-lyon","26":"tag-lyonmag","27":"tag-news","28":"tag-ol","29":"tag-politique","30":"tag-republique-francaise","31":"tag-sociale","32":"tag-sport","33":"tag-transports"},"share_on_mastodon":{"url":"https:\/\/pubeurope.com\/@fr\/115873154589807981","error":""},"_links":{"self":[{"href":"https:\/\/www.europesays.com\/fr\/wp-json\/wp\/v2\/posts\/654890","targetHints":{"allow":["GET"]}}],"collection":[{"href":"https:\/\/www.europesays.com\/fr\/wp-json\/wp\/v2\/posts"}],"about":[{"href":"https:\/\/www.europesays.com\/fr\/wp-json\/wp\/v2\/types\/post"}],"author":[{"embeddable":true,"href":"https:\/\/www.europesays.com\/fr\/wp-json\/wp\/v2\/users\/2"}],"replies":[{"embeddable":true,"href":"https:\/\/www.europesays.com\/fr\/wp-json\/wp\/v2\/comments?post=654890"}],"version-history":[{"count":0,"href":"https:\/\/www.europesays.com\/fr\/wp-json\/wp\/v2\/posts\/654890\/revisions"}],"wp:featuredmedia":[{"embeddable":true,"href":"https:\/\/www.europesays.com\/fr\/wp-json\/wp\/v2\/media\/654891"}],"wp:attachment":[{"href":"https:\/\/www.europesays.com\/fr\/wp-json\/wp\/v2\/media?parent=654890"}],"wp:term":[{"taxonomy":"category","embeddable":true,"href":"https:\/\/www.europesays.com\/fr\/wp-json\/wp\/v2\/categories?post=654890"},{"taxonomy":"post_tag","embeddable":true,"href":"https:\/\/www.europesays.com\/fr\/wp-json\/wp\/v2\/tags?post=654890"}],"curies":[{"name":"wp","href":"https:\/\/api.w.org\/{rel}","templated":true}]}}