{"id":654892,"date":"2026-01-10T22:26:11","date_gmt":"2026-01-10T22:26:11","guid":{"rendered":"https:\/\/www.europesays.com\/fr\/654892\/"},"modified":"2026-01-10T22:26:11","modified_gmt":"2026-01-10T22:26:11","slug":"pres-de-150-personnes-manifestent-contre-la-tenue-du-spectacle-dary-abittan","status":"publish","type":"post","link":"https:\/\/www.europesays.com\/fr\/654892\/","title":{"rendered":"pr\u00e8s de 150 personnes manifestent contre la tenue du spectacle d\u2019Ary Abittan"},"content":{"rendered":"<p>Le spectacle Authentique de l\u2019humoriste Ary Abittan s\u2019est finalement bien tenu ce samedi 10\u00a0janvier \u00e0 la Bourse du Travail de Lyon, sous haute surveillance. En amont de la repr\u00e9sentation, vers 18h30, entre 100 et 150 personnes se sont rassembl\u00e9es place Guichard (Lyon 3) \u00e0 l\u2019appel du collectif f\u00e9ministe Nous Toutes et de la CGT, afin de d\u00e9noncer le maintien de ce spectacle.<\/p>\n<p>Depuis plusieurs mois, <a href=\"https:\/\/www.leprogres.fr\/societe\/2026\/01\/09\/mobilisation-de-nous-toutes-et-appel-a-la-greve-de-la-cgt-la-pression-monte-autour-du-spectacle-d-ary-abittan?at_content=photo&amp;at_term=leprogreslyon&amp;at_campaign=Twitter&amp;at_medium=Social&amp;at_source=nonli\" target=\"_blank\" rel=\"noopener\">le collectif r\u00e9clame la d\u00e9programmation de l\u2019artiste<\/a>, mis en cause dans une affaire de violences sexuelles, bien que la justice ait prononc\u00e9 un non-lieu (ce qui signifie l\u2019abandon des poursuites judiciaires). Les manifestants ont d\u00e9nonc\u00e9 ce qu\u2019ils consid\u00e8rent comme une banalisation des violences faites aux femmes. Un important dispositif de s\u00e9curit\u00e9 a \u00e9t\u00e9 d\u00e9ploy\u00e9 afin de mettre en place un cordon de s\u00e9curit\u00e9 pour emp\u00eacher toute intrusion dans le b\u00e2timent pendant la repr\u00e9sentation.<\/p>\n<p>Sur place, les manifestants scandent \u00a0:\u00a0\u00ab M\u00eame si Brigitte ne veut pas, nous on est l\u00e0 !\u00a0\u00bb. \u00ab\u00a0Honte \u00e0 vous, vous \u00eates complices \u00bb, un message qui s&rsquo;adresse aux spectateurs et aux organisateurs de l&rsquo;\u00e9v\u00e9nement.\u00a0<\/p>\n<p>  \u00ab\u00a0Pas de violeurs dans nos salles de spectacle\u00a0\u00bb<\/p>\n<p>Initialement pr\u00e9vu en novembre, \u00e0 l\u2019occasion de la Journ\u00e9e internationale de lutte pour l\u2019\u00e9limination des violences \u00e0 l\u2019\u00e9gard des femmes, le spectacle avait \u00e9t\u00e9 report\u00e9 \u00e0 ce samedi. Le collectif Nous Toutes mart\u00e8le le message\u00a0: \u00ab\u00a0Pas de violeurs dans nos salles de spectacle\u00a0\u00bb, rappelant que, selon le collectif, la parole des victimes doit \u00eatre \u00ab\u00a0soutenue, crue et prot\u00e9g\u00e9e\u00a0\u00bb.<\/p>\n<p>Cette mobilisation s\u2019inscrit dans un contexte plus large de tensions autour du retour sur sc\u00e8ne d\u2019Ary Abittan. R\u00e9cemment, sa pr\u00e9sence aux c\u00f4t\u00e9s de <a href=\"https:\/\/www.leprogres.fr\/p\/brigitte-macron\" target=\"_blank\" rel=\"noopener\">Brigitte Macron<\/a> lors d\u2019un \u00e9v\u00e9nement public a raviv\u00e9 les critiques de certains collectifs f\u00e9ministes, qui y ont vu un signal symbolique de soutien, relan\u00e7ant le d\u00e9bat sur la place accord\u00e9e aux artistes mis en cause dans des affaires de violences sexuelles.\u00a0Les militantes font r\u00e9f\u00e9rence aux propos \u00ab\u00a0sales connes\u00a0\u00bb tenus par Brigitte Macron, il y a un mois en coulisses du spectacle d\u2019Ary Abittan aux Folies Berg\u00e8re, \u00e0 Paris.<\/p>\n<p>De son c\u00f4t\u00e9, Ary Abittan continue de se d\u00e9fendre. Au micro de RJC, il a d\u00e9clar\u00e9\u00a0: \u00ab\u00a0La justice a fait son travail et moi je veux reprendre le mien\u00a0\u00bb.<\/p>\n","protected":false},"excerpt":{"rendered":"Le spectacle Authentique de l\u2019humoriste Ary Abittan s\u2019est finalement bien tenu ce samedi 10\u00a0janvier \u00e0 la Bourse du&hellip;\n","protected":false},"author":2,"featured_media":654893,"comment_status":"","ping_status":"","sticky":false,"template":"","format":"standard","meta":{"footnotes":""},"categories":[1889],"tags":[1111,11,2430,1687,2757,1777,674,274,107,1011,27,2428,2756,12,25,2429,3140],"class_list":{"0":"post-654892","1":"post","2":"type-post","3":"status-publish","4":"format-standard","5":"has-post-thumbnail","7":"category-lyon","8":"tag-actu","9":"tag-actualites","10":"tag-auvergne-rhone-alpes","11":"tag-culture-loisirs","12":"tag-edition-lyon-villeurbanne","13":"tag-eu","14":"tag-europe","15":"tag-faits-divers-justice","16":"tag-fil-info","17":"tag-fr","18":"tag-france","19":"tag-lyon","20":"tag-lyon-bassin","21":"tag-news","22":"tag-republique-francaise","23":"tag-rhone","24":"tag-spectacle"},"share_on_mastodon":{"url":"https:\/\/pubeurope.com\/@fr\/115873158427204416","error":""},"_links":{"self":[{"href":"https:\/\/www.europesays.com\/fr\/wp-json\/wp\/v2\/posts\/654892","targetHints":{"allow":["GET"]}}],"collection":[{"href":"https:\/\/www.europesays.com\/fr\/wp-json\/wp\/v2\/posts"}],"about":[{"href":"https:\/\/www.europesays.com\/fr\/wp-json\/wp\/v2\/types\/post"}],"author":[{"embeddable":true,"href":"https:\/\/www.europesays.com\/fr\/wp-json\/wp\/v2\/users\/2"}],"replies":[{"embeddable":true,"href":"https:\/\/www.europesays.com\/fr\/wp-json\/wp\/v2\/comments?post=654892"}],"version-history":[{"count":0,"href":"https:\/\/www.europesays.com\/fr\/wp-json\/wp\/v2\/posts\/654892\/revisions"}],"wp:featuredmedia":[{"embeddable":true,"href":"https:\/\/www.europesays.com\/fr\/wp-json\/wp\/v2\/media\/654893"}],"wp:attachment":[{"href":"https:\/\/www.europesays.com\/fr\/wp-json\/wp\/v2\/media?parent=654892"}],"wp:term":[{"taxonomy":"category","embeddable":true,"href":"https:\/\/www.europesays.com\/fr\/wp-json\/wp\/v2\/categories?post=654892"},{"taxonomy":"post_tag","embeddable":true,"href":"https:\/\/www.europesays.com\/fr\/wp-json\/wp\/v2\/tags?post=654892"}],"curies":[{"name":"wp","href":"https:\/\/api.w.org\/{rel}","templated":true}]}}