{"id":654896,"date":"2026-01-10T22:29:10","date_gmt":"2026-01-10T22:29:10","guid":{"rendered":"https:\/\/www.europesays.com\/fr\/654896\/"},"modified":"2026-01-10T22:29:10","modified_gmt":"2026-01-10T22:29:10","slug":"la-liste-dunion-de-la-gauche-menee-par-gregoire-en-tete-devant-dati-au-premier-tour-selon-un-sondage","status":"publish","type":"post","link":"https:\/\/www.europesays.com\/fr\/654896\/","title":{"rendered":"la liste d\u2019union de la gauche men\u00e9e par Gr\u00e9goire en t\u00eate devant Dati au premier tour, selon un sondage"},"content":{"rendered":"<p>\n    La liste d\u2019union de la gauche men\u00e9e par le socialiste Emmanuel Gr\u00e9goire, sans LFI, arriverait en t\u00eate du premier tour des municipales des 15 et 22 mars \u00e0 Paris, devant la candidate de droite Rachida Dati, selon deux sondages parus samedi.<\/p>\n<p class=\"fig-paragraph\">La liste d\u2019union de la gauche men\u00e9e par le socialiste\u00a0<a href=\"http:\/\/www.lefigaro.fr\/politique\/municipales-a-paris-danielle-simmonet-l-arme-anti-chikirou-d-emmanuel-gregoire-20260107\" target=\"_blank\" data-fig-type=\"Article\" rel=\"noopener\" data-gtm-custom-categorie=\"navigation\" data-gtm-custom-action=\"crossclick\" data-gtm-custom-label=\"Contextuel\" data-gtm-event=\"customEventSPE\" data-fig-domain=\"LEFIGARO\">Emmanuel Gr\u00e9goire<\/a>, sans LFI, arriverait en t\u00eate du premier tour des municipales des 15 et 22 mars \u00e0 Paris, devant la candidate de droite\u00a0<a href=\"http:\/\/www.lefigaro.fr\/politique\/municipales-a-paris-la-strategie-de-rachida-dati-face-a-ses-rivaux-de-reconquete-et-horizons-20260110\" target=\"_blank\" data-fig-type=\"Article\" rel=\"noopener\" data-gtm-custom-categorie=\"navigation\" data-gtm-custom-action=\"crossclick\" data-gtm-custom-label=\"Contextuel\" data-gtm-event=\"customEventSPE\" data-fig-domain=\"LEFIGARO\">Rachida Dati<\/a>, selon deux sondages parus samedi.<\/p>\n<p class=\"fig-paragraph\">Quatre candidats sont en capacit\u00e9 de se maintenir au second tour, avec Pierre-Yves Bournazel, candidat Horizons soutenu par Renaissance, en troisi\u00e8me position, devant l\u2019Insoumise Sophia Chikirou, selon deux enqu\u00eates des instituts Ifop pour L\u2019Opinion et Sud Radio, et Elabe pour La Tribune Dimanche et BFMTV.<\/p>\n<p class=\"fig-body-link\">\n            \u00c0 lire aussi<br \/>\n        <a class=\"fig-body-link__link fig-premium-mark\" href=\"http:\/\/www.lefigaro.fr\/politique\/municipales-a-paris-danielle-simmonet-l-arme-anti-chikirou-d-emmanuel-gregoire-20260107\" data-fig-type=\"Article\" data-gtm-custom-categorie=\"navigation\" data-gtm-custom-action=\"crossclick\" data-gtm-custom-label=\"Contextuel\" data-gtm-event=\"customEventSPE\" data-fig-domain=\"LEFIGARO\" target=\"_blank\" rel=\"noopener\"><\/p>\n<p>        Municipales \u00e0 Paris: Danielle Simonnet, l&rsquo;arme anti-Chikirou d&rsquo;Emmanuel Gr\u00e9goire<br \/>\n    <\/a>\n<\/p>\n<p>                                            <a class=\"fig-a11y-skip\" href=\"#fig-a11y-skip-main-inarticle\" data-module=\"a11y-skip\" data-context=\"was @visible\"><br \/>\n    Passer la publicit\u00e9<br \/>\n<\/a>            <\/p>\n<p>                                            \u00abJe porte la seule liste d\u00e9sormais capable de battre Rachida Dati\u00bb<\/p>\n<p class=\"fig-paragraph\">\u00abM\u00eame si les deux premiers candidats sont tr\u00e8s largement en t\u00eate au premier tour, ils sont entre les mains de faiseurs de roi\u00bb, analyse le pr\u00e9sident d\u2019Elabe, Bernard Sanan\u00e8s. La gauche rassembl\u00e9e derri\u00e8re Emmanuel Gr\u00e9goire (socialistes, \u00e9cologistes, communistes et ex-Insoumis de L\u2019Apr\u00e8s), recueille 30% des intentions de vote dans le sondage Ifop, en baisse de trois points par rapport au pr\u00e9c\u00e9dent r\u00e9alis\u00e9 en novembre, qui cumulait les scores des listes s\u00e9par\u00e9es d\u2019Emmanuel Gr\u00e9goire et du chef de file des \u00e9cologistes, David Belliard, avant que ces derniers n\u2019annoncent un accord in\u00e9dit d\u2019union d\u00e8s le premier tour.<\/p>\n<p class=\"fig-paragraph\">Le d\u00e9put\u00e9 PS ne devance que d\u2019une courte t\u00eate Rachida Dati, candidate des R\u00e9publicains, du MoDem et l\u2019UDI, cr\u00e9dit\u00e9e de 28% des intentions de vote, en hausse de deux points depuis ce m\u00eame sondage. L\u2019\u00e9cart est plus marqu\u00e9 dans l\u2019enqu\u00eate d\u2019Elabe, qui donne le d\u00e9put\u00e9 PS \u00e0 33% et la ministre de la Culture \u00e0 26%. \u00abJe porte la seule liste d\u00e9sormais capable de battre Rachida Dati et ses amis d\u2019extr\u00eame droite\u00bb, s\u2019est f\u00e9licit\u00e9 Emmanuel Gr\u00e9goire sur la plateforme X. \u00abLa dynamique est r\u00e9elle, sur le terrain comme dans les sondages\u00bb, a r\u00e9agi sa rivale de droite sur le m\u00eame r\u00e9seau social.<\/p>\n<p>                                            Quadrangulaire<\/p>\n<p class=\"fig-paragraph\">Pierre-Yves Bournazel, candidat d\u2019Horizons auquel s\u2019est ralli\u00e9 le parti de Gabriel Attal, r\u00e9colte 16% des voix dans les deux sondages, progressant de deux points par rapport \u00e0 celui de novembre. La liste LFI de Sophia Chikirou est donn\u00e9e \u00e0 10% par l\u2019Ifop, perdant deux points, et 11% par Elabe.<\/p>\n<p class=\"fig-paragraph\">Concernant la droite nationaliste, Sarah Knafo, qui a officialis\u00e9 cette semaine sa candidature pour Reconqu\u00eate, recueille de 8 \u00e0 9% des intentions de vote, non loin du seuil minimal (10%) pour se qualifier au second tour. La candidate du parti d\u2019\u00c9ric Zemmour devance son concurrent du RN, Thierry Mariani, (de 5 \u00e0 7%) dans les deux enqu\u00eates.<\/p>\n<p class=\"fig-paragraph\">Selon Elabe, dans l\u2019hypoth\u00e8se o\u00f9 chacune des listes d\u00e9passant actuellement les 10% se maintiendraient, donnant lieu \u00e0 une quadrangulaire, Emmanuel Gr\u00e9goire et Rachida Dati seraient quasiment \u00e0 \u00e9galit\u00e9, avec respectivement 36% et 35%.<\/p>\n<p>                                            <a class=\"fig-a11y-skip\" href=\"#fig-a11y-skip-main-inarticle_mtf\" data-module=\"a11y-skip\" data-context=\"was @visible\"><br \/>\n    Passer la publicit\u00e9<br \/>\n<\/a>            <\/p>\n<p class=\"fig-paragraph\">Le sondage Ifop a \u00e9t\u00e9 r\u00e9alis\u00e9 en ligne du 5 au 9 janvier aupr\u00e8s d\u2019un \u00e9chantillon de 983 personnes repr\u00e9sentatif de la population parisienne inscrite sur les listes \u00e9lectorales. Elabe a interrog\u00e9 1.014 personnes inscrites sur ces listes, du 2 au 9 janvier.<\/p>\n","protected":false},"excerpt":{"rendered":"La liste d\u2019union de la gauche men\u00e9e par le socialiste Emmanuel Gr\u00e9goire, sans LFI, arriverait en t\u00eate du&hellip;\n","protected":false},"author":2,"featured_media":654897,"comment_status":"","ping_status":"","sticky":false,"template":"","format":"standard","meta":{"footnotes":""},"categories":[1888],"tags":[1111,1928,11,1927,8186,1777,674,1011,27,12,1926,626,1925,417,25,13947],"class_list":{"0":"post-654896","1":"post","2":"type-post","3":"status-publish","4":"format-standard","5":"has-post-thumbnail","7":"category-paris","8":"tag-actu","9":"tag-actu-paris","10":"tag-actualites","11":"tag-actualites-paris","12":"tag-emmanuel-gregoire","13":"tag-eu","14":"tag-europe","15":"tag-fr","16":"tag-france","17":"tag-news","18":"tag-news-paris","19":"tag-paris","20":"tag-paris-news","21":"tag-rachida-dati","22":"tag-republique-francaise","23":"tag-sondage"},"share_on_mastodon":{"url":"https:\/\/pubeurope.com\/@fr\/115873170410138871","error":""},"_links":{"self":[{"href":"https:\/\/www.europesays.com\/fr\/wp-json\/wp\/v2\/posts\/654896","targetHints":{"allow":["GET"]}}],"collection":[{"href":"https:\/\/www.europesays.com\/fr\/wp-json\/wp\/v2\/posts"}],"about":[{"href":"https:\/\/www.europesays.com\/fr\/wp-json\/wp\/v2\/types\/post"}],"author":[{"embeddable":true,"href":"https:\/\/www.europesays.com\/fr\/wp-json\/wp\/v2\/users\/2"}],"replies":[{"embeddable":true,"href":"https:\/\/www.europesays.com\/fr\/wp-json\/wp\/v2\/comments?post=654896"}],"version-history":[{"count":0,"href":"https:\/\/www.europesays.com\/fr\/wp-json\/wp\/v2\/posts\/654896\/revisions"}],"wp:featuredmedia":[{"embeddable":true,"href":"https:\/\/www.europesays.com\/fr\/wp-json\/wp\/v2\/media\/654897"}],"wp:attachment":[{"href":"https:\/\/www.europesays.com\/fr\/wp-json\/wp\/v2\/media?parent=654896"}],"wp:term":[{"taxonomy":"category","embeddable":true,"href":"https:\/\/www.europesays.com\/fr\/wp-json\/wp\/v2\/categories?post=654896"},{"taxonomy":"post_tag","embeddable":true,"href":"https:\/\/www.europesays.com\/fr\/wp-json\/wp\/v2\/tags?post=654896"}],"curies":[{"name":"wp","href":"https:\/\/api.w.org\/{rel}","templated":true}]}}