{"id":654898,"date":"2026-01-10T22:30:12","date_gmt":"2026-01-10T22:30:12","guid":{"rendered":"https:\/\/www.europesays.com\/fr\/654898\/"},"modified":"2026-01-10T22:30:12","modified_gmt":"2026-01-10T22:30:12","slug":"psg-pfc-les-joueurs-de-luis-enrique-sont-pleinement-tournes-vers-le-derby","status":"publish","type":"post","link":"https:\/\/www.europesays.com\/fr\/654898\/","title":{"rendered":"PSG-PFC\u00a0: les joueurs de Luis Enrique sont pleinement tourn\u00e9s vers le derby"},"content":{"rendered":"<p class=\"paragraph text_align_left lp-f-body-02\">C\u2019est avec un titre de plus en poche et des sourires sur les visages que les joueurs<a href=\"https:\/\/www.leparisien.fr\/sports\/football\/psg\/\" target=\"_blank\" rel=\"noreferrer noopener\"> du PSG<\/a> ont retrouv\u00e9 les terrains d\u2019entra\u00eenement ce samedi apr\u00e8s-midi \u00e0 Poissy. Au repos vendredi apr\u00e8s avoir regagn\u00e9 Paris dans la matin\u00e9e depuis le Kowe\u00eft, o\u00f9 ils ont rafl\u00e9 <a href=\"https:\/\/www.leparisien.fr\/sports\/football\/psg\/psg-om-2-2-4-1-tab-et-a-la-fin-cest-toujours-paris-qui-gagne-08-01-2026-VG5CR456QBHRVDXQ2SE77F2FKM.php\" target=\"_blank\" rel=\"noreferrer noopener\">le Troph\u00e9e des champions face \u00e0 l\u2019OM<\/a> (2-2, 4-1 t.a.b.), les Parisiens se sont r\u00e9unis pour pr\u00e9parer leur prochain rendez-vous. <\/p>\n<p class=\"\">C\u2019est un 16e de finale de Coupe de France face <a href=\"https:\/\/www.leparisien.fr\/sports\/football\/paris-fc\/\" target=\"_blank\" rel=\"noreferrer noopener\">au Paris FC<\/a> qui attend les hommes de Luis Enrique lundi soir au Parc des Princes (21h10). Une troisi\u00e8me comp\u00e9tition disput\u00e9e par les partenaires de Marquinhos depuis le d\u00e9but de l\u2019ann\u00e9e. Matvey Safonov, qui porte toujours une attelle \u00e0 sa main gauche, Kang-in Lee, Quentin Ndjantou, bless\u00e9s, devraient une nouvelle fois manquer \u00e0 l\u2019appel.<\/p>\n<p class=\"\">Une semaine apr\u00e8s avoir remport\u00e9 le premier derby parisien de la saison en Ligue 1 (2-1), les joueurs du PSG sont tout aussi d\u00e9termin\u00e9s et veulent de nouveau asseoir leur domination contre leur voisin. La Coupe de France demeure un vrai objectif dans la saison des Parisiens, vainqueurs des deux derni\u00e8res \u00e9ditions, et Luis Enrique, qui y est tr\u00e8s attach\u00e9, aborde cette prochaine rencontre avec la m\u00eame exigence.<\/p>\n<p>Chevalier encore dans le but ?<\/p>\n<p class=\"\">Le coach espagnol sera tout de m\u00eame contraint de remodeler son \u00e9quipe qui a donn\u00e9 physiquement jeudi dernier contre Marseille et qui rejouera d\u00e8s vendredi soir, toujours au Parc des Princes, face \u00e0 Lille.<\/p>\n<p class=\"\">Alors qu\u2019il avait offert \u00e0 Renato Marin sa premi\u00e8re titularisation de la saison lors du pr\u00e9c\u00e9dent tour contre Vend\u00e9e Fontenay, l\u2019entra\u00eeneur parisien fera-t-il de nouveau confiance au gardien italo-br\u00e9silien ? Compte tenu de l\u2019opposition et de sa forme du moment apr\u00e8s avoir jou\u00e9 son meilleur match de la saison cette semaine au Kowe\u00eft, Lucas Chevalier pourrait plut\u00f4t encha\u00eener dans le but.<\/p>\n<p class=\"\">Luis Enrique aura le temps de m\u00fbrir sa r\u00e9flexion quant \u00e0 sa composition d\u2019\u00e9quipe apr\u00e8s la derni\u00e8re s\u00e9ance d\u2019entra\u00eenement pr\u00e9vue dimanche matin qui pr\u00e9c\u00e9dera sa conf\u00e9rence de presse \u00e0 13 heures.<\/p>\n","protected":false},"excerpt":{"rendered":"C\u2019est avec un titre de plus en poche et des sourires sur les visages que les joueurs du&hellip;\n","protected":false},"author":2,"featured_media":654899,"comment_status":"","ping_status":"","sticky":false,"template":"","format":"standard","meta":{"footnotes":""},"categories":[1888],"tags":[1111,1928,11,1927,1777,674,63,1011,27,12,1926,626,1925,93,25,60],"class_list":{"0":"post-654898","1":"post","2":"type-post","3":"status-publish","4":"format-standard","5":"has-post-thumbnail","7":"category-paris","8":"tag-actu","9":"tag-actu-paris","10":"tag-actualites","11":"tag-actualites-paris","12":"tag-eu","13":"tag-europe","14":"tag-football","15":"tag-fr","16":"tag-france","17":"tag-news","18":"tag-news-paris","19":"tag-paris","20":"tag-paris-news","21":"tag-psg","22":"tag-republique-francaise","23":"tag-sports"},"share_on_mastodon":{"url":"https:\/\/pubeurope.com\/@fr\/115873174249558385","error":""},"_links":{"self":[{"href":"https:\/\/www.europesays.com\/fr\/wp-json\/wp\/v2\/posts\/654898","targetHints":{"allow":["GET"]}}],"collection":[{"href":"https:\/\/www.europesays.com\/fr\/wp-json\/wp\/v2\/posts"}],"about":[{"href":"https:\/\/www.europesays.com\/fr\/wp-json\/wp\/v2\/types\/post"}],"author":[{"embeddable":true,"href":"https:\/\/www.europesays.com\/fr\/wp-json\/wp\/v2\/users\/2"}],"replies":[{"embeddable":true,"href":"https:\/\/www.europesays.com\/fr\/wp-json\/wp\/v2\/comments?post=654898"}],"version-history":[{"count":0,"href":"https:\/\/www.europesays.com\/fr\/wp-json\/wp\/v2\/posts\/654898\/revisions"}],"wp:featuredmedia":[{"embeddable":true,"href":"https:\/\/www.europesays.com\/fr\/wp-json\/wp\/v2\/media\/654899"}],"wp:attachment":[{"href":"https:\/\/www.europesays.com\/fr\/wp-json\/wp\/v2\/media?parent=654898"}],"wp:term":[{"taxonomy":"category","embeddable":true,"href":"https:\/\/www.europesays.com\/fr\/wp-json\/wp\/v2\/categories?post=654898"},{"taxonomy":"post_tag","embeddable":true,"href":"https:\/\/www.europesays.com\/fr\/wp-json\/wp\/v2\/tags?post=654898"}],"curies":[{"name":"wp","href":"https:\/\/api.w.org\/{rel}","templated":true}]}}