{"id":654900,"date":"2026-01-10T22:31:13","date_gmt":"2026-01-10T22:31:13","guid":{"rendered":"https:\/\/www.europesays.com\/fr\/654900\/"},"modified":"2026-01-10T22:31:13","modified_gmt":"2026-01-10T22:31:13","slug":"paris-immortalisee-dans-la-boum-la-main-jaune-temple-du-roller-disco-se-remet-en-piste","status":"publish","type":"post","link":"https:\/\/www.europesays.com\/fr\/654900\/","title":{"rendered":"Paris\u00a0: immortalis\u00e9e dans \u00ab\u00a0La Boum\u00a0\u00bb, la Main Jaune, temple du roller disco, se remet en piste"},"content":{"rendered":"<p class=\"paragraph text_align_left lp-f-body-02\">Apr\u00e8s des ann\u00e9es d\u2019attente et de p\u00e9rip\u00e9ties, La Main Jaune, cet ancien parking du <a href=\"https:\/\/www.leparisien.fr\/paris-75\/paris-75017\/\" target=\"_blank\" rel=\"noreferrer noopener\">XVIIe<\/a> arrondissement devenu une ic\u00f4ne de la nuit parisienne d\u00e8s 1979 va rena\u00eetre. Plus de 20 ans apr\u00e8s sa fermeture en 2003. \u00ab On sort vraiment d\u2019une bataille, on a enfin pu commencer nos travaux et on esp\u00e8re une ouverture avant l\u2019\u00e9t\u00e9 \u00bb, nous confie Mathias Colomba, l\u2019un des trois directeurs associ\u00e9s.<\/p>\n<p class=\"\">L\u2019\u00e9quipe &#8211; laur\u00e9ate du projet \u00ab <a href=\"https:\/\/www.leparisien.fr\/paris-75\/vers-la-renaissance-de-la-main-jaune-18-03-2018-7615518.php\" target=\"_blank\" rel=\"noreferrer noopener\">R\u00e9inventer Paris<\/a> \u00bb lanc\u00e9 par la municipalit\u00e9 en 2017 &#8211; a tenu \u00e0 conserver l\u2019essence m\u00eame de La Main Jaune, ce lieu de rendez-vous des ados des ann\u00e9es 1980, r\u00e9put\u00e9 pour ses rambardes jaunes, son toboggan et sa piste circulaire.<\/p>\n","protected":false},"excerpt":{"rendered":"Apr\u00e8s des ann\u00e9es d\u2019attente et de p\u00e9rip\u00e9ties, La Main Jaune, cet ancien parking du XVIIe arrondissement devenu une&hellip;\n","protected":false},"author":2,"featured_media":654901,"comment_status":"","ping_status":"","sticky":false,"template":"","format":"standard","meta":{"footnotes":""},"categories":[1888],"tags":[11,872,1777,674,1011,27,1944,12,626,25],"class_list":{"0":"post-654900","1":"post","2":"type-post","3":"status-publish","4":"format-standard","5":"has-post-thumbnail","7":"category-paris","8":"tag-actualites","9":"tag-culture-et-loisirs","10":"tag-eu","11":"tag-europe","12":"tag-fr","13":"tag-france","14":"tag-ma-ville","15":"tag-news","16":"tag-paris","17":"tag-republique-francaise"},"share_on_mastodon":{"url":"https:\/\/pubeurope.com\/@fr\/115873178365172397","error":""},"_links":{"self":[{"href":"https:\/\/www.europesays.com\/fr\/wp-json\/wp\/v2\/posts\/654900","targetHints":{"allow":["GET"]}}],"collection":[{"href":"https:\/\/www.europesays.com\/fr\/wp-json\/wp\/v2\/posts"}],"about":[{"href":"https:\/\/www.europesays.com\/fr\/wp-json\/wp\/v2\/types\/post"}],"author":[{"embeddable":true,"href":"https:\/\/www.europesays.com\/fr\/wp-json\/wp\/v2\/users\/2"}],"replies":[{"embeddable":true,"href":"https:\/\/www.europesays.com\/fr\/wp-json\/wp\/v2\/comments?post=654900"}],"version-history":[{"count":0,"href":"https:\/\/www.europesays.com\/fr\/wp-json\/wp\/v2\/posts\/654900\/revisions"}],"wp:featuredmedia":[{"embeddable":true,"href":"https:\/\/www.europesays.com\/fr\/wp-json\/wp\/v2\/media\/654901"}],"wp:attachment":[{"href":"https:\/\/www.europesays.com\/fr\/wp-json\/wp\/v2\/media?parent=654900"}],"wp:term":[{"taxonomy":"category","embeddable":true,"href":"https:\/\/www.europesays.com\/fr\/wp-json\/wp\/v2\/categories?post=654900"},{"taxonomy":"post_tag","embeddable":true,"href":"https:\/\/www.europesays.com\/fr\/wp-json\/wp\/v2\/tags?post=654900"}],"curies":[{"name":"wp","href":"https:\/\/api.w.org\/{rel}","templated":true}]}}