{"id":654902,"date":"2026-01-10T22:32:13","date_gmt":"2026-01-10T22:32:13","guid":{"rendered":"https:\/\/www.europesays.com\/fr\/654902\/"},"modified":"2026-01-10T22:32:13","modified_gmt":"2026-01-10T22:32:13","slug":"sondage-exclusif-rachida-dati-et-emmanuel-gregoire-au-coude-a-coude-a-paris","status":"publish","type":"post","link":"https:\/\/www.europesays.com\/fr\/654902\/","title":{"rendered":"SONDAGE EXCLUSIF. Rachida Dati et Emmanuel Gr\u00e9goire au coude-\u00e0-coude \u00e0 Paris"},"content":{"rendered":"<p>\u00c0 deux mois<strong> <\/strong>du premier tour des \u00e9lections municipales, le suspense est maximal dans la capitale. <a href=\"https:\/\/www.latribune.fr\/article\/la-tribune-dimanche\/politique\/21272090312129\/l-outrance-de-mes-adversaires-je-m-en-fous-les-premieres-impressions-de-campagne-de-rachida-dati\" target=\"_blank\" rel=\"noopener\">Rachida Dati<\/a> parviendra-t-elle \u00e0 mettre un terme \u00e0 un quart de si\u00e8cle de r\u00e8gne socialiste \u00e0 Paris\u2009? <a href=\"https:\/\/www.latribune.fr\/article\/la-tribune-dimanche\/municipales\/12887769674088\/emmanuel-gregoire-candidat-ps-a-la-mairie-de-paris-rachida-dati-est-une-excellente-tiktokeuse-je-nai-retenu-aucune-de-ses-propositions\" target=\"_blank\" rel=\"noopener\">Emmanuel Gr\u00e9goire<\/a> r\u00e9ussira-t-il \u00e0 incarner \u00e0 gauche l\u2019apr\u00e8s-Hidalgo\u2009?<\/p>\n<p>Entre les adversaires LR et PS, le match s\u2019annonce tr\u00e8s serr\u00e9 selon le sondage Elabe-Berger-Levrault r\u00e9alis\u00e9 pour La Tribune Dimanche et BFMTV.<\/p>\n<p><img alt=\"Les intentions de vote au premier tour.\" loading=\"lazy\" width=\"0\" height=\"0\" decoding=\"async\" data-nimg=\"1\" class=\"rounded w-full max-w-[1000px] h-auto\" style=\"color:transparent\" src=\"https:\/\/www.europesays.com\/fr\/wp-content\/uploads\/2026\/01\/les-intentions-de-vote-au-premier-tour-1768074417_a8120078926969c120078926960220v_.jpg\"\/>Les intentions de vote au premier tour. (Cr\u00e9dits : LTD\/Ipsos-Cesi \u00c9cole d\u2019ing\u00e9nieurs pour La Tribune Dimanche)<\/p>\n<p>Selon cette enqu\u00eate, Emmanuel Gr\u00e9goire arriverait en t\u00eate au premier tour. Avec 33\u202f%, le d\u00e9put\u00e9 PS b\u00e9n\u00e9ficie \u00e0 plein de l\u2019alliance qu\u2019il a nou\u00e9e en d\u00e9cembre avec David Belliard, le leader \u00e9cologiste \u00e0 l\u2019H\u00f4tel de Ville.\u00a0Rachida Dati, dont les vid\u00e9os virales ont marqu\u00e9 le d\u00e9but de la campagne, est en deuxi\u00e8me position avec 26\u202f%.<\/p>\n<p><a href=\"https:\/\/www.latribune.fr\/la-tribune-dimanche\/opinions\/opinion-le-sursaut-de-la-coalition-ou-la-chienlit-avant-le-chaos-par-pierre-yves-bournazel-candidat-a-la-mairie-de-paris-1032152.html\" target=\"_blank\" rel=\"noopener\">Pierre-Yves Bournazel<\/a>, le candidat Horizons, auquel s\u2019est ralli\u00e9 Renaissance, r\u00e9colte 16\u202f%. T\u00eate de liste Insoumise, <a href=\"https:\/\/www.latribune.fr\/article\/la-tribune-dimanche\/opinions\/8128898543152914\/opinion-maires-insoumis-nous-ferons-du-periscolaire-un-veritable-service-public-d-education-communale-par-sophia-chikirou-et-91-candidats-lfi-aux-municipales\" target=\"_blank\" rel=\"noopener\">Sophia Chikirou<\/a> est \u00e0 11\u202f%. Entr\u00e9e en lice mercredi 7 janvier lors du 20\u202fHeures de TF1, <a href=\"https:\/\/www.latribune.fr\/article\/la-tribune-dimanche\/politique\/3601205513552414\/a-quoi-joue-sarah-knafo-enquete-sur-la-cousine-utile-de-la-droite\" target=\"_blank\" rel=\"noopener\">Sarah Knafo<\/a> totalise 9\u202f%. La candidate Reconqu\u00eate fr\u00f4le ainsi le seuil des 10\u202f% des suffrages exprim\u00e9s, n\u00e9cessaire pour se qualifier au second tour et surtout distance largement Thierry Mariani, le chef de file RN, qui n\u2019obtiendrait que 5\u202f%.<\/p>\n<p><img alt=\"Dans le cas de figure o\u00f9 chacune des listes d\u00e9passant actuellement les 10 % se maintient.\" loading=\"lazy\" width=\"0\" height=\"0\" decoding=\"async\" data-nimg=\"1\" class=\"rounded w-full max-w-[1000px] h-auto\" style=\"color:transparent\" src=\"https:\/\/www.europesays.com\/fr\/wp-content\/uploads\/2026\/01\/dans-le-cas-de-figure-ou-chacune-des-listes-depassant-actuellement-les-10-se-maintient-1768074417_43.jpeg\"\/>Dans le cas de figure o\u00f9 chacune des listes d\u00e9passant actuellement les 10 % se maintient. (Cr\u00e9dits : LTD\/Ipsos-Cesi \u00c9cole d\u2019ing\u00e9nieurs pour La Tribune Dimanche)<\/p>\n<p>En fonction de ces r\u00e9sultats, c\u2019est une quadrangulaire qui se dessinerait en vue du second tour. Emmanuel Gr\u00e9goire l\u2019emporterait d\u2019un cheveu avec 36\u202f% contre 35\u202f% pour Rachida Dati (17\u202f% pour Pierre-Yves Bournazel et 12\u202f% pour Sophia Chikirou).<\/p>\n<p><strong>La menace Bournazel<\/strong>&#13;\n<\/p>\n<p>\u00ab\u202fM\u00eame si les deux premiers candidats sont tr\u00e8s largement en t\u00eate au premier tour, ils sont entre les mains de faiseurs de roi, en conclut Bernard Sanan\u00e8s, le pr\u00e9sident de l\u2019institut de sondage Elabe. Cela les emp\u00eache de profiter de leur dynamique.\u202f\u00bb Pour Rachida Dati, comme pour Emmanuel Gr\u00e9goire, tout d\u00e9pendra en effet de la configuration finale du second tour. La ministre de la Culture est d\u2019une part sous la menace du maintien du Pierre-Yves Bournazel, qui est tr\u00e8s s\u00e9v\u00e8re avec elle dans son livre La Bataille pour Paris paru cette semaine (Plon), et d\u2019autre part de la qualification de Sarah Knafo.<\/p>\n<p><img alt=\"Le duel Emmanuel Gr\u00e9goire\/ Rachida Dati\" loading=\"lazy\" width=\"0\" height=\"0\" decoding=\"async\" data-nimg=\"1\" class=\"rounded w-full max-w-[1000px] h-auto\" style=\"color:transparent\" src=\"https:\/\/www.europesays.com\/fr\/wp-content\/uploads\/2026\/01\/le-duel-emmanuel-gregoire-rachida-dati-1768074418_e5588d8792696ef588d87926974688v_.jpg\"\/>Le duel Emmanuel Gr\u00e9goire\/ Rachida Dati (Cr\u00e9dits : LTD\/Ipsos-Cesi \u00c9cole d\u2019ing\u00e9nieurs pour La Tribune Dimanche)<\/p>\n<p>Si la candidate de Reconqu\u00eate n\u2019y parvient pas, ce sera une bonne nouvelle pour la maire LR du 7e\u202farrondissement car elle r\u00e9cup\u00e8re alors 80\u202f% de ses \u00e9lecteurs. Emmanuel Gr\u00e9goire est, lui, sous la menace du maintien de Sophia Chikirou, qui a d\u2019ores et d\u00e9j\u00e0 d\u00e9clar\u00e9 qu\u2019\u00ab\u202fil ne fallait pas qu\u2019un socialiste soit maire\u202f\u00bb. Pour l\u2019instant, la d\u00e9put\u00e9e LFI est loin des scores de son parti dans la capitale aux europ\u00e9ennes de juin\u202f2024 (17\u202f%). En mati\u00e8re d\u2019image, c\u2019est elle qui appara\u00eet la plus clivante. 22\u202f% ont une bonne image de la m\u00e9lenchoniste et 53\u202f% une mauvaise. Emmanuel Gr\u00e9goire a 42\u202f% de bonne image et 35\u202f% de mauvaise, Rachida Dati respectivement 42\u202f% et 56\u202f%, Pierre-Yves Bournazel 33\u202f% et 32\u202f%, Sarah Knafo 27\u202f% et 52\u202f%, Thierry Mariani 23\u202f% et 51\u202f%.<\/p>\n<p><img alt=\"La triangulaire avec la France Insoumise si Sophia Chirikou se maintient.\" loading=\"lazy\" width=\"0\" height=\"0\" decoding=\"async\" data-nimg=\"1\" class=\"rounded w-full max-w-[1000px] h-auto\" style=\"color:transparent\" src=\"https:\/\/www.europesays.com\/fr\/wp-content\/uploads\/2026\/01\/la-triangulaire-avec-la-france-insoumise-si-sophia-chirikou-se-maintient-1768074418_8f31bd0892696634.jpeg\"\/>La triangulaire avec la France Insoumise si Sophia Chirikou se maintient. (Cr\u00e9dits : LTD\/Ipsos-Cesi \u00c9cole d\u2019ing\u00e9nieurs pour La Tribune Dimanche)<\/p>\n<p><strong>Duel Knafo-Mariani<\/strong>&#13;\n<\/p>\n<p>Dans ces conditions, une bataille de vote utile va s\u2019engager dans une campagne qui s\u2019annonce tr\u00e8s violente. Rachida Dati va mettre en avant le fait qu\u2019elle est, pour l\u2019instant, la seule \u00e0 droite et au centre \u00e0 pouvoir amener l\u2019alternance dans la capitale. Pour y r\u00e9sister, Pierre-Yves Bournazel, arrivera-t-il \u00e0 convaincre qu\u2019il peut passer devant elle\u2009? De son c\u00f4t\u00e9, Emmanuel Gr\u00e9goire expliquera qu\u2019il est le seul qui peut faire barrage \u00e0 la ministre de la Culture. Enfin, \u00e0 l\u2019extr\u00eame droite, Sarah Knafo va, elle, tenter d\u2019aspirer les \u00e9lecteurs de <a href=\"https:\/\/www.latribune.fr\/politique\/2021-05-25\/regionales-thierry-mariani-de-simple-militant-a-candidat-tenace-885345.html\" target=\"_blank\" rel=\"noopener\">Thierry Mariani<\/a>, sans dynamique, en revendiquant \u00eatre le vote utile au sein d\u2019un espace qui avait surperform\u00e9 aux \u00e9lections europ\u00e9ennes de juin\u202f2024\u2009: les listes RN et Reconqu\u00eate avaient obtenu un total de 14\u202f%.<\/p>\n<p><img alt=\"La triangulaire avec Reconqu\u00eate.\" loading=\"lazy\" width=\"0\" height=\"0\" decoding=\"async\" data-nimg=\"1\" class=\"rounded w-full max-w-[1000px] h-auto\" style=\"color:transparent\" src=\"https:\/\/www.europesays.com\/fr\/wp-content\/uploads\/2026\/01\/la-triangulaire-avec-reconquete-1768074418_ffc6474892696b3d64748926967d64v_.jpg\"\/>La triangulaire avec Reconqu\u00eate. (Cr\u00e9dits : LTD\/Ipsos-Cesi \u00c9cole d\u2019ing\u00e9nieurs pour La Tribune Dimanche)<\/p>\n<p>Une nouveaut\u00e9 accentuera jusqu\u2019au bout l\u2019incertitude globale. Les r\u00e8gles \u00e9lectorales ne seront plus les m\u00eames que lors des pr\u00e9c\u00e9dents scrutins. L\u2019an pass\u00e9, sous l\u2019impulsion du gouvernement Bayrou, la loi dite \u00ab<a href=\"https:\/\/www.latribune.fr\/article\/la-tribune-dimanche\/municipales\/18328754497891\/ce-que-la-reforme-de-la-loi-plm-va-changer-a-paris-lyon-et-marseille\" target=\"_blank\" rel=\"noopener\">\u202fPLM\u202f<\/a>\u00bb a \u00e9t\u00e9 modifi\u00e9e. D\u00e9sormais les Parisiens \u00e9liront directement leur maire (c\u2019\u00e9tait auparavant un coll\u00e8ge issu des conseils d\u2019arrondissement qui y proc\u00e9dait). Quelle cons\u00e9quence aura cette modification\u2009? Personne ne peut v\u00e9ritablement l\u2019anticiper, alors que, dans notre enqu\u00eate, la gauche totalise 45\u202f%. C\u2019est le m\u00eame niveau qu\u2019aux pr\u00e9c\u00e9dentes municipales de 2020. La droite et le centre obtiennent eux 42\u202f%. C\u2019est moins qu\u2019il y a six ans. Les listes de Rachida Dati, d\u2019<a href=\"https:\/\/www.latribune.fr\/economie\/france\/agnes-buzyn-je-ne-suis-pas-sure-qu-aujourd-hui-la-france-ait-des-raisons-de-depenser-plus-pour-la-sante-1015501.html\" target=\"_blank\" rel=\"noopener\">Agn\u00e8s Buzyn<\/a>, la candidate Renaissance, et du dissident macroniste C\u00e9dric Villani totalisaient 48\u202f%.<\/p>\n<p>\u00ab\u202fPierre-Yves Bournazel ne r\u00e9cup\u00e8re pas la somme des scores d\u2019Agn\u00e8s Buzyn et de <a href=\"https:\/\/www.latribune.fr\/la-tribune-dimanche\/politique\/j-ai-un-bien-meilleur-equilibre-entre-les-blettes-les-tomates-et-les-conferences-la-nouvelle-vie-de-cedric-villani-1031376.html\" target=\"_blank\" rel=\"noopener\">C\u00e9dric Villani<\/a>, soit 25\u202f%, note Bernard Sanan\u00e8s. Il y a une moindre mobilisation des \u00e9lecteurs du bloc central, voire une partie qui peut voter en faveur d\u2019Emmanuel Gr\u00e9goire.\u202f\u00bb Le successeur d\u2019<a href=\"https:\/\/www.latribune.fr\/article\/la-tribune-dimanche\/politique\/91850879832028\/l-etrange-fin-de-regne-d-anne-hidalgo\" target=\"_blank\" rel=\"noopener\">Anne Hidalgo,<\/a> qui jusqu\u2019\u00e0 pr\u00e9sent ne s\u2019est pas exprim\u00e9e en sa faveur, pourrait n\u00e9anmoins souffrir d\u2019un handicap. La s\u00e9curit\u00e9 et la propret\u00e9 font partie des priorit\u00e9s des Parisiens. Ce sont deux dossiers sur lesquels la municipalit\u00e9 sortante est tr\u00e8s mal jug\u00e9e.\u202f<\/p>\n","protected":false},"excerpt":{"rendered":"\u00c0 deux mois du premier tour des \u00e9lections municipales, le suspense est maximal dans la capitale. Rachida Dati&hellip;\n","protected":false},"author":2,"featured_media":654903,"comment_status":"","ping_status":"","sticky":false,"template":"","format":"standard","meta":{"footnotes":""},"categories":[1888],"tags":[5734,11,75769,33380,11513,1777,674,3384,1011,27,17261,3102,12,626,33379,25,13947],"class_list":{"0":"post-654902","1":"post","2":"type-post","3":"status-publish","4":"format-standard","5":"has-post-thumbnail","7":"category-paris","8":"tag-5734","9":"tag-actualites","10":"tag-coude-a-coude","11":"tag-dati","12":"tag-emmanuel","13":"tag-eu","14":"tag-europe","15":"tag-exclusif","16":"tag-fr","17":"tag-france","18":"tag-gregoire","19":"tag-la-tribune-dimanche","20":"tag-news","21":"tag-paris","22":"tag-rachida","23":"tag-republique-francaise","24":"tag-sondage"},"share_on_mastodon":{"url":"https:\/\/pubeurope.com\/@fr\/115873182346967962","error":""},"_links":{"self":[{"href":"https:\/\/www.europesays.com\/fr\/wp-json\/wp\/v2\/posts\/654902","targetHints":{"allow":["GET"]}}],"collection":[{"href":"https:\/\/www.europesays.com\/fr\/wp-json\/wp\/v2\/posts"}],"about":[{"href":"https:\/\/www.europesays.com\/fr\/wp-json\/wp\/v2\/types\/post"}],"author":[{"embeddable":true,"href":"https:\/\/www.europesays.com\/fr\/wp-json\/wp\/v2\/users\/2"}],"replies":[{"embeddable":true,"href":"https:\/\/www.europesays.com\/fr\/wp-json\/wp\/v2\/comments?post=654902"}],"version-history":[{"count":0,"href":"https:\/\/www.europesays.com\/fr\/wp-json\/wp\/v2\/posts\/654902\/revisions"}],"wp:featuredmedia":[{"embeddable":true,"href":"https:\/\/www.europesays.com\/fr\/wp-json\/wp\/v2\/media\/654903"}],"wp:attachment":[{"href":"https:\/\/www.europesays.com\/fr\/wp-json\/wp\/v2\/media?parent=654902"}],"wp:term":[{"taxonomy":"category","embeddable":true,"href":"https:\/\/www.europesays.com\/fr\/wp-json\/wp\/v2\/categories?post=654902"},{"taxonomy":"post_tag","embeddable":true,"href":"https:\/\/www.europesays.com\/fr\/wp-json\/wp\/v2\/tags?post=654902"}],"curies":[{"name":"wp","href":"https:\/\/api.w.org\/{rel}","templated":true}]}}