{"id":654908,"date":"2026-01-10T22:35:11","date_gmt":"2026-01-10T22:35:11","guid":{"rendered":"https:\/\/www.europesays.com\/fr\/654908\/"},"modified":"2026-01-10T22:35:11","modified_gmt":"2026-01-10T22:35:11","slug":"une-americaine-tuee-par-lice-des-centaines-de-manifestations-aux-usa-toute-lactualite-en-france-et-dans-le-monde","status":"publish","type":"post","link":"https:\/\/www.europesays.com\/fr\/654908\/","title":{"rendered":"Une Am\u00e9ricaine tu\u00e9e par l&rsquo;ICE: Des centaines de manifestations aux USA | Toute l\u2019actualit\u00e9 en France et dans le Monde"},"content":{"rendered":"\n<p>Des centaines de rassemblements ont lieu samedi \u00e0 travers les \u00c9tats-Unis pour protester contre les m\u00e9thodes de la police f\u00e9d\u00e9rale de l&rsquo;immigration (ICE), apr\u00e8s la mort par balle mercredi d&rsquo;une m\u00e8re de famille am\u00e9ricaine \u00e0 Minneapolis. Trois \u00e9lus d\u00e9mocrates, dont la repr\u00e9sentante Ilhan Omar, se sont vu refuser l&rsquo;acc\u00e8s \u00e0 un b\u00e2timent f\u00e9d\u00e9ral de l&rsquo;ICE lors d&rsquo;une tentative de visite samedi.<\/p>\n<p>Renee Nicole Good, 37 ans, a \u00e9t\u00e9 tu\u00e9e mercredi par un agent de l&rsquo;ICE \u00e0 Minneapolis. L&rsquo;agent Jonathan Ross a ouvert le feu pendant une op\u00e9ration d&rsquo;immigration. L&rsquo;administration a diffus\u00e9 vendredi une vid\u00e9o prise par l&rsquo;agent, montrant le SUV rouge de la victime avant les tirs.<\/p>\n<p>Des milliers d&rsquo;habitants de Minneapolis ont manifest\u00e9 samedi par -7 degr\u00e9s. Les protestataires ont scand\u00e9 le nom de la victime et brandi des pancartes hostiles \u00e0 la police f\u00e9d\u00e9rale. \u00abPlus personne n&#8217;emp\u00eache d\u00e9sormais l&rsquo;administration Trump de tuer des citoyens, de voler et d&rsquo;enlever des \u00eatres humains. Il est temps que \u00e7a s&rsquo;arr\u00eate\u00bb, a d\u00e9clar\u00e9 Drew Lenzmeier, un manifestant de 30 ans. Le slogan \u00abICE, out for Good\u00bb (\u00abICE, dehors pour de bon\u00bb) a r\u00e9sonn\u00e9 dans les rues.<\/p>\n<p>Ilhan Omar, repr\u00e9sentante d\u00e9mocrate du Minnesota d&rsquo;origine somalienne, faisait partie des trois \u00e9lus refoul\u00e9s samedi. \u00abCe qui s&rsquo;est pass\u00e9 aujourd&rsquo;hui est une tentative flagrante d&#8217;emp\u00eacher des membres du Congr\u00e8s d&rsquo;exercer leur mission de contr\u00f4le\u00bb, a-t-elle d\u00e9nonc\u00e9. Minneapolis, bastion d\u00e9mocrate, est devenu un point focal de l&rsquo;opposition \u00e0 la politique d&rsquo;immigration de Trump.<\/p>\n<p>Versions contradictoires<\/p>\n<p>Le gouvernement affirme que l&rsquo;agent a agi en l\u00e9gitime d\u00e9fense. L&rsquo;administration soutient que Renee Nicole Good a tent\u00e9 de le renverser avec son v\u00e9hicule. La vid\u00e9o diffus\u00e9e montre la victime dire \u00abJe ne suis pas en col\u00e8re contre toi\u00bb avant les coups de feu. Une voix masculine non identifi\u00e9e lance \u00abPutain de connasse\u00bb apr\u00e8s les tirs.<\/p>\n","protected":false},"excerpt":{"rendered":"Des centaines de rassemblements ont lieu samedi \u00e0 travers les \u00c9tats-Unis pour protester contre les m\u00e9thodes de la&hellip;\n","protected":false},"author":2,"featured_media":654909,"comment_status":"","ping_status":"","sticky":false,"template":"","format":"standard","meta":{"footnotes":""},"categories":[1589],"tags":[11,73,1866,12,9024,1864,1865,1863,308],"class_list":{"0":"post-654908","1":"post","2":"type-post","3":"status-publish","4":"format-standard","5":"has-post-thumbnail","7":"category-etats-unis","8":"tag-actualites","9":"tag-etats-unis","10":"tag-etats-unis-damerique","11":"tag-news","12":"tag-politics","13":"tag-united-states","14":"tag-united-states-of-america","15":"tag-us","16":"tag-usa"},"share_on_mastodon":{"url":"https:\/\/pubeurope.com\/@fr\/115873194194760399","error":""},"_links":{"self":[{"href":"https:\/\/www.europesays.com\/fr\/wp-json\/wp\/v2\/posts\/654908","targetHints":{"allow":["GET"]}}],"collection":[{"href":"https:\/\/www.europesays.com\/fr\/wp-json\/wp\/v2\/posts"}],"about":[{"href":"https:\/\/www.europesays.com\/fr\/wp-json\/wp\/v2\/types\/post"}],"author":[{"embeddable":true,"href":"https:\/\/www.europesays.com\/fr\/wp-json\/wp\/v2\/users\/2"}],"replies":[{"embeddable":true,"href":"https:\/\/www.europesays.com\/fr\/wp-json\/wp\/v2\/comments?post=654908"}],"version-history":[{"count":0,"href":"https:\/\/www.europesays.com\/fr\/wp-json\/wp\/v2\/posts\/654908\/revisions"}],"wp:featuredmedia":[{"embeddable":true,"href":"https:\/\/www.europesays.com\/fr\/wp-json\/wp\/v2\/media\/654909"}],"wp:attachment":[{"href":"https:\/\/www.europesays.com\/fr\/wp-json\/wp\/v2\/media?parent=654908"}],"wp:term":[{"taxonomy":"category","embeddable":true,"href":"https:\/\/www.europesays.com\/fr\/wp-json\/wp\/v2\/categories?post=654908"},{"taxonomy":"post_tag","embeddable":true,"href":"https:\/\/www.europesays.com\/fr\/wp-json\/wp\/v2\/tags?post=654908"}],"curies":[{"name":"wp","href":"https:\/\/api.w.org\/{rel}","templated":true}]}}