{"id":654910,"date":"2026-01-10T22:36:16","date_gmt":"2026-01-10T22:36:16","guid":{"rendered":"https:\/\/www.europesays.com\/fr\/654910\/"},"modified":"2026-01-10T22:36:16","modified_gmt":"2026-01-10T22:36:16","slug":"au-royaume-uni-le-gouvernement-veut-abaisser-le-taux-dalcool-autorise-au-volant-de-08-a-05g-litre-de-sang","status":"publish","type":"post","link":"https:\/\/www.europesays.com\/fr\/654910\/","title":{"rendered":"Au Royaume-Uni, le gouvernement veut abaisser le taux d&rsquo;alcool autoris\u00e9 au volant de 0,8 \u00e0 0,5g\/ litre de sang"},"content":{"rendered":"<p>Au Royaume-Uni, le gouvernement veut abaisser le taux d&rsquo;alcool autoris\u00e9 au volant de 0,8 \u00e0 0,5g\/ litre de sangSur le m\u00eame sujet<a href=\"https:\/\/www.bfmtv.com\/international\/europe\/angleterre\/video-au-royaume-uni-le-gouvernement-veut-abaisser-le-taux-d-alcool-autorise-au-volant-de-0-8-a-0-5g-litre-de-sang_VN-202601100346.html\" title=\"Au Royaume-Uni, le gouvernement veut abaisser le taux d&#039;alcool autoris\u00e9 au volant de 0,8 \u00e0 0,5g\/ litre de sang\" target=\"_blank\" rel=\"noopener\"><img width=\"16\" height=\"9\" class=\"lozad\"  alt=\"Au Royaume-Uni, le gouvernement veut abaisser le taux d'alcool autoris\u00e9 au volant de 0,8 \u00e0 0,5g\/ litre de sang\"\/>en lectureAu Royaume-Uni, le gouvernement veut abaisser le taux d&rsquo;alcool autoris\u00e9 au volant de 0,8 \u00e0 0,5g\/ litre de sang<\/a><a href=\"https:\/\/www.bfmtv.com\/international\/europe\/angleterre\/video-angleterre-un-canal-s-effondre-des-peniches-coincees_VN-202512240379.html\" title=\"Angleterre: un canal s&#039;effondre, des p\u00e9niches coinc\u00e9es \" target=\"_blank\" rel=\"noopener\"><img width=\"16\" height=\"9\" class=\"lozad\"  alt=\"Angleterre: un canal s'effondre, des p\u00e9niches coinc\u00e9es \"\/>0:39Angleterre: un canal s&rsquo;effondre, des p\u00e9niches coinc\u00e9es<\/a><a href=\"https:\/\/www.bfmtv.com\/international\/europe\/angleterre\/video-passer-a-la-charia-pourquoi-donald-trump-s-en-prend-t-il-a-londres-et-a-son-maire_VN-202512080218.html\" title=\"&quot;Passer \u00e0 la Charia&quot;: Pourquoi Donald Trump s&#039;en prend t-il \u00e0 Londres et \u00e0 son maire?\" target=\"_blank\" rel=\"noopener\"><img width=\"16\" height=\"9\" class=\"lozad\"  alt=\"&quot;Passer \u00e0 la Charia&quot;: Pourquoi Donald Trump s'en prend t-il \u00e0 Londres et \u00e0 son maire?\"\/>2:12&Prime;Passer \u00e0 la Charia\u00a0\u00bb: Pourquoi Donald Trump s&rsquo;en prend t-il \u00e0 Londres et \u00e0 son maire?<\/a><a href=\"https:\/\/www.bfmtv.com\/international\/europe\/angleterre\/video-angleterre-le-suspect-de-l-attaque-au-couteau-dans-un-train-toujours-en-garde-a-vue-la-piste-de-l-acte-isole-privilegiee_VN-202511030220.html\" title=\"Angleterre: le suspect de l&#039;attaque au couteau dans un train toujours en garde \u00e0 vue, la piste de l&#039;acte isol\u00e9 privil\u00e9gi\u00e9e\" target=\"_blank\" rel=\"noopener\"><img width=\"16\" height=\"9\" class=\"lozad\"  alt=\"Angleterre: le suspect de l'attaque au couteau dans un train toujours en garde \u00e0 vue, la piste de l'acte isol\u00e9 privil\u00e9gi\u00e9e\"\/>1:07Angleterre: le suspect de l&rsquo;attaque au couteau dans un train toujours en garde \u00e0 vue, la piste de l&rsquo;acte isol\u00e9 privil\u00e9gi\u00e9e<\/a><a href=\"https:\/\/www.bfmtv.com\/people\/tetes-couronnees\/video-avant-le-prince-andrew-d-autres-membres-de-la-famille-royale-ont-ils-renonce-a-leur-titre-royal_VN-202510210737.html\" title=\"Avant le prince Andrew, d&#039;autres membres de la famille royale ont-ils renonc\u00e9 \u00e0 leur titre royal? \" target=\"_blank\" rel=\"noopener\"><img width=\"16\" height=\"9\" class=\"lozad\"  alt=\"Avant le prince Andrew, d'autres membres de la famille royale ont-ils renonc\u00e9 \u00e0 leur titre royal? \"\/>1:23Avant le prince Andrew, d&rsquo;autres membres de la famille royale ont-ils renonc\u00e9 \u00e0 leur titre royal?<\/a><a href=\"https:\/\/www.bfmtv.com\/politique\/video-le-prince-andrew-est-un-homme-totalement-immature-decrit-stephane-bern-apres-le-renoncement-du-duc-d-york-a-son-titre-royal_VN-202510180212.html\" title=\"Le prince Andrew est &quot;un homme totalement immature&quot;, d\u00e9crit St\u00e9phane Bern, apr\u00e8s le renoncement du duc d&#039;York \u00e0 son titre royal\" target=\"_blank\" rel=\"noopener\"><img width=\"16\" height=\"9\" class=\"lozad\"  alt=\"Le prince Andrew est &quot;un homme totalement immature&quot;, d\u00e9crit St\u00e9phane Bern, apr\u00e8s le renoncement du duc d'York \u00e0 son titre royal\"\/>5:27Le prince Andrew est \u00ab\u00a0un homme totalement immature\u00a0\u00bb, d\u00e9crit St\u00e9phane Bern, apr\u00e8s le renoncement du duc d&rsquo;York \u00e0 son titre royal<\/a><a href=\"https:\/\/www.bfmtv.com\/international\/europe\/angleterre\/video-l-angleterre-nouvel-eldorado-du-champagne_VN-202510100179.html\" title=\"L&#039;Angleterre, nouvel eldorado du &quot;champagne&quot;?\" target=\"_blank\" rel=\"noopener\"><img width=\"16\" height=\"9\" class=\"lozad\"  alt=\"L'Angleterre, nouvel eldorado du &quot;champagne&quot;?\"\/>4:10L&rsquo;Angleterre, nouvel eldorado du \u00ab\u00a0champagne\u00a0\u00bb?<\/a><a href=\"https:\/\/www.bfmtv.com\/international\/europe\/angleterre\/video-royaume-uni-une-attaque-a-l-exterieur-d-une-synagogue-fait-quatre-blesses-a-manchester_VN-202510020515.html\" title=\"Royaume-Uni: une attaque \u00e0 l&#039;ext\u00e9rieur d&#039;une synagogue fait quatre bless\u00e9s \u00e0 Manchester\" target=\"_blank\" rel=\"noopener\"><img width=\"16\" height=\"9\" class=\"lozad\"  alt=\"Royaume-Uni: une attaque \u00e0 l'ext\u00e9rieur d'une synagogue fait quatre bless\u00e9s \u00e0 Manchester\"\/>1:12Royaume-Uni: une attaque \u00e0 l&rsquo;ext\u00e9rieur d&rsquo;une synagogue fait quatre bless\u00e9s \u00e0 Manchester<\/a><a href=\"https:\/\/www.bfmtv.com\/replay-emissions\/robin-de-bfm\/video-robin-de-bfm-dans-le-nord-un-collectif-citoyen-vient-en-aide-aux-migrants_VN-202510010859.html\" title=\" ROBIN DE BFM - Dans le Nord, un collectif citoyen vient en aide aux migrants \" target=\"_blank\" rel=\"noopener\"><img width=\"16\" height=\"9\" class=\"lozad\"  alt=\" ROBIN DE BFM - Dans le Nord, un collectif citoyen vient en aide aux migrants \"\/>3:38ROBIN DE BFM &#8211; Dans le Nord, un collectif citoyen vient en aide aux migrants<\/a><a href=\"https:\/\/www.bfmtv.com\/international\/europe\/angleterre\/video-la-rivalite-de-longue-date-entre-donald-trump-et-sadiq-khan-le-maire-de-londres_VN-202509190599.html\" title=\"La rivalit\u00e9 de longue date entre Donald Trump et Sadiq Khan, le maire de Londres\" target=\"_blank\" rel=\"noopener\"><img width=\"16\" height=\"9\" class=\"lozad\"  alt=\"La rivalit\u00e9 de longue date entre Donald Trump et Sadiq Khan, le maire de Londres\"\/>1:53La rivalit\u00e9 de longue date entre Donald Trump et Sadiq Khan, le maire de Londres<\/a><a href=\"https:\/\/www.bfmtv.com\/international\/europe\/angleterre\/video-donald-trump-recu-ce-soir-par-le-roi-charles-iii-a-winsdor-malgre-certaines-oppositions-au-sein-du-royaume-uni_VN-202509170927.html\" title=\"Donald Trump re\u00e7u ce soir par le roi Charles III \u00e0 Windsor, malgr\u00e9 certaines oppositions au sein du Royaume-Uni\" target=\"_blank\" rel=\"noopener\"><img width=\"16\" height=\"9\" class=\"lozad\"  alt=\"Donald Trump re\u00e7u ce soir par le roi Charles III \u00e0 Windsor, malgr\u00e9 certaines oppositions au sein du Royaume-Uni\"\/>1:52Donald Trump re\u00e7u ce soir par le roi Charles III \u00e0 Windsor, malgr\u00e9 certaines oppositions au sein du Royaume-Uni<\/a><a href=\"https:\/\/www.bfmtv.com\/international\/europe\/angleterre\/video-visite-de-donald-trump-au-royaume-uni-un-faste-royal-xxl_VN-202509170924.html\" title=\"Visite de Donald Trump au Royaume-Uni: un faste royal xxl?\" target=\"_blank\" rel=\"noopener\"><img width=\"16\" height=\"9\" class=\"lozad\"  alt=\"Visite de Donald Trump au Royaume-Uni: un faste royal xxl?\"\/>1:35Visite de Donald Trump au Royaume-Uni: un faste royal xxl?<\/a><a href=\"https:\/\/www.bfmtv.com\/international\/europe\/angleterre\/video-accueil-royal-a-windsor-pour-donald-trump-le-roi-charles-iii-et-le-president-americain-partagent-un-carrosse-lors-de-la-parade-royale_VN-202509170568.html\" title=\"Accueil royal \u00e0 Windsor pour Donald Trump: Le Roi Charles III et le pr\u00e9sident am\u00e9ricain partagent un carrosse lors de la parade royale\" target=\"_blank\" rel=\"noopener\"><img width=\"16\" height=\"9\" class=\"lozad\"  alt=\"Accueil royal \u00e0 Windsor pour Donald Trump: Le Roi Charles III et le pr\u00e9sident am\u00e9ricain partagent un carrosse lors de la parade royale\"\/>1:44Accueil royal \u00e0 Windsor pour Donald Trump: Le Roi Charles III et le pr\u00e9sident am\u00e9ricain partagent un carrosse lors de la parade royale<\/a><a href=\"https:\/\/www.bfmtv.com\/international\/europe\/angleterre\/video-visite-de-donald-trump-a-windsor-la-famille-royale-accueille-le-couple-presidentiel_VN-202509170558.html\" title=\"Visite de Donald Trump \u00e0 Windsor: La famille royale accueille le couple pr\u00e9sidentiel\" target=\"_blank\" rel=\"noopener\"><img width=\"16\" height=\"9\" class=\"lozad\"  alt=\"Visite de Donald Trump \u00e0 Windsor: La famille royale accueille le couple pr\u00e9sidentiel\"\/>1:53Visite de Donald Trump \u00e0 Windsor: La famille royale accueille le couple pr\u00e9sidentiel<\/a><a class=\"jumpToVideo\" target=\"_blank\"><img class=\"thumbnailPreview\"\/><\/a><\/p>\n","protected":false},"excerpt":{"rendered":"Au Royaume-Uni, le gouvernement veut abaisser le taux d&rsquo;alcool autoris\u00e9 au volant de 0,8 \u00e0 0,5g\/ litre de&hellip;\n","protected":false},"author":2,"featured_media":654911,"comment_status":"","ping_status":"","sticky":false,"template":"","format":"standard","meta":{"footnotes":""},"categories":[1588],"tags":[11,1777,674,12,473,1853,1851,1850,1852],"class_list":{"0":"post-654910","1":"post","2":"type-post","3":"status-publish","4":"format-standard","5":"has-post-thumbnail","7":"category-royaume-uni","8":"tag-actualites","9":"tag-eu","10":"tag-europe","11":"tag-news","12":"tag-royaume-uni","13":"tag-royaume-uni-de-grande-bretagne-et-dirlande-du-nord","14":"tag-uk","15":"tag-united-kingdom","16":"tag-united-kingdom-of-great-britain-and-northern-ireland"},"share_on_mastodon":{"url":"https:\/\/pubeurope.com\/@fr\/115873197807796925","error":""},"_links":{"self":[{"href":"https:\/\/www.europesays.com\/fr\/wp-json\/wp\/v2\/posts\/654910","targetHints":{"allow":["GET"]}}],"collection":[{"href":"https:\/\/www.europesays.com\/fr\/wp-json\/wp\/v2\/posts"}],"about":[{"href":"https:\/\/www.europesays.com\/fr\/wp-json\/wp\/v2\/types\/post"}],"author":[{"embeddable":true,"href":"https:\/\/www.europesays.com\/fr\/wp-json\/wp\/v2\/users\/2"}],"replies":[{"embeddable":true,"href":"https:\/\/www.europesays.com\/fr\/wp-json\/wp\/v2\/comments?post=654910"}],"version-history":[{"count":0,"href":"https:\/\/www.europesays.com\/fr\/wp-json\/wp\/v2\/posts\/654910\/revisions"}],"wp:featuredmedia":[{"embeddable":true,"href":"https:\/\/www.europesays.com\/fr\/wp-json\/wp\/v2\/media\/654911"}],"wp:attachment":[{"href":"https:\/\/www.europesays.com\/fr\/wp-json\/wp\/v2\/media?parent=654910"}],"wp:term":[{"taxonomy":"category","embeddable":true,"href":"https:\/\/www.europesays.com\/fr\/wp-json\/wp\/v2\/categories?post=654910"},{"taxonomy":"post_tag","embeddable":true,"href":"https:\/\/www.europesays.com\/fr\/wp-json\/wp\/v2\/tags?post=654910"}],"curies":[{"name":"wp","href":"https:\/\/api.w.org\/{rel}","templated":true}]}}