{"id":654912,"date":"2026-01-10T22:37:17","date_gmt":"2026-01-10T22:37:17","guid":{"rendered":"https:\/\/www.europesays.com\/fr\/654912\/"},"modified":"2026-01-10T22:37:17","modified_gmt":"2026-01-10T22:37:17","slug":"record-en-matiere-de-creations-de-start-up","status":"publish","type":"post","link":"https:\/\/www.europesays.com\/fr\/654912\/","title":{"rendered":"Record en mati\u00e8re de cr\u00e9ations de start-up"},"content":{"rendered":"<p>(.de)\u00a0\u2013\u00a0En 2025, l\u2019Allemagne a atteint un nouveau record en mati\u00e8re de cr\u00e9ation de start-up en enregistrant 3\u00a0568\u00a0nouvelles entreprises, soit une augmentation de 29\u00a0pour\u00a0cent par rapport \u00e0 2024. \u00ab\u00a0Cela d\u00e9montre le courage et le dynamisme de l\u2019entrepreneuriat allemand\u00a0\u00bb, souligne Kati Ernst, la vice-pr\u00e9sidente de l\u2019association f\u00e9d\u00e9rale allemande des start-up, qui publie ces chiffres. C\u2019est le secteur des logiciels qui enregistre, de loin, la plus forte augmentation en valeur absolue, passant de 618\u00a0nouvelles cr\u00e9ations en 2024 \u00e0 853 en 2025. Par ailleurs, 27\u00a0pour\u00a0cent de toutes les start-up nouvellement cr\u00e9\u00e9es utilisent l\u2019intelligence artificielle en tant que composante importante de leur mod\u00e8le \u00e9conomique\u00a0: une augmentation significative par rapport \u00e0 l\u2019ann\u00e9e pr\u00e9c\u00e9dente.\u00a0<\/p>\n","protected":false},"excerpt":{"rendered":"(.de)\u00a0\u2013\u00a0En 2025, l\u2019Allemagne a atteint un nouveau record en mati\u00e8re de cr\u00e9ation de start-up en enregistrant 3\u00a0568\u00a0nouvelles entreprises,&hellip;\n","protected":false},"author":2,"featured_media":654913,"comment_status":"","ping_status":"","sticky":false,"template":"","format":"standard","meta":{"footnotes":""},"categories":[1587],"tags":[11,672,1804,1805,1803,1777,674,1801,12,1802],"class_list":{"0":"post-654912","1":"post","2":"type-post","3":"status-publish","4":"format-standard","5":"has-post-thumbnail","7":"category-allemagne","8":"tag-actualites","9":"tag-allemagne","10":"tag-bundesrepublik-deutschland","11":"tag-de","12":"tag-deutschland","13":"tag-eu","14":"tag-europe","15":"tag-germany","16":"tag-news","17":"tag-republique-federale-dallemagne"},"share_on_mastodon":{"url":"https:\/\/pubeurope.com\/@fr\/115873201808768536","error":""},"_links":{"self":[{"href":"https:\/\/www.europesays.com\/fr\/wp-json\/wp\/v2\/posts\/654912","targetHints":{"allow":["GET"]}}],"collection":[{"href":"https:\/\/www.europesays.com\/fr\/wp-json\/wp\/v2\/posts"}],"about":[{"href":"https:\/\/www.europesays.com\/fr\/wp-json\/wp\/v2\/types\/post"}],"author":[{"embeddable":true,"href":"https:\/\/www.europesays.com\/fr\/wp-json\/wp\/v2\/users\/2"}],"replies":[{"embeddable":true,"href":"https:\/\/www.europesays.com\/fr\/wp-json\/wp\/v2\/comments?post=654912"}],"version-history":[{"count":0,"href":"https:\/\/www.europesays.com\/fr\/wp-json\/wp\/v2\/posts\/654912\/revisions"}],"wp:featuredmedia":[{"embeddable":true,"href":"https:\/\/www.europesays.com\/fr\/wp-json\/wp\/v2\/media\/654913"}],"wp:attachment":[{"href":"https:\/\/www.europesays.com\/fr\/wp-json\/wp\/v2\/media?parent=654912"}],"wp:term":[{"taxonomy":"category","embeddable":true,"href":"https:\/\/www.europesays.com\/fr\/wp-json\/wp\/v2\/categories?post=654912"},{"taxonomy":"post_tag","embeddable":true,"href":"https:\/\/www.europesays.com\/fr\/wp-json\/wp\/v2\/tags?post=654912"}],"curies":[{"name":"wp","href":"https:\/\/api.w.org\/{rel}","templated":true}]}}