{"id":654916,"date":"2026-01-10T22:39:11","date_gmt":"2026-01-10T22:39:11","guid":{"rendered":"https:\/\/www.europesays.com\/fr\/654916\/"},"modified":"2026-01-10T22:39:11","modified_gmt":"2026-01-10T22:39:11","slug":"n3-19-points-decart-mais-la-gsi-pontivy-a-eu-du-fil-a-retordre-face-aux-paotred-dispount-pour-simposer","status":"publish","type":"post","link":"https:\/\/www.europesays.com\/fr\/654916\/","title":{"rendered":"N3\u00a0: 19 points d\u2019\u00e9cart mais la GSI Pontivy a eu du fil \u00e0 retordre face aux Paotred Dispount pour s\u2019imposer"},"content":{"rendered":"<p>N3 (12e journ\u00e9e). Paotred Dispount &#8211; GSI Pontivy : 1-2.<\/p>\n<p>Pour sa grande premi\u00e8re sur le banc des Paotred Dispount, <a href=\"https:\/\/footamateur.letelegramme.fr\/a-la-une\/n3-jespere-un-maintien-assez-confortable-le-nouveau-coach-des-paotred-dispount-jeremy-charneau-se-projette-pour-la-fin-de-saison-6946939.php\" target=\"_blank\" rel=\"noopener\">J\u00e9r\u00e9my Charneau<\/a> a connu en fin de match le coup de chaud des grands soirs \u00e0 Lestonan. \u00ab L\u2019ambiance du stade nous a aid\u00e9s \u00e0 pousser fort durant ce dernier quart d\u2019heure et on aurait pu \u00e9galiser. \u00bb Mais il y avait deux buts \u00e0 remonter pour son \u00e9quipe. \u00ab On perd deux ballons et on prend deux buts \u00bb, a regrett\u00e9 le nouveau coach gab\u00e9ricois.<\/p>\n<p>Les occasions font les larrons<\/p>\n<p>Les occasions ont fait les larrons \u00e0 Pontivy. En premi\u00e8re mi-temps, apr\u00e8s un tir de Nkassa sur le poteau (4\u2019), Guimard a donc profit\u00e9 d\u2019un centre de ce m\u00eame Nkassa pour ouvrir le score (0-1, 19\u2019). Et un petit quart d\u2019heure apr\u00e8s \u00eatre entr\u00e9 en jeu en seconde p\u00e9riode, Gomis a doubl\u00e9 la mise en fusillant Douguet (0-2, 82\u2019).<\/p>\n<p>\u00ab On a \u00e9t\u00e9 surpris par l\u2019intensit\u00e9 du d\u00e9but de match, Pontivy nous a mis sous pression, on a subi cette temp\u00eate. Par contre, la seconde p\u00e9riode \u00e9tait beaucoup plus \u00e9quilibr\u00e9e, on a mieux tenu le ballon. Mais quatre situations et trois frappes, il en faut plus pour marquer davantage \u00bb, a point\u00e9 J\u00e9r\u00e9my Charneau. Les Gab\u00e9ricois se sont quand m\u00eame remis \u00e0 y croire lorsqu\u2019un centre de Yambo a permis \u00e0 Ben Ali de r\u00e9duire le score (1-2, 90\u2019). Il restait cinq minutes de temps additionnel pour arracher le nul mais la GSI de <a href=\"https:\/\/footamateur.letelegramme.fr\/clubs\/gsi-pontivy\/je-nai-quune-envie-aller-au-bout-avec-ce-groupe-lance-francois-masson-lentraineur-de-la-gsi-pontivy-qui-entame-sa-deuxieme-partie-de-saison-de-n2-a-ergue-gaberic-6958957.php\" target=\"_blank\" rel=\"noopener\">Fran\u00e7ois Masson<\/a> a tenu bon.<\/p>\n<p>\u00ab Je sais o\u00f9 je veux les amener \u00bb<\/p>\n<p>\u00ab Je suis content du r\u00e9sultat et des comportements affich\u00e9s aujourd\u2019hui. J\u2019avais pr\u00e9venu mes joueurs que \u00e7a serait difficile car je consid\u00e8re que cette \u00e9quipe d\u2019Ergu\u00e9 va r\u00e9ussir \u00e0 se sauver gr\u00e2ce \u00e0 son \u00e9tat d\u2019esprit irr\u00e9prochable \u00bb, en a conclu le coach pontivyen. Celui d\u2019Ergu\u00e9 y croit \u00e9videmment encore plus : \u00ab Il y a un peu de d\u00e9ception mais je vois du positif. Les joueurs sont courageux et, apr\u00e8s ce match, je sais o\u00f9 je veux les amener. \u00bb \u00c0 suivre.<\/p>\n<p class=\"titre-tech\">La fiche technique<\/p>\n<p class=\"tech\"><strong class=\"tech\">Arbitre : <\/strong>M. Lain\u00e9.<\/p>\n<p class=\"tech\"><strong class=\"tech\">Spectateurs : <\/strong>1 017.<\/p>\n<p class=\"tech\"><strong class=\"tech\">BUTS.<\/strong> Paotred Dispount : Ben Ali (90\u2019) ; Pontivy : Guimard (19\u2019), Gomis (82\u2019).<\/p>\n<p class=\"tech\"><strong class=\"tech\">Avertissements.<\/strong> Paotred Dispount : Ben Ali (63\u2019) ; Pontivy : Le Callonnec (46\u2019), Guimard (73\u2019), Jestin (90\u2019 + 2).<\/p>\n<p class=\"tech\"><strong class=\"tech\">PAOTRED DISPOUNT <\/strong>: Douguet &#8211; Cormier, Buon (cap.), Lagadec &#8211; Le Noc, S\u00e9billeau (Qu\u00e9m\u00e9r\u00e9, 46\u2019), Gomes, Le Coz &#8211; Guillamot (Nicolas, 68\u2019), Boin (Yambo, 68\u2019), Kerherv\u00e9 (Ben Ali, 46\u2019). Entra\u00eeneur : J\u00e9r\u00e9my Charneau.<\/p>\n<p class=\"tech\"><strong class=\"tech\">PONTIVY : <\/strong>Le Corvaisier &#8211; Le Callonnec (Jestin, 85\u2019), Cl\u00e9mence, J\u00e9gat, Welsh &#8211; Liri &#8211; Et Touguani (Faure, 76\u2019), Le Gal (cap.), (Camara, 85\u2019), Laraba, Nkassa (Gomis, 68\u2019)- Guimard. Entra\u00eeneur : Fran\u00e7ois Masson.<\/p>\n","protected":false},"excerpt":{"rendered":"N3 (12e journ\u00e9e). Paotred Dispount &#8211; GSI Pontivy : 1-2. Pour sa grande premi\u00e8re sur le banc des&hellip;\n","protected":false},"author":2,"featured_media":654917,"comment_status":"","ping_status":"","sticky":false,"template":"","format":"standard","meta":{"footnotes":""},"categories":[1586],"tags":[328,11,1777,674,1779,1011,27,72432,42723,12,57007,25,1778,364],"class_list":{"0":"post-654916","1":"post","2":"type-post","3":"status-publish","4":"format-standard","5":"has-post-thumbnail","7":"category-europe","8":"tag-a-la-une","9":"tag-actualites","10":"tag-eu","11":"tag-europe","12":"tag-european-union","13":"tag-fr","14":"tag-france","15":"tag-gsi-pontivy","16":"tag-national-3","17":"tag-news","18":"tag-paotred-dispount-ergue-gaberic","19":"tag-republique-francaise","20":"tag-ue","21":"tag-union-europeenne"},"share_on_mastodon":{"url":"https:\/\/pubeurope.com\/@fr\/115873209693441089","error":""},"_links":{"self":[{"href":"https:\/\/www.europesays.com\/fr\/wp-json\/wp\/v2\/posts\/654916","targetHints":{"allow":["GET"]}}],"collection":[{"href":"https:\/\/www.europesays.com\/fr\/wp-json\/wp\/v2\/posts"}],"about":[{"href":"https:\/\/www.europesays.com\/fr\/wp-json\/wp\/v2\/types\/post"}],"author":[{"embeddable":true,"href":"https:\/\/www.europesays.com\/fr\/wp-json\/wp\/v2\/users\/2"}],"replies":[{"embeddable":true,"href":"https:\/\/www.europesays.com\/fr\/wp-json\/wp\/v2\/comments?post=654916"}],"version-history":[{"count":0,"href":"https:\/\/www.europesays.com\/fr\/wp-json\/wp\/v2\/posts\/654916\/revisions"}],"wp:featuredmedia":[{"embeddable":true,"href":"https:\/\/www.europesays.com\/fr\/wp-json\/wp\/v2\/media\/654917"}],"wp:attachment":[{"href":"https:\/\/www.europesays.com\/fr\/wp-json\/wp\/v2\/media?parent=654916"}],"wp:term":[{"taxonomy":"category","embeddable":true,"href":"https:\/\/www.europesays.com\/fr\/wp-json\/wp\/v2\/categories?post=654916"},{"taxonomy":"post_tag","embeddable":true,"href":"https:\/\/www.europesays.com\/fr\/wp-json\/wp\/v2\/tags?post=654916"}],"curies":[{"name":"wp","href":"https:\/\/api.w.org\/{rel}","templated":true}]}}