{"id":654922,"date":"2026-01-10T22:42:15","date_gmt":"2026-01-10T22:42:15","guid":{"rendered":"https:\/\/www.europesays.com\/fr\/654922\/"},"modified":"2026-01-10T22:42:15","modified_gmt":"2026-01-10T22:42:15","slug":"apres-seulement-deux-semaines-dantenne-cette-emission-daventures-diffusee-par-france-2-est-soudainement-deprogrammee-on-vous-explique-pourquoi","status":"publish","type":"post","link":"https:\/\/www.europesays.com\/fr\/654922\/","title":{"rendered":"Apr\u00e8s seulement deux semaines d\u2019antenne, cette \u00e9mission d\u2019aventures diffus\u00e9e par France 2 est soudainement d\u00e9programm\u00e9e : on vous explique pourquoi"},"content":{"rendered":"<p>                <img loading=\"lazy\" decoding=\"async\" src=\"https:\/\/www.europesays.com\/fr\/wp-content\/uploads\/2025\/04\/144-64f8c016610ee-35x35-1.jpg\" class=\"author-article-picture\" width=\"35\" height=\"35\"\/><\/p>\n<p>                    Par<\/p>\n<p>                                            <a class=\"author-article-bio-link\" href=\"https:\/\/www.purepeople.com\/auteur\/louise-martin_a144\" target=\"_blank\" rel=\"noopener\">Louise Martin<\/a><\/p>\n<p>                    |<\/p>\n<p>                                            R\u00e9dactrice<\/p>\n<p>\n                Koh Lanta, Les Marseillais mais aussi Mari\u00e9s au Premier regards\u2026 Louise Martin est une t\u00e9l\u00e9vore qui essaye, \u00e0 ses heures perdues, de refaire les g\u00e2teaux qu\u2019elle admire devant le Meilleur P\u00e2tissier\u2026 mais elle ne risque pas de gagner le tablier bleu ! Les r\u00e9seaux sociaux n\u2019ont pas de secret pour elle, les derniers scoops, les derni\u00e8res \u00e9missions, elle les conna\u00eet tous.\n            <\/p>\n<p>\n    Depuis le 30 d\u00e9cembre dernier, France 2 a diffus\u00e9 son nouveau jeu d\u2019aventure L\u2019Anneau pr\u00e9sent\u00e9 par Laurent Luyat. Mais le programme ne restera pas en prime time sur les antennes de France T\u00e9l\u00e9visions. Voici pourquoi.\n<\/p>\n<p>                                                        <img decoding=\"async\" class=\"player-thumbnail\" src=\"https:\/\/www.europesays.com\/fr\/wp-content\/uploads\/2026\/01\/98a4e908dafeb13b-580x326-2.jpg\" width=\"580\" height=\"326\" loading=\"lazy\"\/><\/p>\n<p>                            Apr\u00e8s seulement deux semaines d\u2019antenne, cette \u00e9mission d\u2019aventures diffus\u00e9e par France 2 est soudainement d\u00e9programm\u00e9e : on vous explique pourquoi<\/p>\n<p>La suite apr\u00e8s la publicit\u00e9<\/p>\n<p>La promesse \u00e9tait ambitieuse. Un jeu d\u2019aventure en haute montagne. Des candidats confront\u00e9s au froid, \u00e0 la strat\u00e9gie et \u00e0 leurs propres limites. Pourtant, apr\u00e8s seulement deux semaines de diffusion, <strong>L\u2019Anneau dispara\u00eet d\u00e9j\u00e0 du prime time de <\/strong><a href=\"https:\/\/www.purepeople.com\/article\/ce-celebre-animateur-n-a-pas-digere-l-arret-de-son-emission-sur-france-2-apres-20-ans-a-l-antenne-et-il-le-fait-savoir_a546111\/1\" target=\"_blank\" rel=\"noopener\"><strong>France 2.<\/strong><\/a><\/p>\n<p>Lanc\u00e9 fin d\u00e9cembre, le programme avait tout pour s\u00e9duire. Treize participants, enferm\u00e9s dans un p\u00e9rim\u00e8tre restreint, form\u00e9 par un anneau et une r\u00e8gle implacable : <strong>ne jamais sortir de l\u2019Anneau<\/strong> sous peine d\u2019\u00e9limination imm\u00e9diate. Dans le d\u00e9cor rude du <a href=\"https:\/\/www.purepeople.com\/article\/prince-albert-ii-de-monaco-rencontres-sauvages-dans-le-mercantour_a163683\/1\" target=\"_blank\" rel=\"noopener\">Mercantour<\/a>, les candidats vivaient en bivouac. Objectif final : remporter des cristaux dissimul\u00e9s dans la nature. Et esp\u00e9rer d\u00e9crocher jusqu\u2019\u00e0 100 000 euros. <a href=\"https:\/\/www.purepeople.com\/article\/lannee-a-part-danne-sophie-lapix-apres-son-depart-de-france-2-cette-region-ou-elle-se-rend-est-son-refuge_a544956\/1\" target=\"_blank\" rel=\"noopener\">France 2<\/a> misait aussi sur la narration.<\/p>\n<p>Outre ce nouveau concept, <a href=\"https:\/\/www.purepeople.com\/article\/maryse-burgot-grand-reporter-de-france-televisions-envoyee-en-ukraine-cette-belle-attention-de-lun-de-ses-fils-quelle-a-eus-avec-son-ex-mari_a546185\/1\" target=\"_blank\" rel=\"noopener\">France T\u00e9l\u00e9visions<\/a> a mis\u00e9 sur<strong> <\/strong><a href=\"https:\/\/www.purepeople.com\/article\/laurent-luyat-au-fond-du-precipice-apres-avoir-ete-licencie-dun-grand-media-national_a540894\/1\" target=\"_blank\" rel=\"noopener\"><strong>Laurent Luyat<\/strong><\/a><strong> pour incarner le programme.<\/strong> Pour le groupe, dans un communiqu\u00e9, il est \u00ab\u00a0un rep\u00e8re pour le public, au c\u0153ur d\u2019un jeu o\u00f9 rien n\u2019est jamais acquis\u00a0\u00bb.\u00a0<\/p>\n<p>Des audiences en chute libre<\/p>\n<p>Malgr\u00e9 ces atouts, le public n\u2019a pas suivi. Diffus\u00e9 les 30 d\u00e9cembre et 6 janvier \u00e0 21h10, <strong>le jeu n\u2019a visiblement pas convaincu.<\/strong> Selon M\u00e9diam\u00e9trie, un peu plus d\u2019un million de personnes avaient regard\u00e9 le lancement. Une semaine plus tard, ils n\u2019\u00e9taient plus que 868 000 en moyenne. La part d\u2019audience est tomb\u00e9e \u00e0 5 %. France 2, cit\u00e9 par le Parisien, reconna\u00eet que <strong>\u00ab\u00a0la part d\u2019audience de cette \u00e9mission a enregistr\u00e9 une d\u00e9cote de \u2013 19 %\u00a0\u00bb.<\/strong><\/p>\n<p>Face \u00e0 ces r\u00e9sultats, la cha\u00eene a d\u00e9cid\u00e9 de rel\u00e9guer les derniers \u00e9pisodes en deuxi\u00e8me partie de soir\u00e9e, le 13 janvier, \u00e0 partir de 23h10. Le vainqueur ne sera donc connu qu\u2019en pleine nuit. En prime time, France 2 proposera \u00e0 la place <a href=\"https:\/\/www.purepeople.com\/article\/le-grand-echiquier-de-retour-sur-france-2-claire-chazal-et-andre-manoukian-celebrent-lafrique-avec-de-grands-artistes_a541809\/1\" target=\"_blank\" rel=\"noopener\">Le Grand \u00c9chiquier<\/a>, consacr\u00e9 \u00e0 <a href=\"https:\/\/www.purepeople.com\/people\/claude-francois_p278\" target=\"_blank\" rel=\"noopener\">Claude Fran\u00e7ois<\/a>.<\/p>\n<p>L\u2019Anneau rejoint ainsi la liste des jeux stopp\u00e9s pr\u00e9matur\u00e9ment. Quelques jours plus t\u00f4t, M6 a pris une d\u00e9cision semblable avec <a href=\"https:\/\/www.purepeople.com\/article\/on-a-vu-le-premier-episode-de-pandore-le-nouveau-jeu-dolivier-minne-sur-m6-au-programme-un-candidat-bien-connu-du-petit-ecran-et-100-000-euros-a-gagner_a545384\/1\" target=\"_blank\" rel=\"noopener\">Pandore<\/a>. Le dernier num\u00e9ro du jeu pr\u00e9sent\u00e9 par <a href=\"https:\/\/www.purepeople.com\/people\/olivier-minne_p1389\" target=\"_blank\" rel=\"noopener\">Olivier Minne<\/a> a \u00e9t\u00e9 repouss\u00e9 en seconde partie de soir\u00e9e. \u00ab\u00a0Je trouve cela dommage et j\u2019aurais ador\u00e9 que l\u2019\u00e9mission trouve son public, mais aussi qu\u2019il y ait d\u2019autres saisons pour que l\u2019on puisse voir les candidats des saisons suivantes, comment ils auraient r\u00e9agi au jeu, quelles auraient \u00e9t\u00e9 les m\u00e9caniques\u00a0\u00bb, avait alors r\u00e9agi aupr\u00e8s de T\u00e9l\u00e9 Loisirs, <a href=\"https:\/\/www.purepeople.com\/article\/bruno-hourcade-les-12-coups-de-midi-a-quitte-paris-et-a-fait-une-transformation-mais-pas-physique_a525250\/1\" target=\"_blank\" rel=\"noopener\">Bruno Hourcade<\/a>, candidat du jeu.\u00a0<\/p>\n","protected":false},"excerpt":{"rendered":"Par Louise Martin | R\u00e9dactrice Koh Lanta, Les Marseillais mais aussi Mari\u00e9s au Premier regards\u2026 Louise Martin est&hellip;\n","protected":false},"author":2,"featured_media":654923,"comment_status":"","ping_status":"","sticky":false,"template":"","format":"standard","meta":{"footnotes":""},"categories":[4],"tags":[11,1011,27,12,25],"class_list":{"0":"post-654922","1":"post","2":"type-post","3":"status-publish","4":"format-standard","5":"has-post-thumbnail","7":"category-france","8":"tag-actualites","9":"tag-fr","10":"tag-france","11":"tag-news","12":"tag-republique-francaise"},"share_on_mastodon":{"url":"https:\/\/pubeurope.com\/@fr\/115873221427395578","error":""},"_links":{"self":[{"href":"https:\/\/www.europesays.com\/fr\/wp-json\/wp\/v2\/posts\/654922","targetHints":{"allow":["GET"]}}],"collection":[{"href":"https:\/\/www.europesays.com\/fr\/wp-json\/wp\/v2\/posts"}],"about":[{"href":"https:\/\/www.europesays.com\/fr\/wp-json\/wp\/v2\/types\/post"}],"author":[{"embeddable":true,"href":"https:\/\/www.europesays.com\/fr\/wp-json\/wp\/v2\/users\/2"}],"replies":[{"embeddable":true,"href":"https:\/\/www.europesays.com\/fr\/wp-json\/wp\/v2\/comments?post=654922"}],"version-history":[{"count":0,"href":"https:\/\/www.europesays.com\/fr\/wp-json\/wp\/v2\/posts\/654922\/revisions"}],"wp:featuredmedia":[{"embeddable":true,"href":"https:\/\/www.europesays.com\/fr\/wp-json\/wp\/v2\/media\/654923"}],"wp:attachment":[{"href":"https:\/\/www.europesays.com\/fr\/wp-json\/wp\/v2\/media?parent=654922"}],"wp:term":[{"taxonomy":"category","embeddable":true,"href":"https:\/\/www.europesays.com\/fr\/wp-json\/wp\/v2\/categories?post=654922"},{"taxonomy":"post_tag","embeddable":true,"href":"https:\/\/www.europesays.com\/fr\/wp-json\/wp\/v2\/tags?post=654922"}],"curies":[{"name":"wp","href":"https:\/\/api.w.org\/{rel}","templated":true}]}}