{"id":654932,"date":"2026-01-10T22:52:10","date_gmt":"2026-01-10T22:52:10","guid":{"rendered":"https:\/\/www.europesays.com\/fr\/654932\/"},"modified":"2026-01-10T22:52:10","modified_gmt":"2026-01-10T22:52:10","slug":"danse-avec-les-stars-squeezie-trop-cher-pour-lemission-le-youtubeur-repond","status":"publish","type":"post","link":"https:\/\/www.europesays.com\/fr\/654932\/","title":{"rendered":"Danse avec les stars\u00a0: Squeezie trop cher pour l\u2019\u00e9mission\u00a0? Le YouTubeur r\u00e9pond"},"content":{"rendered":"<p>\n                                                                Alors qu\u2019une source interne de la production avait annonc\u00e9 que le vid\u00e9aste ne participerait pas \u00e0 l\u2019\u00e9mission de TF1 en raison d\u2019un cachet trop important, l\u2019int\u00e9ress\u00e9 a d\u00e9menti la rumeur de sa participation \u00e0 DALS.\n                            <\/p>\n<p>Une rumeur vite essouffl\u00e9e. Le 2\u00a0janvier dernier, <a href=\"https:\/\/www.voici.fr\/television\/exclu-danse-avec-les-stars-cette-star-trop-chere-pour-tf1-que-la-chaine-reve-pourtant-de-convaincre-817235\" target=\"_blank\" rel=\"noopener\">Voici <\/a>r\u00e9v\u00e9lait que le YouTubeur Squeezie \u2014 de son vrai nom Lucas Hauchard \u2014 <a href=\"https:\/\/www.midilibre.fr\/2026\/01\/02\/il-aurait-demande-250-000-euros-pour-participer-a-danse-avec-les-stars-trop-chere-pour-tf1-cette-star-ne-sera-pas-dans-la-prochaine-saison-13141121.php\" target=\"_blank\" rel=\"noopener\">\u00e9tait proche de rejoindre le casting de la 15e saison de Danse avec les stars<\/a> (DALS), mais que cela ne s\u2019\u00e9tait pas fait en raison d\u2019un manque de fonds de la production de l\u2019\u00e9mission.<\/p>\n<p>En effet, une source interne de DALS confiait \u00e0 Voici que le deuxi\u00e8me YouTubeur de France avait demand\u00e9 250\u00a0000\u00a0euros de cachet pour participer au programme. Une somme que n\u2019a pu d\u00e9bourser TF1.<\/p>\n<blockquote cite=\"https:\/\/www.tiktok.com\/@squeezie.clips\/video\/7592961546943253782\" data-video-id=\"7592961546943253782\" style=\"max-width: 605px;min-width: 325px;\" data-class=\"tiktok-embed\"><p>  <a target=\"_blank\" title=\"@squeezie.clips\" href=\"https:\/\/www.tiktok.com\/@squeezie.clips?refer=embed\" rel=\"noopener\">@squeezie.clips<\/a> <\/p>\n<p>Pourquoi Squeezie a refus\u00e9 Danse Avec Les Stars<\/p>\n<p> <a target=\"_blank\" title=\"\u266c son original - Squeezie\" href=\"https:\/\/www.tiktok.com\/music\/son-original-7592961553339632406?refer=embed\" rel=\"noopener\">\u266c son original &#8211; Squeezie<\/a>  <\/p><\/blockquote>\n<p>Comme on le peut dans ce Tik-Tok, le 7\u00a0janvier, <a href=\"https:\/\/www.midilibre.fr\/2025\/09\/22\/avec-5-millions-dabonnes-il-est-le-youtubeur-francais-le-plus-suivi-pourquoi-la-chaine-twitch-de-squeezie-a-ete-suspendue-en-plein-live-12946109.php\" target=\"_blank\" rel=\"noopener\">Squeezie lui-m\u00eame a expliqu\u00e9 dans un live Twitch<\/a> que l\u2019information \u00e9tait une infox\u00a0: \u00ab\u00a0Ils n\u2019ont jamais demand\u00e9. Et je ne l\u2019aurais jamais fait. C\u2019est une pure fake news, qui sort de je ne sais pas o\u00f9.\u00a0\u00bb<\/p>\n<p>\u00ab\u00a0J\u2019ai demand\u00e9 deux millions, ils ont dit non\u00a0\u00bb<\/p>\n<p>En r\u00e9action, le vid\u00e9aste a ironis\u00e9 sur la situation et d\u00e9clare avec second degr\u00e9\u00a0: <a href=\"https:\/\/www.midilibre.fr\/2026\/01\/05\/la-nouvelle-saison-de-danse-avec-les-stars-na-pas-encore-debute-que-les-annonces-de-departs-senchainent-13144203.php\" target=\"_blank\" rel=\"noopener\">\u00ab\u00a0<\/a><a href=\"https:\/\/www.midilibre.fr\/2026\/01\/05\/la-nouvelle-saison-de-danse-avec-les-stars-na-pas-encore-debute-que-les-annonces-de-departs-senchainent-13144203.php\" target=\"_blank\" rel=\"noopener\">Danse avec les stars<\/a>\u00a0? J\u2019ai demand\u00e9 deux millions (d\u2019euros, ndlr), ils ont dit non. Enfin bon, j\u2019\u00e9tais scandalis\u00e9, alors que je m\u2019appr\u00eatais \u00e0 en demander trois. C\u2019est vraiment dommage.\u00a0\u00bb<\/p>\n<p>Dans un dernier temps, il revient au s\u00e9rieux et explique \u00e0 ses abonn\u00e9s qu\u2019il n\u2019a jamais \u00e9t\u00e9 contact\u00e9 par la production de DALS\u00a0: \u00ab\u00a0Ni eux ne voulaient de moi, ni moi je voulais du truc. Personne ne s\u2019est contact\u00e9 dans l\u2019histoire\u00a0\u00bb<\/p>\n<p>Si Squeezie ne participera donc pas \u00e0 la prochaine saison du t\u00e9l\u00e9-crochet, <a href=\"https:\/\/www.midilibre.fr\/2026\/01\/09\/danse-avec-les-stars-une-douzieme-celebrite-fera-partie-de-la-competition-decouvrez-le-casting-complet-de-la-nouvelle-saison-13152107.php\" target=\"_blank\" rel=\"noopener\">son amie et coll\u00e8gue Maghla<\/a> \u2014 de son vrai nom Barbara \u2014 repr\u00e9sentera le YouTube fran\u00e7ais dans l\u2019\u00e9mission.<\/p>\n<p>                                                                                                                                                                                                        <script async src=\"\/\/www.tiktok.com\/embed.js\"><\/script><\/p>\n","protected":false},"excerpt":{"rendered":"Alors qu\u2019une source interne de la production avait annonc\u00e9 que le vid\u00e9aste ne participerait pas \u00e0 l\u2019\u00e9mission de&hellip;\n","protected":false},"author":2,"featured_media":654933,"comment_status":"","ping_status":"","sticky":false,"template":"","format":"standard","meta":{"footnotes":""},"categories":[1359],"tags":[194,58,59,1011,27,973,68925],"class_list":{"0":"post-654932","1":"post","2":"type-post","3":"status-publish","4":"format-standard","5":"has-post-thumbnail","7":"category-people","8":"tag-danse-avec-les-stars","9":"tag-divertissement","10":"tag-entertainment","11":"tag-fr","12":"tag-france","13":"tag-people","14":"tag-tu00e9lu00e9-mu00e9dias"},"share_on_mastodon":{"url":"https:\/\/pubeurope.com\/@fr\/115873260812596381","error":""},"_links":{"self":[{"href":"https:\/\/www.europesays.com\/fr\/wp-json\/wp\/v2\/posts\/654932","targetHints":{"allow":["GET"]}}],"collection":[{"href":"https:\/\/www.europesays.com\/fr\/wp-json\/wp\/v2\/posts"}],"about":[{"href":"https:\/\/www.europesays.com\/fr\/wp-json\/wp\/v2\/types\/post"}],"author":[{"embeddable":true,"href":"https:\/\/www.europesays.com\/fr\/wp-json\/wp\/v2\/users\/2"}],"replies":[{"embeddable":true,"href":"https:\/\/www.europesays.com\/fr\/wp-json\/wp\/v2\/comments?post=654932"}],"version-history":[{"count":0,"href":"https:\/\/www.europesays.com\/fr\/wp-json\/wp\/v2\/posts\/654932\/revisions"}],"wp:featuredmedia":[{"embeddable":true,"href":"https:\/\/www.europesays.com\/fr\/wp-json\/wp\/v2\/media\/654933"}],"wp:attachment":[{"href":"https:\/\/www.europesays.com\/fr\/wp-json\/wp\/v2\/media?parent=654932"}],"wp:term":[{"taxonomy":"category","embeddable":true,"href":"https:\/\/www.europesays.com\/fr\/wp-json\/wp\/v2\/categories?post=654932"},{"taxonomy":"post_tag","embeddable":true,"href":"https:\/\/www.europesays.com\/fr\/wp-json\/wp\/v2\/tags?post=654932"}],"curies":[{"name":"wp","href":"https:\/\/api.w.org\/{rel}","templated":true}]}}