{"id":654936,"date":"2026-01-10T22:55:22","date_gmt":"2026-01-10T22:55:22","guid":{"rendered":"https:\/\/www.europesays.com\/fr\/654936\/"},"modified":"2026-01-10T22:55:22","modified_gmt":"2026-01-10T22:55:22","slug":"en-direct-star-academy-victor-ou-anouk-decouvrez-le-verdict-choc","status":"publish","type":"post","link":"https:\/\/www.europesays.com\/fr\/654936\/","title":{"rendered":"EN DIRECT &#8211; \u00ab\u00a0Star Academy\u00a0\u00bb : Victor ou Anouk ? D\u00e9couvrez le verdict choc !"},"content":{"rendered":"<ul class=\"jsx-862013697 ArticleChapo__List\">\n<li class=\"jsx-862013697 ArticleChapo__List_Item flex\">Victor a \u00e9t\u00e9 sauv\u00e9 par les t\u00e9l\u00e9spectateurs \u00e0 l&rsquo;issue du prime ce samedi soir.<\/li>\n<li class=\"jsx-862013697 ArticleChapo__List_Item flex\">C&rsquo;est donc la candidate belge qui quitte d\u00e9finitivement l&rsquo;aventure.<\/li>\n<li class=\"jsx-862013697 ArticleChapo__List_Item flex\">De son c\u00f4t\u00e9 L\u00e9a a d\u00e9croch\u00e9 sa place en demi-finale en remportant la battle du top 3 face \u00e0 Amber et Bastiaan.<\/li>\n<\/ul>\n<p>Minute par minuteVICTOR EST SAUV\u00c9 !23:46<\/p>\n<p>C&rsquo;est Victor qui est sauv\u00e9 par les t\u00e9l\u00e9spectateurs. L&rsquo;aventure s&rsquo;arr\u00eate pour Anouk. D&rsquo;apr\u00e8s Ma\u00eetre Simonin, l&rsquo;huissier de justice, les votes \u00e9taient serr\u00e9s jusqu&rsquo;au bout&#8230;<\/p>\n<p>LE VERDICT23:44<\/p>\n<p>C&rsquo;est l&rsquo;heure de d\u00e9couvrir le r\u00e9sultat des votes. Anouk ou Victor ? Qui va rester ? Qui va quitter l&rsquo;aventure ? R\u00e9ponse dans quelques instants&#8230;<\/p>\n<p>LA SURPRISE DE LUCIE EN REPLAY23:40<\/p>\n<p>Lucie Bernardoni a d\u00e9couvert son partenaire de \u00ab\u00a0Danse avec les stars\u00a0\u00bb ce soir en direct sur le plateau de la \u00ab\u00a0Star Academy\u00a0\u00bb. Regardez&#8230;<\/p>\n<p>Star Academy 2025 &#8211; Lucie d\u00e9couvre en direct son partenaire pour DALS !Source : Star Academy<\/p>\n<p><img decoding=\"async\" src=\"https:\/\/photos.tf1info.fr\/images\/383\/215\/lucie-f9d55a-8121d3-0@1x.jpeg\" alt=\"Star Academy 2025 - Lucie d\u00e9couvre en direct son partenaire pour DALS !\" loading=\"lazy\" importance=\"low\" fetchpriority=\"low\" class=\"\"\/><img decoding=\"async\" src=\"https:\/\/www.tf1info.fr\/images\/icons\/player-logo-play.svg\" alt=\"Logo lecture\" class=\"jsx-d0de44c05fe3042c PlayerLazyload__Play\"\/>VICTOR ET ANOUK S&rsquo;AFFRONTENT23:30<\/p>\n<p>Pour convaincre les t\u00e9l\u00e9spectateurs, Anouk et victor interpr\u00e8tent tour \u00e0 tour \u00ab\u00a0Ma R\u00e9v\u00e9rence\u00a0\u00bb de V\u00e9ronique Sanson. Chacun sa version, chacun son style. Lequel pr\u00e9f\u00e9rez vous ?<\/p>\n<p>LA SURPRISE POUR LUCIE !23:26<\/p>\n<p>La r\u00e9p\u00e9titrice Lucie Bernardoni participera dans quelques jours \u00e0 la nouvelle saison de \u00ab\u00a0Danse avec les stars\u00a0\u00bb sur TF1. Surprise : masqu\u00e9, son danseur vient partager un chachacha avec elle. Apr\u00e8s quelques pas ensemble, elle d\u00e9couvre qu&rsquo;il s&rsquo;agit de Christophe Licata !<\/p>\n<p>L\u00c9A EN DEMI-FINALE23:19<\/p>\n<p>Gagnante de la battle du top 3, c&rsquo;est donc la candidate suisse L\u00e9a qui est la premi\u00e8re \u00e0 d\u00e9crocher sa place pour la demi-finale. Dommage pour Bastiaan et Ambre qui disputer leur billet la semaine prochaine.<\/p>\n<p>LES PROFS VOTENT&#8230;23:18<\/p>\n<p>Qui va remporter sa place en demi-finale ? Papy donne sa voix du tableau \u00e0 L\u00e9a et pour la battle \u00e0 Ambre. Marl\u00e8ne vote L\u00e9a pour le tableau et aussi pour la battle ! Michael donne sa voix du tableau \u00e0 Ambre et sa voix de la battle \u00e0 L\u00e9a. Sofia donne sa voix du tableau \u00e0 Bastiaan et de la battle \u00e0 L\u00e9a. Jonathan donne sa voix du tableau de L\u00e9a et sa voix du battle \u00e0 Ambre. C&rsquo;est donc L\u00e9a qui est qualifi\u00e9e pour la demi-finale.<\/p>\n<p>LA BATTLE DU TOP, C&rsquo;EST MAINTENANT !23:06<\/p>\n<p>Apr\u00e8s leurs d\u00e9fis, les membres du top vont s&rsquo;affronter en battle. On commence par L\u00e9a sur \u00ab\u00a0Beautiful\u00a0\u00bb de Christina Aguilera. Une prestation puissante qui impressionne Marl\u00e8ne Schaff. Bastiaan lui succ\u00e8de sur \u00ab\u00a0Angels\u00a0\u00bb de Robbie Williams. Et on termine par Ambre sur&#8230; \u00ab\u00a0Nothing Else Matters\u00a0\u00bb de Metallica ! Une version d\u00e9coiffante qui surprend les profs.<\/p>\n<p>ON A RETROUV\u00c9 SARAH !22:58<\/p>\n<p>Bien discr\u00e8te depuis le d\u00e9but du prime, Sarah s&rsquo;offre un solo sur \u00ab\u00a0Where Is My Husband !\u00a0\u00bb de la chanteuse britannique Raye. La showgirl de la saison nous avait manqu\u00e9, non ? Truc de fou : c&rsquo;est elle qui a con\u00e7u toute sa mise en sc\u00e8ne ce soir.<\/p>\n<p>LE D\u00c9FI DE L\u00c9A EN REPLAY22:50<\/p>\n<p>La Suissesse devait interpr\u00e9ter \u00ab\u00a0L&rsquo;amour est un oiseau rebelle\u00a0\u00bb, l&rsquo;air c\u00e9l\u00e8bre de \u00ab\u00a0Carmen\u00a0\u00bb, l&rsquo;op\u00e9ra de Bizet, dans le cadre de son d\u00e9fi chant\u00e9. Regardez&#8230; et \u00e9coutez !\u00a0<\/p>\n<p>Star Academy 2025 &#8211; Le d\u00e9fi de Sofia : L\u00e9a chante \u00ab L&rsquo;amour est un oiseau rebelle \u00bb de CarmenSource : Star Academy<\/p>\n<p><img decoding=\"async\" src=\"https:\/\/photos.tf1info.fr\/images\/383\/215\/lea-ae6d8c-00f1b1-0@1x.jpeg\" alt=\"Star Academy 2025 - Le d\u00e9fi de Sofia : L\u00e9a chante \u00ab L'amour est un oiseau rebelle \u00bb de Carmen\" loading=\"lazy\" importance=\"low\" fetchpriority=\"low\" class=\"\"\/><img decoding=\"async\" src=\"https:\/\/www.tf1info.fr\/images\/icons\/player-logo-play.svg\" alt=\"Logo lecture\" class=\"jsx-d0de44c05fe3042c PlayerLazyload__Play\"\/>S\u00c9QUENCE NOSTALGIE22:40<\/p>\n<p>Nostalgique des ann\u00e9es 2000 ? Ce soir Ambre chante en duo \u00ab\u00a0Et c&rsquo;est parti\u00a0\u00bb avec N\u00e2diya son tube. \u00a0C&rsquo;est ensuite au tour de Zaho de monter sur sc\u00e8ne avec Bastiaan et Sarah pour interpr\u00e9ter \u00ab\u00a0C&rsquo;est Chelou\u00a0\u00bb. Puis Victor et Anouk de partager \u00ab\u00a0Il avait les mots\u00a0\u00bb avec Sheryfa Luna !<\/p>\n<p>D\u00c9FI LYRIQUE POUR L\u00c9A22:28<\/p>\n<p>La candidate suisse va devoir relever un d\u00e9fi vocal lanc\u00e9 par la prof de chant Sofia Morgavi : interpr\u00e9ter le classique \u00ab\u00a0Carmen\u00a0\u00bb de Bizet comme si elle \u00e9tait \u00e0 la Scala de Milan ! Un registre inhabituel pour cette fan de pop music. Visiblement sa prof est conquise. \u00ab\u00a0Je te remercie pour le bonheur que tu nous a donn\u00e9 !\u00a0\u00bb. Et vous ?<\/p>\n<p>LE D\u00c9FI DE BASTIAAN EN REPLAY22:26<\/p>\n<p>Pour gagner sa place en demi-finale, Bastiaan a relev\u00e9 le d\u00e9fi de Jonathan Jenvrin : danser 40 secondes sur \u00ab\u00a0Blinding Lights\u00a0\u00bb de The Weekend. Regardez&#8230;<\/p>\n<p>Star Academy 2025 &#8211; Le d\u00e9fi de Jon : le tableau de Bastiaan sur \u00ab Blinding Lights \u00bb de The WeekndSource : Star Academy<\/p>\n<p><img decoding=\"async\" src=\"https:\/\/photos.tf1info.fr\/images\/383\/215\/bastiaan-a86f8c-41d5e8-0@1x.jpeg\" alt=\"Star Academy 2025 - Le d\u00e9fi de Jon : le tableau de Bastiaan sur \u00ab Blinding Lights \u00bb de The Weeknd\" loading=\"lazy\" importance=\"low\" fetchpriority=\"low\" class=\"\"\/><img decoding=\"async\" src=\"https:\/\/www.tf1info.fr\/images\/icons\/player-logo-play.svg\" alt=\"Logo lecture\" class=\"jsx-d0de44c05fe3042c PlayerLazyload__Play\"\/>VICTOR ET AMBRE EN REPLAY22:16<\/p>\n<p>Pour d\u00e9fendre sa place, Victor a choisi de chanter \u00ab\u00a0All of You\u00a0\u00bb de John Legend avec sa grande copine Ambre. Si vous avez manqu\u00e9 ce beau duo, c&rsquo;est par ici&#8230;<\/p>\n<p>Star Academy 2025 &#8211; Victor et Ambre chantent \u00ab All Of Me \u00bb de John LegendSource : Star Academy<\/p>\n<p><img decoding=\"async\" src=\"https:\/\/photos.tf1info.fr\/images\/383\/215\/ambre-1f91bf-a71c7d-0@1x.jpeg\" alt=\"Star Academy 2025 - Victor et Ambre chantent \u00ab All Of Me \u00bb de John Legend\" loading=\"lazy\" importance=\"low\" fetchpriority=\"low\" class=\"\"\/><img decoding=\"async\" src=\"https:\/\/www.tf1info.fr\/images\/icons\/player-logo-play.svg\" alt=\"Logo lecture\" class=\"jsx-d0de44c05fe3042c PlayerLazyload__Play\"\/>LE D\u00c9FI DE BASTIAAN22:10<\/p>\n<p>Pour gagner sa place en demi-finale, Bastiaan doit performer sur un d\u00e9fi de danse lanc\u00e9 par son prof Jonathan Jenvrin. Sur \u00ab\u00a0Blinding Lights\u00a0\u00bb de The Weekend, il devra chanter&#8230; et danser 40 secondes stop avec les pros de l&rsquo;\u00e9mission avant de se laisser tomber dans le public. \u00ab\u00a0Je suis tellement fier de toi, Bastiaan\u00a0\u00bb, lance son prof qui juge le d\u00e9fi r\u00e9ussi.<\/p>\n<p>L\u00c9A ET MATT EN REPLAY22:08<\/p>\n<p>Vous avez manqu\u00e9 le duo de L\u00e9a avec Matt Pokora ? C&rsquo;est \u00e0 d\u00e9couvrir par ici&#8230;<\/p>\n<p>Star Academy 2025 &#8211; L\u00e9a et Matt Pokora chantent \u00ab Si on disait \u00bbSource : Star Academy<\/p>\n<p><img decoding=\"async\" src=\"https:\/\/photos.tf1info.fr\/images\/383\/215\/matt-399b7a-d438ed-0@1x.jpeg\" alt=\"Star Academy 2025 - L\u00e9a et Matt Pokora chantent \u00ab Si on disait \u00bb\" loading=\"lazy\" importance=\"low\" fetchpriority=\"low\" class=\"\"\/><img decoding=\"async\" src=\"https:\/\/www.tf1info.fr\/images\/icons\/player-logo-play.svg\" alt=\"Logo lecture\" class=\"jsx-d0de44c05fe3042c PlayerLazyload__Play\"\/>VICTOR AVEC AMBRE22:02<\/p>\n<p>Pour d\u00e9fendre sa place dans l&rsquo;aventure, Victor a choisi d&rsquo;interpr\u00e9ter \u00ab\u00a0All of Me\u00a0\u00bb de John Legend avec Ambre. \u00ab\u00a0Si je peux aider \u00e0 le sauver, je serai hyper contente\u00a0\u00bb, avoue cette derni\u00e8re. \u00ab\u00a0J&rsquo;ai encore tellement de trucs \u00e0 montrer, j&rsquo;ai envie de me battre\u00a0\u00bb, assure son camarade.<\/p>\n<p>L\u00c9A AVEC MATT POKORA21:56<\/p>\n<p>Durant les castings, la Suisse L\u00e9a avait \u00e9crit qu&rsquo;elle r\u00eavait de chanter avec Matt Pokora&#8230; La voil\u00e0 exauc\u00e9e ! Ce soir, elle interpr\u00e8te avec lui son tube \u00ab\u00a0Si on disait\u00a0\u00bb. \u00ab\u00a0Franchement ? Elle a dead \u00e7a !\u00a0\u00bb, lance son idole.<\/p>\n<p>LE D\u00c9FI DE AMBRE EN REPLAY21:49<\/p>\n<p>Elle a interpr\u00e9t\u00e9 \u00ab\u00a0Gigi l&rsquo;Amoroso\u00a0\u00bb de Dalida ce soir : revivez le d\u00e9fi th\u00e9\u00e2tral de Ambre&#8230;<\/p>\n<p>Star Academy 2025 &#8211; Le d\u00e9fi de Papy : Ambre interpr\u00e8te \u00ab Gigi L&rsquo;amoroso \u00bb de DalidaSource : Star Academy<\/p>\n<p><img decoding=\"async\" src=\"https:\/\/photos.tf1info.fr\/images\/383\/215\/ambre-7359c8-2371c4-0@1x.jpeg\" alt=\"Star Academy 2025 - Le d\u00e9fi de Papy : Ambre interpr\u00e8te \u00ab Gigi L'amoroso \u00bb de Dalida\" loading=\"lazy\" importance=\"low\" fetchpriority=\"low\" class=\"\"\/><img decoding=\"async\" src=\"https:\/\/www.tf1info.fr\/images\/icons\/player-logo-play.svg\" alt=\"Logo lecture\" class=\"jsx-d0de44c05fe3042c PlayerLazyload__Play\"\/>ANOUK AVEC BASTIAAN21:40<\/p>\n<p>Pour d\u00e9fendre sa place ce soir, Anouk a d\u00e9cid\u00e9 de chanter en duo \u00ab\u00a0Ind\u00e9l\u00e9bile\u00a0\u00bb de Yseult avec son camarade Bastiaan. Un choix judicieux ? Complices au Ch\u00e2teau, les deux \u00e9l\u00e8ves livrent une prestation sensible et \u00e9mouvante. La prof d&rsquo;expression sc\u00e9nique Marl\u00e8ne Schaff valide.<\/p>\n<p>UN TRIO RUGISSANT21:39<\/p>\n<p>Vous avez manqu\u00e9 Bastiaan, Ambre et L\u00e9a sur \u00ab\u00a0Roar\u00a0\u00bb de Katy Perry ? C&rsquo;est par ici&#8230;<\/p>\n<p>Star Academy 2025 &#8211; Ambre, Bastiaan et L\u00e9a ouvrent le prime avec \u00ab Roar \u00bb de Miriam Teak LeeSource : Star Academy<\/p>\n<p><img decoding=\"async\" src=\"https:\/\/photos.tf1info.fr\/images\/383\/215\/ouverture-fc7a24-89cde6-0@1x.jpeg\" alt=\"Star Academy 2025 - Ambre, Bastiaan et L\u00e9a ouvrent le prime avec \u00ab Roar \u00bb de Miriam Teak Lee\" loading=\"lazy\" importance=\"low\" fetchpriority=\"low\" class=\"\"\/><img decoding=\"async\" src=\"https:\/\/www.tf1info.fr\/images\/icons\/player-logo-play.svg\" alt=\"Logo lecture\" class=\"jsx-d0de44c05fe3042c PlayerLazyload__Play\"\/>LE D\u00c9FI DE AMBRE21:26<\/p>\n<p>Pour s&rsquo;offrir une place en demi-finale, Ambre va devoir relever un d\u00e9fi lanc\u00e9 par Papy, le prof de th\u00e9\u00e2tre. Il lui a demand\u00e9 d&rsquo;interpr\u00e9ter&#8230; \u00ab\u00a0Gigi l&rsquo;amoroso\u00a0\u00bb de Dalida, un classique loin de son registre habituel, \u00e0 la fois chant\u00e9 et dans\u00e9.<\/p>\n<p>LE TOP 3 RUGIT21:20<\/p>\n<p>Ils forment le top 3 et vont se disputer une place en demi-finale. Avant de s&rsquo;affronter, Bastiaan, Ambre et L\u00e9a chantent \u00ab\u00a0Roar\u00a0\u00bb de Katy Perry, entour\u00e9s d&rsquo;une chorale. Impressionnant !<\/p>\n<p>LE D\u00c9FI DES PROFS, C&rsquo;EST PARTI !21:14<\/p>\n<p>Ce soir, les profs lancent un d\u00e9fi aux trois \u00e9l\u00e8ves du top 3, Ambre, Bastiaan et L\u00e9a. Le meilleur d&rsquo;entre eux sera qualifi\u00e9 pour les demi-finales de la \u00ab\u00a0Star Academy 2025\u00a0\u00bb. Avant que vous les t\u00e9l\u00e9spectateurs d\u00e9cidiez qui de Anouk ou Victor quittera l&rsquo;aventure. Mais tout de suite, place \u00e0 l&rsquo;hymne de la saison, \u00ab\u00a0Voulez-vous\u00a0\u00bb de ABBA !<\/p>\n<p>L\u00c9A EN COULISSES19:12<\/p>\n<p>Enfin la Suisse L\u00e9a devra lancer un d\u00e9fi vocal auquel la prof de chant Sofia Morgavi tient \u00e9norm\u00e9ment, jugez plut\u00f4t&#8230;<\/p>\n<p>Star Academy 2025 &#8211; \u00ab\u00a0On n&rsquo;est pas l\u00e0 pour rigoler\u00a0\u00bb : les 1\u00e8res image du d\u00e9fi chant de L\u00e9aSource : Star Academy<\/p>\n<p><img decoding=\"async\" src=\"https:\/\/photos.tf1info.fr\/images\/383\/215\/lea-5faa2d-6259d8-0@1x.jpeg\" alt=\"Star Academy 2025 - &quot;On n'est pas l\u00e0 pour rigoler&quot; : les 1\u00e8res image du d\u00e9fi chant de L\u00e9a\" loading=\"lazy\" importance=\"low\" fetchpriority=\"low\" class=\"\"\/><img decoding=\"async\" src=\"https:\/\/www.tf1info.fr\/images\/icons\/player-logo-play.svg\" alt=\"Logo lecture\" class=\"jsx-d0de44c05fe3042c PlayerLazyload__Play\"\/>AMBRE EN COULISSES19:11<\/p>\n<p>Pour Ambre, qui a d\u00e9voil\u00e9 ses talents comiques aux \u00e9valuations cette semaine, ce sera un d\u00e9fi th\u00e9\u00e2tral, regardez&#8230;<\/p>\n<p>Star Academy 2025 &#8211; \u00ab\u00a0C&rsquo;est un vrai tableau musical\u00a0\u00bb : les 1\u00e8res image du d\u00e9fi th\u00e9\u00e2tre d&rsquo;AmbreSource : Star Academy<\/p>\n<p><img decoding=\"async\" src=\"https:\/\/photos.tf1info.fr\/images\/383\/215\/ambre-780e06-07e052-0@1x.jpeg\" alt=\"Star Academy 2025 - &quot;C'est un vrai tableau musical&quot; : les 1\u00e8res image du d\u00e9fi th\u00e9\u00e2tre d'Ambre\" loading=\"lazy\" importance=\"low\" fetchpriority=\"low\" class=\"\"\/><img decoding=\"async\" src=\"https:\/\/www.tf1info.fr\/images\/icons\/player-logo-play.svg\" alt=\"Logo lecture\" class=\"jsx-d0de44c05fe3042c PlayerLazyload__Play\"\/>BASTIAAN EN COULISSES19:10<\/p>\n<p>Ce soir Bastiaan devra relever un d\u00e9fi de danse, lanc\u00e9 par les profs. Voici ses r\u00e9p\u00e9titions&#8230;<\/p>\n<p>Star Academy 2025 &#8211; \u00ab\u00a0Tu te punis\u00a0\u00bb : les 1\u00e8res image du d\u00e9fi danse de BastiaanSource : Star Academy<\/p>\n<p><img decoding=\"async\" src=\"https:\/\/photos.tf1info.fr\/images\/383\/215\/bastiaan-bf4abf-879939-0@1x.jpeg\" alt=\"Star Academy 2025 - &quot;Tu te punis&quot; : les 1\u00e8res image du d\u00e9fi danse de Bastiaan\" loading=\"lazy\" importance=\"low\" fetchpriority=\"low\" class=\"\"\/><img decoding=\"async\" src=\"https:\/\/www.tf1info.fr\/images\/icons\/player-logo-play.svg\" alt=\"Logo lecture\" class=\"jsx-d0de44c05fe3042c PlayerLazyload__Play\"\/>ILS ONT CHOISI LEUR DUO19:08<\/p>\n<p>Pour sauver leur place, Anouk et Victor partageront un duo avec un camarade de leur choix. D\u00e9couvrez son identit\u00e9..<\/p>\n<p>Anouk et Victor choisissent leur duo parmi les acad\u00e9miciensSource : Star Academy<\/p>\n<p><img decoding=\"async\" src=\"https:\/\/photos.tf1info.fr\/images\/383\/215\/anouk-et-victor-choisissent-leur-duo-parmi-les-academiciens-1af576-6ce9ef-0@1x.jpeg\" alt=\"Anouk et Victor choisissent leur duo parmi les acad\u00e9miciens\" loading=\"lazy\" importance=\"low\" fetchpriority=\"low\" class=\"\"\/><img decoding=\"async\" src=\"https:\/\/www.tf1info.fr\/images\/icons\/player-logo-play.svg\" alt=\"Logo lecture\" class=\"jsx-d0de44c05fe3042c PlayerLazyload__Play\"\/><\/p>\n<p data-module=\"article-paragraph\" class=\"jsx-157965717 Paragraph Paragraph__End\">C\u2019est peut-\u00eatre le choix le plus douloureux de la saison pour les fans de la \u00ab\u00a0Star Academy\u00a0\u00bb. Alors qu\u2019ils ne sont plus que six dans l\u2019aventure, deux des meilleurs \u00e9l\u00e8ves de la promo sont nomm\u00e9s ce soir : Anouk, la solaire candidate belge de 20 ans, et Victor, le flamboyant candidat parisien de 24 ans. D\u00e9j\u00e0 sur la sellette la semaine derni\u00e8re, ils avaient \u00e9t\u00e9 <a href=\"https:\/\/www.tf1info.fr\/culture\/en-direct-star-academy-programme-tv-tf1-qui-d-anouk-victor-ou-theo-sauvera-sa-place-lors-du-200e-prime-2416451.html\" target=\"_blank\" rel=\"noopener\">sauv\u00e9s par les t\u00e9l\u00e9spectateurs au d\u00e9triment de Th\u00e9o P.<\/a> Mais cette fois l\u2019un d\u2019entre eux ne rentrera pas au Ch\u00e2teau de Dammarie-les-Lys\u2026<\/p>\n<p data-module=\"article-paragraph\" class=\"jsx-157965717 Paragraph Paragraph__End\">Pour convaincre les t\u00e9l\u00e9spectateurs de voter pour eux, la production a donn\u00e9 aux deux nomm\u00e9s l\u2019opportunit\u00e9 de chanter en duo avec l\u2019un de leurs camarades. Victor a choisi de partager \u00ab\u00a0All of me\u00a0\u00bb de John Legend avec Ambre tandis que Anouk proposera sa version de \u00ab\u00a0Ind\u00e9l\u00e9bile\u00a0\u00bb d\u2019Yseult avec Bastiaan. Enfin, tous les deux s\u2019affronteront sur \u00ab\u00a0Ma r\u00e9v\u00e9rence\u00a0\u00bb de V\u00e9ronique Sanson.<\/p>\n<p><a href=\"https:\/\/www.tf1info.fr\/culture\/programme-tv-tf1-star-academy-seulement-deux-eleves-nommes-cette-semaine-une-elimination-cruelle-a-venir-2417290.html\" rel=\"noopener\" class=\"jsx-3308031228 Link flex\" target=\"_blank\"><img decoding=\"async\" src=\"https:\/\/www.europesays.com\/fr\/wp-content\/uploads\/2026\/01\/star-academy-2025-le-top-6-7cedd2-0@1x.jpeg\" alt=\"TF1\" loading=\"lazy\" importance=\"low\" fetchpriority=\"low\" class=\"\" aria-hidden=\"true\"\/><\/p>\n<p class=\"jsx-3657663356 ReadMoreArticle__Title\">Lire aussi<\/p>\n<p class=\"jsx-3657663356\">\u00ab\u00a0Star Academy\u00a0\u00bb : seulement deux \u00e9l\u00e8ves nomm\u00e9s cette semaine, une \u00e9limination cruelle \u00e0 venir<\/p>\n<p><\/a><\/p>\n<p data-module=\"article-paragraph\" class=\"jsx-157965717 Paragraph Paragraph__End\">L\u2019autre enjeu de la soir\u00e9e, c\u2019est la qualification directe pour les demi-finales. Elle se disputera entre Ambre, Bastiaan et L\u00e9a qui s\u2019affronteront lors de la traditionnelle battle du top 3 et d\u2019un d\u00e9fi lanc\u00e9 par les professeurs. Enfin les \u00e9l\u00e8ves auront l\u2019occasion de partager des duos avec des invit\u00e9s \u00e9clectiques : Matt Pokora, KeBlack, Sheryfa Luna, Zaho et N\u00e2diya.<\/p>\n<p>J.V.<\/p>\n","protected":false},"excerpt":{"rendered":"Victor a \u00e9t\u00e9 sauv\u00e9 par les t\u00e9l\u00e9spectateurs \u00e0 l&rsquo;issue du prime ce samedi soir. C&rsquo;est donc la candidate&hellip;\n","protected":false},"author":2,"featured_media":654937,"comment_status":"","ping_status":"","sticky":false,"template":"","format":"standard","meta":{"footnotes":""},"categories":[1356],"tags":[1111,11,1921,58,59,1011,27,1922,2041,5095,59699,252,199,1364,15151,133,2040],"class_list":{"0":"post-654936","1":"post","2":"type-post","3":"status-publish","4":"format-standard","5":"has-post-thumbnail","7":"category-television","8":"tag-actu","9":"tag-actualites","10":"tag-article-video","11":"tag-divertissement","12":"tag-entertainment","13":"tag-fr","14":"tag-france","15":"tag-info","16":"tag-medias-et-divertissement","17":"tag-star-academy","18":"tag-star-academy-2025","19":"tag-television","20":"tag-tf1","21":"tag-tv","22":"tag-veronique-sanson","23":"tag-video","24":"tag-video-culture"},"share_on_mastodon":{"url":"https:\/\/pubeurope.com\/@fr\/115873273679198533","error":""},"_links":{"self":[{"href":"https:\/\/www.europesays.com\/fr\/wp-json\/wp\/v2\/posts\/654936","targetHints":{"allow":["GET"]}}],"collection":[{"href":"https:\/\/www.europesays.com\/fr\/wp-json\/wp\/v2\/posts"}],"about":[{"href":"https:\/\/www.europesays.com\/fr\/wp-json\/wp\/v2\/types\/post"}],"author":[{"embeddable":true,"href":"https:\/\/www.europesays.com\/fr\/wp-json\/wp\/v2\/users\/2"}],"replies":[{"embeddable":true,"href":"https:\/\/www.europesays.com\/fr\/wp-json\/wp\/v2\/comments?post=654936"}],"version-history":[{"count":0,"href":"https:\/\/www.europesays.com\/fr\/wp-json\/wp\/v2\/posts\/654936\/revisions"}],"wp:featuredmedia":[{"embeddable":true,"href":"https:\/\/www.europesays.com\/fr\/wp-json\/wp\/v2\/media\/654937"}],"wp:attachment":[{"href":"https:\/\/www.europesays.com\/fr\/wp-json\/wp\/v2\/media?parent=654936"}],"wp:term":[{"taxonomy":"category","embeddable":true,"href":"https:\/\/www.europesays.com\/fr\/wp-json\/wp\/v2\/categories?post=654936"},{"taxonomy":"post_tag","embeddable":true,"href":"https:\/\/www.europesays.com\/fr\/wp-json\/wp\/v2\/tags?post=654936"}],"curies":[{"name":"wp","href":"https:\/\/api.w.org\/{rel}","templated":true}]}}