{"id":654938,"date":"2026-01-10T22:56:12","date_gmt":"2026-01-10T22:56:12","guid":{"rendered":"https:\/\/www.europesays.com\/fr\/654938\/"},"modified":"2026-01-10T22:56:12","modified_gmt":"2026-01-10T22:56:12","slug":"a-42-ans-ce-celebre-chanteur-francais-qui-revient-de-loin-se-lance-un-defi-inattendu-bien-loin-du-monde-du-spectacle","status":"publish","type":"post","link":"https:\/\/www.europesays.com\/fr\/654938\/","title":{"rendered":"\u00c0 42 ans, ce c\u00e9l\u00e8bre chanteur fran\u00e7ais, qui revient de loin, se lance un d\u00e9fi inattendu bien loin du monde du spectacle"},"content":{"rendered":"<p>                <img loading=\"lazy\" decoding=\"async\" src=\"https:\/\/www.europesays.com\/fr\/wp-content\/uploads\/2025\/04\/144-64f8c016610ee-35x35-1.jpg\" class=\"author-article-picture\" width=\"35\" height=\"35\"\/><\/p>\n<p>                    Par<\/p>\n<p>                                            <a class=\"author-article-bio-link\" href=\"https:\/\/www.purepeople.com\/auteur\/louise-martin_a144\" target=\"_blank\" rel=\"noopener\">Louise Martin<\/a><\/p>\n<p>                    |<\/p>\n<p>                                            R\u00e9dactrice<\/p>\n<p>\n                Koh Lanta, Les Marseillais mais aussi Mari\u00e9s au Premier regards\u2026 Louise Martin est une t\u00e9l\u00e9vore qui essaye, \u00e0 ses heures perdues, de refaire les g\u00e2teaux qu\u2019elle admire devant le Meilleur P\u00e2tissier\u2026 mais elle ne risque pas de gagner le tablier bleu ! Les r\u00e9seaux sociaux n\u2019ont pas de secret pour elle, les derniers scoops, les derni\u00e8res \u00e9missions, elle les conna\u00eet tous.\n            <\/p>\n<p>\n    Un chanteur fran\u00e7ais s\u2019appr\u00eate \u00e0 relever un d\u00e9fi loin des projecteurs. Il s\u2019engage dans une aventure personnelle guid\u00e9e par l\u2019introspection et le partage. Un projet singulier qu\u2019il d\u00e9butera en mai prochain. Il s&rsquo;est confi\u00e9 \u00e0 ce sujet aupr\u00e8s de BFMTV samedi 10 janvier.\n<\/p>\n<p>                            <img loading=\"lazy\" decoding=\"async\" class=\"player-thumbnail\" src=\"https:\/\/www.europesays.com\/fr\/wp-content\/uploads\/2026\/01\/cefa1995c26155c1-580x326-1.jpg\" width=\"580\" height=\"326\"\/><\/p>\n<p>                            Le chanteur Ycare sur BFMTV \u00a9 BFMTV, BFMTV<\/p>\n<p>La suite apr\u00e8s la publicit\u00e9<\/p>\n<p><a href=\"https:\/\/www.purepeople.com\/article\/je-ne-suis-pas-d-accord-cette-chanteuse-francaise-a-passe-le-cap-des-40-ans-et-elle-est-loin-de-penser-comme-tout-le-monde_a540647\/1\" target=\"_blank\" rel=\"noopener\">Pass\u00e9s 40 ans<\/a>, certains artistes choisissent de ralentir. D\u2019autres d\u00e9cident de bifurquer. Loin des plateaux t\u00e9l\u00e9 et des projecteurs, un chanteur fran\u00e7ais bien connu s\u2019appr\u00eate \u00e0 relever <strong>un d\u00e9fi singulier, \u00e0 la fois physique et intime<\/strong>. Un projet itin\u00e9rant qui promet de belles rencontres.<\/p>\n<p>Derri\u00e8re cette initiative, se cache Assane Atty\u00e9, <strong>plus connu du grand public sous le nom d\u2019<\/strong><a href=\"https:\/\/www.purepeople.com\/article\/bernard-montiel-recoit-ycare-jean-luc-lemoine-et-corinne-touzet-pour-son-nouveau-numero-de-linvitation_a532412\/1\" target=\"_blank\" rel=\"noopener\"><strong>Ycare<\/strong><\/a><strong>. <\/strong>Ce Franco-Libanais de 42 ans s\u2019est impos\u00e9 au fil des ann\u00e9es dans le domaine musical avec des titres comme D\u2019autres que nous en duo avec <a href=\"https:\/\/www.purepeople.com\/people\/axelle-red_p1139\" target=\"_blank\" rel=\"noopener\">Axelle Red<\/a> ou encore Animaux fragiles aux c\u00f4t\u00e9s de <a href=\"https:\/\/www.purepeople.com\/people\/zaz_p2356\" target=\"_blank\" rel=\"noopener\">Zaz<\/a>. Pour rappel, c\u2019est en 2008 dans <a href=\"https:\/\/www.purepeople.com\/article\/javais-meme-pas-mon-bac-miss-candidate-de-la-nouvelle-star-la-vie-avant-la-tele-disabelle-ithurburu_a545273\/1\" target=\"_blank\" rel=\"noopener\">La Nouvelle Star<\/a> sur M6 qu\u2019il se fait conna\u00eetre. Il terminera d\u2019ailleurs quatri\u00e8me de la comp\u00e9tition avant de poursuivre sa carri\u00e8re solo avec plusieurs albums studio dont Lumi\u00e8re noire et Adieu je t\u2019aime. En 2025, l\u2019artiste a \u00e9galement remport\u00e9 la saison 8 de <a href=\"https:\/\/www.purepeople.com\/article\/le-lapin-vainqueur-de-mask-singer-8-un-chanteur-reconnu-par-tous-les-enqueteursou-presque_a543965\/1\" target=\"_blank\" rel=\"noopener\">Mask Singer<\/a> sur TF1, avec le costume du Lapin. D\u00e9sormais, il s\u2019attaque \u00e0 un tout autre d\u00e9fi.<\/p>\n<p>Selon BFMTV, Ycare s\u2019appr\u00eate \u00e0 <strong>marcher plus de 850 kilom\u00e8tres en un mois<\/strong> \u00e0 raison d\u2019environ 30 kilom\u00e8tres par jour. Un d\u00e9fi qu\u2019il rel\u00e8vera du 25 mai au 27 juin prochain. Chaque soir, il fera alors une halte dans un village diff\u00e9rent et<strong> jouera quelques morceaux \u00e0 la guitare<\/strong>. Il passera ensuite la nuit chez l\u2019habitant avant de recommencer le lendemain.\u00a0<\/p>\n<p>\u00ab\u00a0Je partage avec les gens un message d&rsquo;amour\u00a0\u00bb<\/p>\n<p>Aupr\u00e8s de BFMTV, le chanteur a lui-m\u00eame r\u00e9sum\u00e9 l\u2019esprit de cette aventure :<strong> \u00ab\u00a0C\u2019est une esp\u00e8ce de \u00ab\u00a0<\/strong><a href=\"https:\/\/www.purepeople.com\/article\/forrest-gump-avez-vous-reconnu-la-fille-de-tom-hanks-elizabeth-dans-le-film_a391739\/1\" target=\"_blank\" rel=\"noopener\"><strong>Forrest Gump<\/strong><\/a><strong> de Compostelle\u00a0\u00bb.<\/strong> Il y a le corps et il y a l&rsquo;esprit. On marche et on pense. On n&rsquo;est pas forc\u00e9ment dans l&rsquo;\u00e9change. Il y aura beaucoup de contemplations parce que le d\u00e9cor va \u00eatre tr\u00e8s beau\u00a0\u00bb. Un projet visiblement nourri par une qu\u00eate int\u00e9rieure : <strong>\u00ab\u00a0Je chante et je partage avec les gens ce message d&rsquo;amour<\/strong>, celui que j&rsquo;ai retrouv\u00e9 \u00e0 l&rsquo;int\u00e9rieur de mon c\u0153ur en marchant justement. Parce que l&rsquo;id\u00e9e est l\u00e0, ce n&rsquo;est pas simplement partager un effort, c&rsquo;est de partager l&rsquo;id\u00e9e de cet amour que j&rsquo;ai dans mon c\u0153ur et pour ce pays.\u00a0\u00bb<\/p>\n<p>Cette introspection n\u2019est pas nouvelle chez <a href=\"https:\/\/www.purepeople.com\/article\/photos-ycare-marie-il-presente-officiellement-sa-femme-renna-apres-des-mois-de-discretion_a519339\/1\" target=\"_blank\" rel=\"noopener\">Ycare<\/a>. \u00c0 16 ans, une grave chute le contraint \u00e0 rester alit\u00e9 plusieurs mois. C\u2019est durant cette p\u00e9riode qu\u2019il commence \u00e0 \u00e9crire et \u00e0 jouer de la guitare. \u00ab\u00a0Finalement, c\u2019est dans la contrainte qu\u2019on est peut-\u00eatre oblig\u00e9 de ressortir le meilleur de nous-m\u00eames ou autre chose\u00a0\u00bb, avait partag\u00e9 Ycare aupr\u00e8s de nos confr\u00e8res de Gala en juin 2025.\u00a0<\/p>\n","protected":false},"excerpt":{"rendered":"Par Louise Martin | R\u00e9dactrice Koh Lanta, Les Marseillais mais aussi Mari\u00e9s au Premier regards\u2026 Louise Martin est&hellip;\n","protected":false},"author":2,"featured_media":654939,"comment_status":"","ping_status":"","sticky":false,"template":"","format":"standard","meta":{"footnotes":""},"categories":[1355],"tags":[58,59,1011,27,1361,873],"class_list":{"0":"post-654938","1":"post","2":"type-post","3":"status-publish","4":"format-standard","5":"has-post-thumbnail","7":"category-musique","8":"tag-divertissement","9":"tag-entertainment","10":"tag-fr","11":"tag-france","12":"tag-music","13":"tag-musique"},"share_on_mastodon":{"url":"https:\/\/pubeurope.com\/@fr\/115873276525137288","error":""},"_links":{"self":[{"href":"https:\/\/www.europesays.com\/fr\/wp-json\/wp\/v2\/posts\/654938","targetHints":{"allow":["GET"]}}],"collection":[{"href":"https:\/\/www.europesays.com\/fr\/wp-json\/wp\/v2\/posts"}],"about":[{"href":"https:\/\/www.europesays.com\/fr\/wp-json\/wp\/v2\/types\/post"}],"author":[{"embeddable":true,"href":"https:\/\/www.europesays.com\/fr\/wp-json\/wp\/v2\/users\/2"}],"replies":[{"embeddable":true,"href":"https:\/\/www.europesays.com\/fr\/wp-json\/wp\/v2\/comments?post=654938"}],"version-history":[{"count":0,"href":"https:\/\/www.europesays.com\/fr\/wp-json\/wp\/v2\/posts\/654938\/revisions"}],"wp:featuredmedia":[{"embeddable":true,"href":"https:\/\/www.europesays.com\/fr\/wp-json\/wp\/v2\/media\/654939"}],"wp:attachment":[{"href":"https:\/\/www.europesays.com\/fr\/wp-json\/wp\/v2\/media?parent=654938"}],"wp:term":[{"taxonomy":"category","embeddable":true,"href":"https:\/\/www.europesays.com\/fr\/wp-json\/wp\/v2\/categories?post=654938"},{"taxonomy":"post_tag","embeddable":true,"href":"https:\/\/www.europesays.com\/fr\/wp-json\/wp\/v2\/tags?post=654938"}],"curies":[{"name":"wp","href":"https:\/\/api.w.org\/{rel}","templated":true}]}}