{"id":654940,"date":"2026-01-10T22:57:16","date_gmt":"2026-01-10T22:57:16","guid":{"rendered":"https:\/\/www.europesays.com\/fr\/654940\/"},"modified":"2026-01-10T22:57:16","modified_gmt":"2026-01-10T22:57:16","slug":"cessez-le-feu-en-streaming-france-tv","status":"publish","type":"post","link":"https:\/\/www.europesays.com\/fr\/654940\/","title":{"rendered":"Cessez-le-feu en streaming | France TV"},"content":{"rendered":"<p>Diffus\u00e9 le 10\/01\/2026 \u00e0 21h21 &#8211; Disponible jusqu&rsquo;au 30\/04\/2026<\/p>\n<p>Quelques ann\u00e9es apr\u00e8s la fin de la Premi\u00e8re Guerre mondiale. Georges Laffont, qui a connu l&rsquo;horreur des tranch\u00e9es, peine \u00e0 retrouver une vie normale. Profond\u00e9ment marqu\u00e9, il s&rsquo;est r\u00e9fugi\u00e9 en Afrique, o\u00f9 il m\u00e8ne une vie aventureuse. De retour en France, il rend visite son fr\u00e8re a\u00een\u00e9 qui, lui aussi, porte les stigmates de la guerre. Traumatis\u00e9, celui-ci ne parle plus. Il a fait la connaissance de la douce Madeleine et aimerait l&rsquo;\u00e9pouser. De son c\u00f4t\u00e9, Georges tombe sous le charme d&rsquo;H\u00e9l\u00e8ne, qui enseigne la langue des signes \u00e0 son fr\u00e8re. Tr\u00e8s vite, il lui propose de partir avec lui en Afrique. Malgr\u00e9 son amour pour Georges, H\u00e9l\u00e8ne a du mal \u00e0 g\u00e9rer le mal-\u00eatre de son amant&#8230;<\/p>\n<p>Maison de production :<\/p>\n<p>Polaris Film Production &amp; Finance \/ Umedia \/ Fontana \/ France 2 Cin\u00e9ma \/ Compagnie Gama des Films \/ Appaloosa Distribution \/ Adh\u00e9sive Production \/ uFund \/ France T\u00e9l\u00e9visions \/ Canal+ \/ Cin\u00e9+ \/ Le Pacte \/ A Plus Image 5 \/ Sofica Manon 5 \/ Cofinova 11 <\/p>\n<p>R\u00e9alis\u00e9 par :<\/p>\n<p>Emmanuel Courcol<\/p>\n<p>Avec :<\/p>\n<p>Romain Duris, C\u00e9line Sallette, Gr\u00e9gory Gadebois, Julie-Marie Parmentier, Maryvonne Schiltz, Wabinl\u00e9 Nabi\u00e9, Yvon Martin, Mathilde Courcol-Roz\u00e8s<\/p>\n<p>Sc\u00e9naristes :<\/p>\n<p>Emmanuel Courcol<\/p>\n","protected":false},"excerpt":{"rendered":"Diffus\u00e9 le 10\/01\/2026 \u00e0 21h21 &#8211; Disponible jusqu&rsquo;au 30\/04\/2026 Quelques ann\u00e9es apr\u00e8s la fin de la Premi\u00e8re Guerre&hellip;\n","protected":false},"author":2,"featured_media":654941,"comment_status":"","ping_status":"","sticky":false,"template":"","format":"standard","meta":{"footnotes":""},"categories":[1354],"tags":[58,59,1346,1011,27,1360],"class_list":{"0":"post-654940","1":"post","2":"type-post","3":"status-publish","4":"format-standard","5":"has-post-thumbnail","7":"category-films","8":"tag-divertissement","9":"tag-entertainment","10":"tag-films","11":"tag-fr","12":"tag-france","13":"tag-movies"},"share_on_mastodon":{"url":"https:\/\/pubeurope.com\/@fr\/115873280415270116","error":""},"_links":{"self":[{"href":"https:\/\/www.europesays.com\/fr\/wp-json\/wp\/v2\/posts\/654940","targetHints":{"allow":["GET"]}}],"collection":[{"href":"https:\/\/www.europesays.com\/fr\/wp-json\/wp\/v2\/posts"}],"about":[{"href":"https:\/\/www.europesays.com\/fr\/wp-json\/wp\/v2\/types\/post"}],"author":[{"embeddable":true,"href":"https:\/\/www.europesays.com\/fr\/wp-json\/wp\/v2\/users\/2"}],"replies":[{"embeddable":true,"href":"https:\/\/www.europesays.com\/fr\/wp-json\/wp\/v2\/comments?post=654940"}],"version-history":[{"count":0,"href":"https:\/\/www.europesays.com\/fr\/wp-json\/wp\/v2\/posts\/654940\/revisions"}],"wp:featuredmedia":[{"embeddable":true,"href":"https:\/\/www.europesays.com\/fr\/wp-json\/wp\/v2\/media\/654941"}],"wp:attachment":[{"href":"https:\/\/www.europesays.com\/fr\/wp-json\/wp\/v2\/media?parent=654940"}],"wp:term":[{"taxonomy":"category","embeddable":true,"href":"https:\/\/www.europesays.com\/fr\/wp-json\/wp\/v2\/categories?post=654940"},{"taxonomy":"post_tag","embeddable":true,"href":"https:\/\/www.europesays.com\/fr\/wp-json\/wp\/v2\/tags?post=654940"}],"curies":[{"name":"wp","href":"https:\/\/api.w.org\/{rel}","templated":true}]}}