{"id":654949,"date":"2026-01-10T23:02:26","date_gmt":"2026-01-10T23:02:26","guid":{"rendered":"https:\/\/www.europesays.com\/fr\/654949\/"},"modified":"2026-01-10T23:02:26","modified_gmt":"2026-01-10T23:02:26","slug":"quel-etait-le-salaire-moyen-en-france-en-2025-2","status":"publish","type":"post","link":"https:\/\/www.europesays.com\/fr\/654949\/","title":{"rendered":"Quel \u00e9tait le salaire moyen en France en 2025 ?"},"content":{"rendered":"<p class=\"mb-4 text-lg md:leading-8 break-words\">En 2025, alors que le <a data-i13n=\"cpos:1;pos:1\" href=\"https:\/\/www.20minutes.fr\/dossier\/pouvoir_d_achat?at_medium=RSS%20feed&amp;at_campaign=ynews&amp;utm_source=yahoo&amp;utm_medium=rss&amp;utm_campaign=news_feed&amp;utm_content=in_article_link\" rel=\"nofollow noopener\" target=\"_blank\" data-ylk=\"slk:pouvoir d\u2019achat;cpos:1;pos:1;elm:context_link;itc:0;sec:content-canvas\" class=\"link \">pouvoir d\u2019achat<\/a> reste sous tension et que le co\u00fbt de la vie s\u2019installe \u00e0 un niveau durablement \u00e9lev\u00e9, la question du <a data-i13n=\"cpos:2;pos:1\" href=\"https:\/\/www.20minutes.fr\/dossier\/salaire?at_medium=RSS%20feed&amp;at_campaign=ynews&amp;utm_source=yahoo&amp;utm_medium=rss&amp;utm_campaign=news_feed&amp;utm_content=in_article_link\" rel=\"nofollow noopener\" target=\"_blank\" data-ylk=\"slk:salaire;cpos:2;pos:1;elm:context_link;itc:0;sec:content-canvas\" class=\"link \">salaire<\/a> est devenue un v\u00e9ritable point de rep\u00e8re pour les actifs, autant pour se situer que pour n\u00e9gocier ou envisager la suite de son parcours professionnel. Les derni\u00e8res donn\u00e9es compl\u00e8tes et consolid\u00e9es de l\u2019<a data-i13n=\"cpos:3;pos:1\" href=\"https:\/\/www.20minutes.fr\/economie\/insee\/?at_medium=RSS%20feed&amp;at_campaign=ynews&amp;utm_source=yahoo&amp;utm_medium=rss&amp;utm_campaign=news_feed&amp;utm_content=in_article_link\" rel=\"nofollow noopener\" target=\"_blank\" data-ylk=\"slk:Insee;cpos:3;pos:1;elm:context_link;itc:0;sec:content-canvas\" class=\"link \">Insee<\/a> concernent l\u2019ann\u00e9e 2024 et ont \u00e9t\u00e9 publi\u00e9es \u00e0 l\u2019automne 2025. Elles offrent aujourd\u2019hui la photographie la plus fiable pour \u00e9clairer le niveau de r\u00e9mun\u00e9ration autour de 2025 et en d\u00e9crypter les grandes \u00e9volutions.<\/p>\n<p>Le salaire moyen en France : le chiffre de r\u00e9f\u00e9rence<\/p>\n<p class=\"mb-4 text-lg md:leading-8 break-words\">Selon l\u2019<a data-i13n=\"cpos:4;pos:1\" href=\"https:\/\/www.insee.fr\/fr\/statistiques\/8657156?at_medium=RSS%20feed&amp;at_campaign=ynews&amp;utm_source=yahoo&amp;utm_medium=rss&amp;utm_campaign=news_feed&amp;utm_content=in_article_link\" rel=\"nofollow noopener\" target=\"_blank\" data-ylk=\"slk:Insee;cpos:4;pos:1;elm:context_link;itc:0;sec:content-canvas\" class=\"link \">Insee<\/a>, le salaire net moyen dans le secteur priv\u00e9 atteint 2 733 euros par mois en \u00e9quivalent temps plein en 2024, soit 3 602 euros bruts mensuels, ce qui correspond \u00e0 un revenu annuel brut d\u2019environ 43 200 euros. L\u2019indicateur en \u00e9quivalent temps plein permet de comparer l\u2019ensemble des <a data-i13n=\"cpos:5;pos:1\" href=\"https:\/\/www.20minutes.fr\/dossier\/salaries?at_medium=RSS%20feed&amp;at_campaign=ynews&amp;utm_source=yahoo&amp;utm_medium=rss&amp;utm_campaign=news_feed&amp;utm_content=in_article_link\" rel=\"nofollow noopener\" target=\"_blank\" data-ylk=\"slk:salari\u00e9s;cpos:5;pos:1;elm:context_link;itc:0;sec:content-canvas\" class=\"link \">salari\u00e9s<\/a> sur une m\u00eame base de dur\u00e9e de <a data-i13n=\"cpos:6;pos:1\" href=\"https:\/\/www.20minutes.fr\/dossier\/travail?at_medium=RSS%20feed&amp;at_campaign=ynews&amp;utm_source=yahoo&amp;utm_medium=rss&amp;utm_campaign=news_feed&amp;utm_content=in_article_link\" rel=\"nofollow noopener\" target=\"_blank\" data-ylk=\"slk:travail;cpos:6;pos:1;elm:context_link;itc:0;sec:content-canvas\" class=\"link \">travail<\/a>, ind\u00e9pendamment du temps partiel.<\/p>\n<p class=\"mb-4 text-lg md:leading-8 break-words\">Ce niveau constitue le meilleur rep\u00e8re disponible pour situer le salaire moyen en 2025. Il s\u2019inscrit dans une dynamique de stabilisation apr\u00e8s les fortes tensions inflationnistes des ann\u00e9es pr\u00e9c\u00e9dentes. En 2024, le salaire net r\u00e9el progresse de 0,8 %, traduisant une l\u00e9g\u00e8re reprise du pouvoir d\u2019achat apr\u00e8s deux ann\u00e9es de recul.<\/p>\n<p>Salaire moyen et salaire m\u00e9dian : deux r\u00e9alit\u00e9s tr\u00e8s diff\u00e9rentes<\/p>\n<p class=\"mb-4 text-lg md:leading-8 break-words\">Derri\u00e8re ce chiffre moyen se cache en r\u00e9alit\u00e9 une r\u00e9partition des salaires tr\u00e8s in\u00e9gale. Pour mieux comprend(&#8230;)<\/p>\n<p class=\"mb-4 text-lg md:leading-8 break-words\"><a data-i13n=\"cpos:7;pos:1\" href=\"https:\/\/www.20minutes.fr\/vie-pro\/4195322-20260110-salaire-moyen-france-2025?at_medium=RSS%20feed&amp;at_campaign=ynews&amp;utm_source=yahoo&amp;utm_medium=rss&amp;utm_campaign=news_feed&amp;utm_content=read_more_link%22\" rel=\"nofollow noopener\" target=\"_blank\" data-ylk=\"slk:Lire la suite sur 20minutes;cpos:7;pos:1;elm:context_link;itc:0;sec:content-canvas\" class=\"link \">Lire la suite sur 20minutes<\/a><\/p>\n<p>\u00c0 lire aussi :<br \/><a data-i13n=\"cpos:8;pos:1\" href=\"https:\/\/www.20minutes.fr\/economie\/4157331-20250606-situez-echelle-salaires-voici-gagnent-francais-selon-tranche-age?at_medium=RSS%20feed&amp;at_campaign=ynews&amp;utm_source=yahoo&amp;utm_medium=rss&amp;utm_campaign=news_feed&amp;utm_content=related_content_link\" rel=\"nofollow noopener\" target=\"_blank\" data-ylk=\"slk:O\u00f9 vous situez-vous sur l\u2019\u00e9chelle des salaires ? Voici ce que gagnent les Fran\u00e7ais selon leur tranche d\u2019\u00e2ge;cpos:8;pos:1;elm:context_link;itc:0;sec:content-canvas\" class=\"link \">O\u00f9 vous situez-vous sur l\u2019\u00e9chelle des salaires ? Voici ce que gagnent les Fran\u00e7ais selon leur tranche d\u2019\u00e2ge<\/a><br \/><a data-i13n=\"cpos:9;pos:1\" href=\"https:\/\/www.20minutes.fr\/societe\/4194898-20260107-moins-entreprise-trois-envisage-hausses-collectives-salaire-annee?at_medium=RSS%20feed&amp;at_campaign=ynews&amp;utm_source=yahoo&amp;utm_medium=rss&amp;utm_campaign=news_feed&amp;utm_content=related_content_link\" rel=\"nofollow noopener\" target=\"_blank\" data-ylk=\"slk:Moins d\u2019une entreprise sur trois envisage des hausses collectives de salaire cette ann\u00e9e;cpos:9;pos:1;elm:context_link;itc:0;sec:content-canvas\" class=\"link \">Moins d\u2019une entreprise sur trois envisage des hausses collectives de salaire cette ann\u00e9e<\/a><\/p>\n","protected":false},"excerpt":{"rendered":"En 2025, alors que le pouvoir d\u2019achat reste sous tension et que le co\u00fbt de la vie s\u2019installe&hellip;\n","protected":false},"author":2,"featured_media":654950,"comment_status":"","ping_status":"","sticky":false,"template":"","format":"standard","meta":{"footnotes":""},"categories":[6],"tags":[17,35,33,34,75771,1011,27,31121,75772,14099],"class_list":{"0":"post-654949","1":"post","2":"type-post","3":"status-publish","4":"format-standard","5":"has-post-thumbnail","7":"category-economie","8":"tag-17","9":"tag-business","10":"tag-economie","11":"tag-economy","12":"tag-equivalent-temps-plein","13":"tag-fr","14":"tag-france","15":"tag-le-chiffre","16":"tag-niveau-de-remuneration","17":"tag-salaire"},"share_on_mastodon":{"url":"https:\/\/pubeurope.com\/@fr\/115873300069361582","error":""},"_links":{"self":[{"href":"https:\/\/www.europesays.com\/fr\/wp-json\/wp\/v2\/posts\/654949","targetHints":{"allow":["GET"]}}],"collection":[{"href":"https:\/\/www.europesays.com\/fr\/wp-json\/wp\/v2\/posts"}],"about":[{"href":"https:\/\/www.europesays.com\/fr\/wp-json\/wp\/v2\/types\/post"}],"author":[{"embeddable":true,"href":"https:\/\/www.europesays.com\/fr\/wp-json\/wp\/v2\/users\/2"}],"replies":[{"embeddable":true,"href":"https:\/\/www.europesays.com\/fr\/wp-json\/wp\/v2\/comments?post=654949"}],"version-history":[{"count":0,"href":"https:\/\/www.europesays.com\/fr\/wp-json\/wp\/v2\/posts\/654949\/revisions"}],"wp:featuredmedia":[{"embeddable":true,"href":"https:\/\/www.europesays.com\/fr\/wp-json\/wp\/v2\/media\/654950"}],"wp:attachment":[{"href":"https:\/\/www.europesays.com\/fr\/wp-json\/wp\/v2\/media?parent=654949"}],"wp:term":[{"taxonomy":"category","embeddable":true,"href":"https:\/\/www.europesays.com\/fr\/wp-json\/wp\/v2\/categories?post=654949"},{"taxonomy":"post_tag","embeddable":true,"href":"https:\/\/www.europesays.com\/fr\/wp-json\/wp\/v2\/tags?post=654949"}],"curies":[{"name":"wp","href":"https:\/\/api.w.org\/{rel}","templated":true}]}}