{"id":654951,"date":"2026-01-10T23:03:10","date_gmt":"2026-01-10T23:03:10","guid":{"rendered":"https:\/\/www.europesays.com\/fr\/654951\/"},"modified":"2026-01-10T23:03:10","modified_gmt":"2026-01-10T23:03:10","slug":"le-pape-leon-xiv-appelle-les-cardinaux-a-ecouter-les-victimes-dabus-sexuels-commis-par-des-pretres","status":"publish","type":"post","link":"https:\/\/www.europesays.com\/fr\/654951\/","title":{"rendered":"le pape L\u00e9on XIV appelle les cardinaux \u00e0 \u00e9couter les victimes d&rsquo;abus sexuels commis par des pr\u00eatres"},"content":{"rendered":"<p>Lors du consistoire qui a r\u00e9uni cette semaine les cardinaux du monde entier au Vatican, le pape L\u00e9on XIV a appel\u00e9 \u00e0 \u00e9couter la parole des victimes d&rsquo;abus sexuels commis par des pr\u00eatres.<\/p>\n<p>Le <a href=\"https:\/\/www.bfmtv.com\/societe\/religions\/le-pape-prie-pour-le-peuple-ukrainien-meurtri-et-appelle-l-ukraine-et-la-russie-a-trouver-le-courage-de-dialoguer-directement_AV-202512250229.html\" title=\"Le pape &quot;prie pour le peuple ukrainien meurtri&quot; et appelle l&#039;Ukraine et la Russie \u00e0 trouver le &quot;courage&quot; de dialoguer directement\" class=\"internal_link\" target=\"_blank\" rel=\"noopener\">pape L\u00e9on XIV<\/a> a exhort\u00e9 le haut clerg\u00e9 \u00e0 \u00e9couter la parole des <a href=\"https:\/\/www.bfmtv.com\/normandie\/seine-maritime\/le-diocese-du-havre-lance-un-appel-a-temoignages-apres-deux-plaintes-pour-abus-sexuels-contre-un-pretre_AN-202510180200.html\" title=\"Le dioc\u00e8se du Havre lance un appel \u00e0 t\u00e9moignages apr\u00e8s deux plaintes pour abus sexuels contre un pr\u00eatre\" class=\"internal_link\" target=\"_blank\" rel=\"noopener\">victimes d&rsquo;abus sexuels commis par des pr\u00eatres<\/a>, lors du consistoire qui a r\u00e9uni cette semaine les cardinaux du monde entier au Vatican, dans une intervention dont la transcription a \u00e9t\u00e9 rendue publique ce samedi 10 janvier.<\/p>\n<p>Dans cette intervention prononc\u00e9e \u00e0 l&rsquo;issue du consistoire qui s&rsquo;est tenu \u00e0 huis-clos mercredi et jeudi, le pape a soulign\u00e9 que les abus commis par des pr\u00eatres sur des enfants et des adultes vuln\u00e9rables \u00e9taient une \u00ab\u00a0blessure\u00a0\u00bb pour l&rsquo;Eglise catholique.<\/p>\n<p>\u00ab\u00a0L&rsquo;\u00e9coute est d&rsquo;une importance capitale\u00a0\u00bb, a d\u00e9clar\u00e9 L\u00e9on XIV. \u00ab\u00a0Nous ne pouvons pas fermer les yeux, fermer notre coeur\u00a0\u00bb, a-t-il ajout\u00e9, selon une transcription de son allocution rendue publique par le Vatican.<\/p>\n<p>\u00ab\u00a0Des victimes laiss\u00e9es sans accueil\u00a0\u00bb<\/p>\n<p>L\u00e9on XIV a relev\u00e9 que les abus sexuels commis par des membres du clerg\u00e9 ne figuraient pas dans la liste des th\u00e8mes de discussion du consistoire, le premier qui se r\u00e9unissait sous son \u00e9gide depuis qu&rsquo;il a \u00e9t\u00e9 \u00e9lu pape en mai apr\u00e8s le d\u00e9c\u00e8s du pape Fran\u00e7ois. Mais le pape a soulign\u00e9 qu&rsquo;il avait tenu \u00e0 \u00e9voquer ce sujet dans son allocution de cl\u00f4ture, car ce \u00ab\u00a0probl\u00e8me est toujours aujourd&rsquo;hui une v\u00e9ritable blessure dans la vie de l&rsquo;Eglise dans de nombreux endroits\u00a0\u00bb.<\/p>\n<p>\u00ab\u00a0Dans de nombreux cas, la douleur des victimes a \u00e9t\u00e9 aggrav\u00e9e par le fait qu&rsquo;elles n&rsquo;ont pas \u00e9t\u00e9 accueillies ni \u00e9cout\u00e9es\u00a0\u00bb, a soulign\u00e9 le pape, qui a demand\u00e9 aux cardinaux de partager ses remarques avec les \u00e9v\u00eaques.<\/p>\n<p>\u00ab\u00a0L&rsquo;abus lui-m\u00eame laisse une blessure profonde qui peut durer toute une vie\u00a0\u00bb, a poursuivi le pape. \u00ab\u00a0Mais bien souvent, le scandale dans l&rsquo;\u00c9glise s&rsquo;explique par une porte rest\u00e9e ferm\u00e9e et des victimes laiss\u00e9es sans accueil\u00a0\u00bb. \u00ab\u00a0Une victime m&rsquo;a confi\u00e9 r\u00e9cemment que le plus douloureux pour elle a \u00e9t\u00e9 qu&rsquo;aucun \u00e9v\u00eaque n&rsquo;a voulu l&rsquo;\u00e9couter\u00a0\u00bb, a ajout\u00e9 L\u00e9on XIV.<\/p>\n<p>Quelque 170 cardinaux ont particip\u00e9 au consistoire, qui s&rsquo;est pench\u00e9 sur les futures orientations de l&rsquo;Eglise. L\u00e9on a invit\u00e9 les cardinaux \u00e0 se r\u00e9unir de nouveau fin juin, un rendez-vous qui devrait devenir annuel selon le Vatican.<\/p>\n","protected":false},"excerpt":{"rendered":"Lors du consistoire qui a r\u00e9uni cette semaine les cardinaux du monde entier au Vatican, le pape L\u00e9on&hellip;\n","protected":false},"author":2,"featured_media":654952,"comment_status":"","ping_status":"","sticky":false,"template":"","format":"standard","meta":{"footnotes":""},"categories":[5],"tags":[11,1011,27,14,12,28],"class_list":{"0":"post-654951","1":"post","2":"type-post","3":"status-publish","4":"format-standard","5":"has-post-thumbnail","7":"category-international","8":"tag-actualites","9":"tag-fr","10":"tag-france","11":"tag-international","12":"tag-news","13":"tag-world"},"share_on_mastodon":{"url":"https:\/\/pubeurope.com\/@fr\/115873304003809837","error":""},"_links":{"self":[{"href":"https:\/\/www.europesays.com\/fr\/wp-json\/wp\/v2\/posts\/654951","targetHints":{"allow":["GET"]}}],"collection":[{"href":"https:\/\/www.europesays.com\/fr\/wp-json\/wp\/v2\/posts"}],"about":[{"href":"https:\/\/www.europesays.com\/fr\/wp-json\/wp\/v2\/types\/post"}],"author":[{"embeddable":true,"href":"https:\/\/www.europesays.com\/fr\/wp-json\/wp\/v2\/users\/2"}],"replies":[{"embeddable":true,"href":"https:\/\/www.europesays.com\/fr\/wp-json\/wp\/v2\/comments?post=654951"}],"version-history":[{"count":0,"href":"https:\/\/www.europesays.com\/fr\/wp-json\/wp\/v2\/posts\/654951\/revisions"}],"wp:featuredmedia":[{"embeddable":true,"href":"https:\/\/www.europesays.com\/fr\/wp-json\/wp\/v2\/media\/654952"}],"wp:attachment":[{"href":"https:\/\/www.europesays.com\/fr\/wp-json\/wp\/v2\/media?parent=654951"}],"wp:term":[{"taxonomy":"category","embeddable":true,"href":"https:\/\/www.europesays.com\/fr\/wp-json\/wp\/v2\/categories?post=654951"},{"taxonomy":"post_tag","embeddable":true,"href":"https:\/\/www.europesays.com\/fr\/wp-json\/wp\/v2\/tags?post=654951"}],"curies":[{"name":"wp","href":"https:\/\/api.w.org\/{rel}","templated":true}]}}