{"id":654953,"date":"2026-01-10T23:04:12","date_gmt":"2026-01-10T23:04:12","guid":{"rendered":"https:\/\/www.europesays.com\/fr\/654953\/"},"modified":"2026-01-10T23:04:12","modified_gmt":"2026-01-10T23:04:12","slug":"la-these-dun-accident-privilegiee-et-des-questions","status":"publish","type":"post","link":"https:\/\/www.europesays.com\/fr\/654953\/","title":{"rendered":"la th\u00e8se d\u2019un accident privil\u00e9gi\u00e9e et des questions"},"content":{"rendered":"<p>Les autopsies qui seront pratiqu\u00e9es sur les deux corps retrouv\u00e9s carbonis\u00e9s dans une voiture vendredi \u00e0 Besan\u00e7on permettront d\u2019identifier les victimes et d\u2019en savoir plus sur les causes de leur d\u00e9c\u00e8s.<br \/>Vendredi vers 22\u00a0h\u00a045, les pompiers ont \u00e9t\u00e9 appel\u00e9s pour \u00e9teindre un incendie de voiture rue Thomas-Edison \u00e0 Besan\u00e7on.<\/p>\n<p>Non loin de l\u2019intersection avec la rue Breguet, ils ont trouv\u00e9 un v\u00e9hicule totalement embras\u00e9. Une fois les flammes \u00e9teintes, ils ont d\u00e9couvert le corps de deux hommes totalement carbonis\u00e9s.<\/p>\n<p>Selon une source polici\u00e8re, l\u2019accident a eu lieu sur une chauss\u00e9e mouill\u00e9e. Vu l\u2019\u00e9tat de l\u2019arbre que la voiture a presque d\u00e9racin\u00e9, le v\u00e9hicule devait rouler \u00e0 vive allure, ajoute cette m\u00eame source.<\/p>\n<p>Seul en cause dans l\u2019accident, le v\u00e9hicule aurait pris feu apr\u00e8s avoir percut\u00e9 l\u2019arbre. \u00ab\u00a0Un t\u00e9moin a indiqu\u00e9 avoir entendu un coup de frein avant le choc\u00a0\u00bb, pr\u00e9cise C\u00e9dric Logelin, procureur de la R\u00e9publique \u00e0 Besan\u00e7on.<\/p>\n<p>Le magistrat ajoute qu\u2019aucun des deux passagers n\u2019a pu pour le moment \u00eatre formellement identifi\u00e9. Des rumeurs ont fait \u00e9tat de la pr\u00e9sence parmi les victimes d\u2019un homme bien connu de la justice.<\/p>\n<p>Des interrogations perdurent \u00e9galement concernant le v\u00e9hicule qui a pris feu.<\/p>\n<p>Cette Mini Cooper venait d\u2019\u00eatre vendue et, \u00e0 l\u2019heure o\u00f9 nous \u00e9crivions ces lignes, l\u2019identit\u00e9 de son propri\u00e9taire ne semblait pas \u00e9vidente.<br \/>Les enqu\u00eateurs de la police judiciaire poursuivent leur enqu\u00eate.<\/p>\n","protected":false},"excerpt":{"rendered":"Les autopsies qui seront pratiqu\u00e9es sur les deux corps retrouv\u00e9s carbonis\u00e9s dans une voiture vendredi \u00e0 Besan\u00e7on permettront&hellip;\n","protected":false},"author":2,"featured_media":654954,"comment_status":"","ping_status":"","sticky":false,"template":"","format":"standard","meta":{"footnotes":""},"categories":[4],"tags":[119,11,10112,14382,8026,14383,274,1011,27,12,11058,25],"class_list":{"0":"post-654953","1":"post","2":"type-post","3":"status-publish","4":"format-standard","5":"has-post-thumbnail","7":"category-france","8":"tag-accident","9":"tag-actualites","10":"tag-besancon","11":"tag-besancon-ville-25a","12":"tag-doubs","13":"tag-edition-besancon","14":"tag-faits-divers-justice","15":"tag-fr","16":"tag-france","17":"tag-news","18":"tag-region-franche-comte","19":"tag-republique-francaise"},"share_on_mastodon":{"url":"https:\/\/pubeurope.com\/@fr\/115873307915493065","error":""},"_links":{"self":[{"href":"https:\/\/www.europesays.com\/fr\/wp-json\/wp\/v2\/posts\/654953","targetHints":{"allow":["GET"]}}],"collection":[{"href":"https:\/\/www.europesays.com\/fr\/wp-json\/wp\/v2\/posts"}],"about":[{"href":"https:\/\/www.europesays.com\/fr\/wp-json\/wp\/v2\/types\/post"}],"author":[{"embeddable":true,"href":"https:\/\/www.europesays.com\/fr\/wp-json\/wp\/v2\/users\/2"}],"replies":[{"embeddable":true,"href":"https:\/\/www.europesays.com\/fr\/wp-json\/wp\/v2\/comments?post=654953"}],"version-history":[{"count":0,"href":"https:\/\/www.europesays.com\/fr\/wp-json\/wp\/v2\/posts\/654953\/revisions"}],"wp:featuredmedia":[{"embeddable":true,"href":"https:\/\/www.europesays.com\/fr\/wp-json\/wp\/v2\/media\/654954"}],"wp:attachment":[{"href":"https:\/\/www.europesays.com\/fr\/wp-json\/wp\/v2\/media?parent=654953"}],"wp:term":[{"taxonomy":"category","embeddable":true,"href":"https:\/\/www.europesays.com\/fr\/wp-json\/wp\/v2\/categories?post=654953"},{"taxonomy":"post_tag","embeddable":true,"href":"https:\/\/www.europesays.com\/fr\/wp-json\/wp\/v2\/tags?post=654953"}],"curies":[{"name":"wp","href":"https:\/\/api.w.org\/{rel}","templated":true}]}}