{"id":654967,"date":"2026-01-10T23:13:21","date_gmt":"2026-01-10T23:13:21","guid":{"rendered":"https:\/\/www.europesays.com\/fr\/654967\/"},"modified":"2026-01-10T23:13:21","modified_gmt":"2026-01-10T23:13:21","slug":"benjamin-stambouli-titulaire-face-a-montpellier-le-groupe-du-fc-metz-devoile","status":"publish","type":"post","link":"https:\/\/www.europesays.com\/fr\/654967\/","title":{"rendered":"Benjamin Stambouli titulaire face \u00e0 Montpellier ? Le groupe du FC Metz d\u00e9voil\u00e9"},"content":{"rendered":"<p>Le FC Metz s\u2019appuiera sur le gardien Ousmane Ba contre Montpellier. Pour le reste, myst\u00e8re. <a href=\"https:\/\/www.republicain-lorrain.fr\/sport\/2026\/01\/10\/stephane-le-mignan-(fc-metz)-je-souhaite-garder-les-joueurs-importants\" target=\"_blank\" rel=\"noopener\">St\u00e9phane Le Mignan<\/a> pourrait lancer certains \u00e9l\u00e9ments qu\u2019il titularise rarement cette saison, \u00e0 l\u2019image de Benjamin Stambouli ou Morgan Bokele par exemple. La marge de man\u0153uvre reste toutefois limit\u00e9e, puisque Pape Sy et Joseph Mangondo sont en phase de reprise, Habib Diallo, Cheikh Sabaly et Jean-Philippe Gbamin toujours \u00e0 la CAN et\u00a0Deminguet soigne son coude\u2026<\/p>\n<p>L&rsquo;entra\u00eeneur a en tout cas convoqu\u00e9 un groupe de 20 joueurs dans lequel apparaissent\u00a0les jeunes Cl\u00e9o M\u00e9li\u00e8res et Believe Munongo qui pourraient \u00e9galement avoir une chance de s&rsquo;inviter sur la pelouse en fonction du sc\u00e9nario.<\/p>\n<p>C\u00f4t\u00e9 MHSC, Zoumana Camara n\u2019est pas mieux loti. Chennahi, Sainte-Luce et Sishuba sont bless\u00e9s, le gardien Ngapandouentbu et Mbuku \u00e9taient \u00e0 la CAN et le jeune N\u2019Diaye dispute la Coupe d\u2019Asie U23.<\/p>\n<p><strong>Les \u00e9quipes probables<\/strong><\/p>\n<p><strong>FC Metz<\/strong> \u00a0: Ba &#8211; Kouao, S.\u00a0San\u00e9, Mboula, Colin &#8211; Stambouli, Tour\u00e9 &#8211; Bokele, Hein (cap.), Tsitaishvili &#8211; I. San\u00e9. <br \/><strong>Montpellier<\/strong> \u00a0: Michel &#8211; Tchato, Laporte, Jullien, Mincarelli &#8211; Omeragic (cap), Everson Jr &#8211; Pays, Savanier, Fayad &#8211; Mendy.<\/p>\n","protected":false},"excerpt":{"rendered":"Le FC Metz s\u2019appuiera sur le gardien Ousmane Ba contre Montpellier. Pour le reste, myst\u00e8re. St\u00e9phane Le Mignan&hellip;\n","protected":false},"author":2,"featured_media":654968,"comment_status":"","ping_status":"","sticky":false,"template":"","format":"standard","meta":{"footnotes":""},"categories":[9599],"tags":[1111,11,5598,1777,674,8113,107,1701,63,1011,27,6212,6213,2208,12,2680,25,517,1700],"class_list":{"0":"post-654967","1":"post","2":"type-post","3":"status-publish","4":"format-standard","5":"has-post-thumbnail","7":"category-montpellier","8":"tag-actu","9":"tag-actualites","10":"tag-edition-metz-et-agglomeration","11":"tag-eu","12":"tag-europe","13":"tag-fc-metz","14":"tag-fil-info","15":"tag-fil-info-sport","16":"tag-football","17":"tag-fr","18":"tag-france","19":"tag-metz","20":"tag-metz-ville-57b","21":"tag-montpellier","22":"tag-news","23":"tag-occitanie","24":"tag-republique-francaise","25":"tag-sport","26":"tag-sport-lorrain"},"share_on_mastodon":{"url":"https:\/\/pubeurope.com\/@fr\/115873343306062050","error":""},"_links":{"self":[{"href":"https:\/\/www.europesays.com\/fr\/wp-json\/wp\/v2\/posts\/654967","targetHints":{"allow":["GET"]}}],"collection":[{"href":"https:\/\/www.europesays.com\/fr\/wp-json\/wp\/v2\/posts"}],"about":[{"href":"https:\/\/www.europesays.com\/fr\/wp-json\/wp\/v2\/types\/post"}],"author":[{"embeddable":true,"href":"https:\/\/www.europesays.com\/fr\/wp-json\/wp\/v2\/users\/2"}],"replies":[{"embeddable":true,"href":"https:\/\/www.europesays.com\/fr\/wp-json\/wp\/v2\/comments?post=654967"}],"version-history":[{"count":0,"href":"https:\/\/www.europesays.com\/fr\/wp-json\/wp\/v2\/posts\/654967\/revisions"}],"wp:featuredmedia":[{"embeddable":true,"href":"https:\/\/www.europesays.com\/fr\/wp-json\/wp\/v2\/media\/654968"}],"wp:attachment":[{"href":"https:\/\/www.europesays.com\/fr\/wp-json\/wp\/v2\/media?parent=654967"}],"wp:term":[{"taxonomy":"category","embeddable":true,"href":"https:\/\/www.europesays.com\/fr\/wp-json\/wp\/v2\/categories?post=654967"},{"taxonomy":"post_tag","embeddable":true,"href":"https:\/\/www.europesays.com\/fr\/wp-json\/wp\/v2\/tags?post=654967"}],"curies":[{"name":"wp","href":"https:\/\/api.w.org\/{rel}","templated":true}]}}