{"id":654987,"date":"2026-01-10T23:32:13","date_gmt":"2026-01-10T23:32:13","guid":{"rendered":"https:\/\/www.europesays.com\/fr\/654987\/"},"modified":"2026-01-10T23:32:13","modified_gmt":"2026-01-10T23:32:13","slug":"quelles-seront-les-tendances-food-de-2026-voici-lavis-du-mangeur-masque","status":"publish","type":"post","link":"https:\/\/www.europesays.com\/fr\/654987\/","title":{"rendered":"quelles seront les tendances food de 2026 ? Voici l&rsquo;avis du Mangeur Masqu\u00e9"},"content":{"rendered":"<p>                    Par<br \/>\n        <strong><br \/>\n            <a href=\"https:\/\/actu.fr\/auteur\/redaction-toulouse\" title=\"Consulter tous les articles de R\u00e9daction de Toulouse\" target=\"_blank\" rel=\"noopener\">R\u00e9daction de Toulouse<\/a><br \/>\n                    <\/strong><\/p>\n<p>        Publi\u00e9 le<\/p>\n<p>            10 janv. 2026 \u00e0 11h06        <\/p>\n<p>Le <a href=\"https:\/\/actu.fr\/toulouse\/loisirs-culture\" target=\"_blank\" rel=\"noopener\">secteur de la restauration<\/a> continue de faire <strong>grise mine<\/strong>. Inflation, p\u00e9nurie de personnel, marges sous pression : pour survivre, les \u00e9tablissements misent de plus en plus sur des <strong>concepts efficaces<\/strong>, lisibles et surtout rentables (sauf c\u00f4t\u00e9 client avec des prix toujours \u00e0 la hausse\u2026). Deux tendances fortes semblent d\u00e9j\u00e0 se dessiner pour cette ann\u00e9e.<\/p>\n<p>Des sandwichs nouvelle g\u00e9n\u00e9ration\u00a0<\/p>\n<p class=\" wall-content\">D\u2019abord, le boom des <strong>sandwicheries nouvelle g\u00e9n\u00e9ration<\/strong> : recettes pointues, pains travaill\u00e9s, promesses sant\u00e9, \u00e0 l\u2019image de <strong>CRUSH<\/strong> pr\u00e8s de la Daurade et ses casse-dalle sains et gourmands, de <strong>Mordant<\/strong> \u00e0 Arnaud Bernard ou encore de <strong>Grabuge<\/strong> qui d\u00e9barque prochainement Rue Bayard.<\/p>\n<p class=\" wall-content\">Autre valeur refuge : <strong>la pizza<\/strong>. P\u00e2te \u00e0 longue fermentation, carte des vins soign\u00e9e, lieux pens\u00e9s comme des tables \u00e0 part enti\u00e8re : l\u2019ic\u00f4ne populaire se r\u00e9invente et les ouvertures se multiplient, comme la toute r\u00e9cente pizzeria <strong>DOH<\/strong> qui s\u00e9duit d\u00e9j\u00e0 place de l\u2019Estrapade.<\/p>\n<p>Ici c\u2019est\u2026Paris ?<br \/>\n    <img   decoding=\"async\" loading=\"lazy\" src=\"https:\/\/www.europesays.com\/fr\/wp-content\/uploads\/2026\/01\/9f08965e6b596a318965e6b5929489v-960x640.jpg\" alt=\"Les sandwichs sains et gourmands de CRUSH.\" width=\"960\" height=\"640\"\/><br \/>\n    Les sandwichs sains et gourmands de CRUSH. (\u00a9L.M.M.)<\/p>\n<p class=\" wall-content\">Toulouse grandit, s\u2019internationalise, se visite de plus en plus. Cons\u00e9quence : elle attire logiquement les enseignes venues de Paris, \u00e0 la recherche d\u2019un nouvel eldorado. Dans le sillage de <strong>Takumi<\/strong> et son fabuleux cheesecake japonais ou de <strong>Junk<\/strong> et son smash burger calibr\u00e9, d\u2019autres franchises venues de la Capitale devraient se d\u00e9cliner tout au long de l\u2019ann\u00e9e en terre toulousaine. Au risque d\u2019uniformiser un peu plus la ville ?<\/p>\n<p class=\" wall-content\">Autre \u00ab\u00a0ph\u00e9nom\u00e8ne parisien\u00a0\u00bb d\u00e9sormais bien ancr\u00e9 \u00e0 Toulouse, les <strong>coffee shop<\/strong> continuent de fleurir \u00e0 chaque coin de rue. Caf\u00e9s de sp\u00e9cialit\u00e9, brunchs l\u00e9ch\u00e9s, plats du jour color\u00e9s, banana bread et cinnamon roll fa\u00e7on rite initiatique\u2026 \u00c7a fonctionne toujours autant, avec des nouveaux spots en pagaille, en place et \u00e0 venir. Mais la saturation n\u2019est plus tr\u00e8s loin\u2026<\/p>\n<p>Votre r\u00e9gion, votre actu !<\/p>\n<p>Recevez chaque jour les infos qui comptent pour vous.<\/p>\n<p>\t<a href=\"https:\/\/actu.fr\/newsletter\" class=\"ac-btn ac-btn--corner ac-btn--medium ac-btn--blue800\" target=\"_blank\" rel=\"noopener\">S&rsquo;incrire<\/a><br \/>\nLa guerre des \u00e9toiles<br \/>\n    <img   decoding=\"async\" loading=\"lazy\" src=\"https:\/\/www.europesays.com\/fr\/wp-content\/uploads\/2026\/01\/f79d865e6b596fb9d865e6b59cf9d8v-960x640.jpg\" alt=\"Candidat d\u00e9clar\u00e9 \u00e0 l'\u00e9toile Michelin : le restaurant&#10;gastronomique Maison Pellestor-Veyrier (Colomiers).\" width=\"960\" height=\"640\"\/><br \/>\n    Candidat d\u00e9clar\u00e9 \u00e0 l\u2019\u00e9toile Michelin : le restaurantgastronomique Maison Pellestor-Veyrier (Colomiers). (\u00a9L.M.M.)<\/p>\n<p class=\" wall-content\">Assez discr\u00e8te au regard de la taille de la ville, la sc\u00e8ne \u00e9toil\u00e9e toulousaine pourrait voir une nouvelle table honor\u00e9e par le c\u00e9l\u00e8bre guide Michelin en mars prochain. Mais cette fois, la cons\u00e9cration devrait venir de la p\u00e9riph\u00e9rie plut\u00f4t que du centre-ville avec <strong>Maison Pellestor-Veyrier<\/strong> \u00e0 Colomiers. Cette jeune adresse ouverte il y a seulement un an a su se faire remarquer avec sa cuisine incarn\u00e9e et son audace, caract\u00e9ris\u00e9e par des accords mets-sans alcool tr\u00e8s originaux (et assez rares pour une table de ce standing). Ou comment capter intelligemment les changements de consommation \u00e0 table. Ce n\u2019est pas le Dry January qui dira le contraire.<\/p>\n<p class=\" wall-content\"><b><a href=\"https:\/\/www.instagram.com\/le_mangeur_masque\/?hl=fr\" target=\"_blank\" rel=\"noopener\">LE MANGEUR MASQU\u00c9<\/a>\u00a0<\/b><\/p>\n<p class=\" wall-content\">Personnalisez votre actualit\u00e9 en ajoutant vos villes et m\u00e9dias en favori avec <a href=\"https:\/\/moncompte.actu.fr\" title=\"D\u00e9couvez Mon Actu\" rel=\"nofollow noopener\" data-trk=\"{&quot;cta&quot;:{&quot;action&quot;:&quot;https:\\\/\\\/moncompte.actu.fr&quot;,&quot;category&quot;:&quot;mon compte&quot;,&quot;from&quot;:&quot;article footer&quot;,&quot;name&quot;:&quot;Mon actu&quot;,&quot;type&quot;:&quot;cta&quot;}}\" target=\"_blank\">Mon Actu<\/a>.<\/p>\n<p>                    <script async src=\"\/\/www.instagram.com\/embed.js\"><\/script><\/p>\n","protected":false},"excerpt":{"rendered":"Par R\u00e9daction de Toulouse Publi\u00e9 le 10 janv. 2026 \u00e0 11h06 Le secteur de la restauration continue de&hellip;\n","protected":false},"author":2,"featured_media":654988,"comment_status":"","ping_status":"","sticky":false,"template":"","format":"standard","meta":{"footnotes":""},"categories":[2816],"tags":[1111,11,1777,674,1011,27,1652,12,2680,25,2850,2312],"class_list":{"0":"post-654987","1":"post","2":"type-post","3":"status-publish","4":"format-standard","5":"has-post-thumbnail","7":"category-toulouse","8":"tag-actu","9":"tag-actualites","10":"tag-eu","11":"tag-europe","12":"tag-fr","13":"tag-france","14":"tag-loisirs-culture","15":"tag-news","16":"tag-occitanie","17":"tag-republique-francaise","18":"tag-restaurants-de-toulouse","19":"tag-toulouse"},"share_on_mastodon":{"url":"https:\/\/pubeurope.com\/@fr\/115873418132246914","error":""},"_links":{"self":[{"href":"https:\/\/www.europesays.com\/fr\/wp-json\/wp\/v2\/posts\/654987","targetHints":{"allow":["GET"]}}],"collection":[{"href":"https:\/\/www.europesays.com\/fr\/wp-json\/wp\/v2\/posts"}],"about":[{"href":"https:\/\/www.europesays.com\/fr\/wp-json\/wp\/v2\/types\/post"}],"author":[{"embeddable":true,"href":"https:\/\/www.europesays.com\/fr\/wp-json\/wp\/v2\/users\/2"}],"replies":[{"embeddable":true,"href":"https:\/\/www.europesays.com\/fr\/wp-json\/wp\/v2\/comments?post=654987"}],"version-history":[{"count":0,"href":"https:\/\/www.europesays.com\/fr\/wp-json\/wp\/v2\/posts\/654987\/revisions"}],"wp:featuredmedia":[{"embeddable":true,"href":"https:\/\/www.europesays.com\/fr\/wp-json\/wp\/v2\/media\/654988"}],"wp:attachment":[{"href":"https:\/\/www.europesays.com\/fr\/wp-json\/wp\/v2\/media?parent=654987"}],"wp:term":[{"taxonomy":"category","embeddable":true,"href":"https:\/\/www.europesays.com\/fr\/wp-json\/wp\/v2\/categories?post=654987"},{"taxonomy":"post_tag","embeddable":true,"href":"https:\/\/www.europesays.com\/fr\/wp-json\/wp\/v2\/tags?post=654987"}],"curies":[{"name":"wp","href":"https:\/\/api.w.org\/{rel}","templated":true}]}}