{"id":654994,"date":"2026-01-10T23:37:11","date_gmt":"2026-01-10T23:37:11","guid":{"rendered":"https:\/\/www.europesays.com\/fr\/654994\/"},"modified":"2026-01-10T23:37:11","modified_gmt":"2026-01-10T23:37:11","slug":"municipales-benoit-payan-officiellement-candidat-a-la-mairie-de-marseille","status":"publish","type":"post","link":"https:\/\/www.europesays.com\/fr\/654994\/","title":{"rendered":"Municipales. Beno\u00eet Payan officiellement candidat \u00e0 la mairie de Marseille"},"content":{"rendered":"<p>Ses adversaires attendaient sa candidature avec impatience. Le maire sortant est officiellement candidat \u00e0 sa succession. A pr\u00e8s de deux mois du premier tour, il entre dans l\u2019ar\u00e8ne, fait part de ses ambitions pour Marseille. Crie haro sur la M\u00e9tropole et estime que son seul adversaire c\u2019est le Rassemblement national.<br \/>\n<img fetchpriority=\"high\" decoding=\"async\" class=\"size-large wp-image-111920\" src=\"https:\/\/www.europesays.com\/fr\/wp-content\/uploads\/2026\/01\/IMG-20260110-WA0006-1024x768.jpg\" alt=\"Destimed IMG 20260110 WA0006\" width=\"1024\" height=\"768\"  \/>Beno\u00eet Payan est officiellement candidat \u00e0 sa succession \u00a9 Jo\u00ebl Barcy<br \/>\nOfficiellement candidat<\/p>\n<p>Visiblement d\u00e9cid\u00e9, Beno\u00eet Payan ambitionne de conserver les r\u00eanes de la ville. \u00ab Le moment \u00e9tait venu de dire que je suis candidat pour Marseille, le moment de rencontrer les Marseillais pour pr\u00e9senter un projet, une \u00e9quipe et une ambition \u00bb, dit-il simplement. Le maire sortant s\u2019estime en position de repartir : \u00ab Je consid\u00e8re que, pour les six ans qui viennent, j\u2019ai la force et l\u2019envie de continuer \u00e0 porter cette ambition pour Marseille. Le d\u00e9fi, au cours de ce mandat, sera de penser et d\u2019imaginer cette ville pour les cinquante et les cent ans \u00e0 venir. \u00bb<\/p>\n<\/p>\n<p>\u00ab Mon adversaire c\u2019est le RN \u00bb<\/p>\n<p>Pour Beno\u00eet Payan, un seul adversaire compte r\u00e9ellement dans cette campagne : le Rassemblement national. \u00ab On voit bien que les gens sont tent\u00e9s par le repli, qu\u2019ils ont peur de l\u2019autre, que toute la journ\u00e9e on nous raconte qu\u2019il y a des ennemis de l\u2019int\u00e9rieur\u2026 Regardez la vague de haine qui s\u2019est exprim\u00e9e quand on a appris que le premier b\u00e9b\u00e9 n\u00e9 en 2026 portait un pr\u00e9nom musulman \u00bb, affirme-t-il. Pour le candidat, le RN est plus qu\u2019un adversaire : \u00ab Ce sont des faiseurs de haine, des cracheurs de feu, qui risquent de diviser Marseille comme elle ne l\u2019a jamais \u00e9t\u00e9. \u00bb<\/p>\n<\/p>\n<p>Haro sur la M\u00e9tropole<\/p>\n<p>Les comp\u00e9tences de la M\u00e9tropole seront l\u2019un des th\u00e8mes de campagne. Beno\u00eet Payan fustige : \u00ab Peut-on continuer \u00e0 vivre dans une ville aussi sale ? Est-ce que vous croyez que je vais laisser, pendant les six ann\u00e9es qui viennent, la M\u00e9tropole continuer \u00e0 faire ce qu\u2019elle a fait dans cette ville, avec des m\u00e9tros qui ferment \u00e0 21h30\u2026 Vous pensez qu\u2019on peut laisser une M\u00e9tropole entraver l\u2019action d\u2019une ville aussi importante que Marseille ? En votant pour nos listes, en nous propulsant vers ce nouveau destin, nous pourrons entra\u00eener la M\u00e9tropole avec nous. \u00bb<\/p>\n<\/p>\n<p>Une nouvelle \u00e9quipe<\/p>\n<p data-start=\"0\" data-end=\"753\">Le maire sortant reste fid\u00e8le au Printemps marseillais. Il conduira une liste dans la m\u00eame veine qu\u2019en 2020, rassemblant des forces de gauche, des \u00e9cologistes et des citoyens. Il voit d\u2019un bon \u0153il le nouveau mode de scrutin, qui modifie en profondeur l\u2019\u00e9lection. Il ne sera candidat dans aucun secteur et m\u00e8nera une liste \u00e0 l\u2019\u00e9chelle de Marseille. \u00ab Je ferai entrer de nouvelles personnalit\u00e9s qui, pour la plupart, n\u2019ont jamais fait de politique, mais qui sont ancr\u00e9es dans la ville : des professionnels du secteur m\u00e9dical, des chefs d\u2019entreprise, des acteurs du monde associatif, des entrepreneurs de start-up, des personnes issues de collectifs, avec des exp\u00e9riences diff\u00e9rentes. Ma liste n\u2019est pas celle d\u2019un parti, ni celle d\u2019un clan \u00bb, assure-t-il.<\/p>\n<p data-start=\"755\" data-end=\"1074\" data-is-last-node=\"\" data-is-only-node=\"\">Interrog\u00e9 sur la candidature de La France insoumise, Beno\u00eet Payan r\u00e9pond : \u00ab S\u00e9bastien Delogu et les Insoumis ont fait le choix de la division. Ils en portent la responsabilit\u00e9 et, quand on porte la responsabilit\u00e9 de la division, on l\u2019assume jusqu\u2019au bout. Moi, je fais les choses dans l\u2019ordre. Je ne me renierai pas. \u00bb<\/p>\n<\/p>\n<p>D\u00e9but de programme<\/p>\n<p>Beno\u00eet Payan a esquiss\u00e9 un d\u00e9but de programme social et s\u00e9curitaire. Gratuit\u00e9 de la cantine pour 15 000 enfants. Doublement des effectifs de propret\u00e9 avec une police de la propret\u00e9 et cr\u00e9ation d\u2019un gendarme du logement\u2026<\/p>\n<p><strong>Reportage Jo\u00ebl BARCY<\/strong><\/p>\n","protected":false},"excerpt":{"rendered":"Ses adversaires attendaient sa candidature avec impatience. Le maire sortant est officiellement candidat \u00e0 sa succession. A pr\u00e8s&hellip;\n","protected":false},"author":2,"featured_media":654995,"comment_status":"","ping_status":"","sticky":false,"template":"","format":"standard","meta":{"footnotes":""},"categories":[2814],"tags":[1111,11,1777,674,1011,27,884,12,882,25],"class_list":{"0":"post-654994","1":"post","2":"type-post","3":"status-publish","4":"format-standard","5":"has-post-thumbnail","7":"category-marseille","8":"tag-actu","9":"tag-actualites","10":"tag-eu","11":"tag-europe","12":"tag-fr","13":"tag-france","14":"tag-marseille","15":"tag-news","16":"tag-provence-alpes-cote-dazur","17":"tag-republique-francaise"},"share_on_mastodon":{"url":"https:\/\/pubeurope.com\/@fr\/115873437802242899","error":""},"_links":{"self":[{"href":"https:\/\/www.europesays.com\/fr\/wp-json\/wp\/v2\/posts\/654994","targetHints":{"allow":["GET"]}}],"collection":[{"href":"https:\/\/www.europesays.com\/fr\/wp-json\/wp\/v2\/posts"}],"about":[{"href":"https:\/\/www.europesays.com\/fr\/wp-json\/wp\/v2\/types\/post"}],"author":[{"embeddable":true,"href":"https:\/\/www.europesays.com\/fr\/wp-json\/wp\/v2\/users\/2"}],"replies":[{"embeddable":true,"href":"https:\/\/www.europesays.com\/fr\/wp-json\/wp\/v2\/comments?post=654994"}],"version-history":[{"count":0,"href":"https:\/\/www.europesays.com\/fr\/wp-json\/wp\/v2\/posts\/654994\/revisions"}],"wp:featuredmedia":[{"embeddable":true,"href":"https:\/\/www.europesays.com\/fr\/wp-json\/wp\/v2\/media\/654995"}],"wp:attachment":[{"href":"https:\/\/www.europesays.com\/fr\/wp-json\/wp\/v2\/media?parent=654994"}],"wp:term":[{"taxonomy":"category","embeddable":true,"href":"https:\/\/www.europesays.com\/fr\/wp-json\/wp\/v2\/categories?post=654994"},{"taxonomy":"post_tag","embeddable":true,"href":"https:\/\/www.europesays.com\/fr\/wp-json\/wp\/v2\/tags?post=654994"}],"curies":[{"name":"wp","href":"https:\/\/api.w.org\/{rel}","templated":true}]}}