{"id":654996,"date":"2026-01-10T23:38:13","date_gmt":"2026-01-10T23:38:13","guid":{"rendered":"https:\/\/www.europesays.com\/fr\/654996\/"},"modified":"2026-01-10T23:38:13","modified_gmt":"2026-01-10T23:38:13","slug":"lyon-son-bebe-meurt-dune-maladie-tres-rare-la-maman-veut-faire-payer-deux-hopitaux","status":"publish","type":"post","link":"https:\/\/www.europesays.com\/fr\/654996\/","title":{"rendered":"Lyon. Son b\u00e9b\u00e9 meurt d&rsquo;une maladie \u00ab\u00a0tr\u00e8s rare\u00a0\u00bb, la maman veut faire payer deux h\u00f4pitaux"},"content":{"rendered":"<p>                    Par<br \/>\n        <strong><br \/>\n            <a href=\"https:\/\/actu.fr\/auteur\/redaction-lyon\" title=\"Consulter tous les articles de R\u00e9daction Lyon\" target=\"_blank\" rel=\"noopener\">R\u00e9daction Lyon<\/a><br \/>\n                    <\/strong><\/p>\n<p>        Publi\u00e9 le<\/p>\n<p>            10 janv. 2026 \u00e0 19h30        <\/p>\n<p>Une m\u00e8re de famille a demand\u00e9\u00a0ce mardi 6 janvier 2026 au\u00a0tribunal administratif de <a href=\"https:\/\/actu.fr\/auvergne-rhone-alpes\/lyon_69123\" target=\"_blank\" rel=\"noopener\">Lyon<\/a> de condamner les H\u00f4pitaux Nord-Ouest de Villefranche-sur-Sa\u00f4ne et les Hospices Civils de Lyon \u00e0 l\u2019indemniser apr\u00e8s le <strong>d\u00e9c\u00e8s de son nouveau-n\u00e9 il y a treize ans<\/strong>.<br \/>Le fils d\u2019Anne X., n\u00e9 le 1er novembre 2012 \u00e0 l\u2019h\u00f4pital de Villefranche-sur-Sa\u00f4ne, \u00e9tait en fait porteur d\u2019une galactos\u00e9mie cong\u00e9nitale : cette maladie, qui touche un b\u00e9b\u00e9 sur 75.000, se caract\u00e9rise par l\u2019impossibilit\u00e9 pour l\u2019organisme de transformer correctement un sucre du lait, ce qui entra\u00eene son accumulation toxique d\u00e8s les premiers jours de vie.<\/p>\n<p>Le mauvais lait donn\u00e9 \u00e0 l\u2019h\u00f4pital<\/p>\n<p class=\" wall-content\">Alors que la progression de la maladie ne peut \u00eatre stopp\u00e9e que par\u00a0l\u2019absence totale de consommation de lait infantile ou de vache, le b\u00e9b\u00e9 avait re\u00e7u du \u00ab\u00a0lait normal\u00a0\u00bb au cours de ses douze premiers jours de vie, ce qui lui avait provoqu\u00e9 de \u00ab\u00a0graves dysfonctionnements, notamment au niveau des reins\u00a0\u00bb.<\/p>\n<p class=\" wall-content\">Il \u00e9tait finalement mort d\u2019une \u00ab\u00a0n\u00e9crose\u00a0\u00bb le 15 novembre 2012.<\/p>\n<p>La m\u00e8re demande des d\u00e9dommagements financiers<\/p>\n<p class=\" wall-content\">Estimant que cette maladie \u00ab\u00a0aurait d\u00fb \u00eatre envisag\u00e9e plus rapidement au regard des sympt\u00f4mes\u00a0\u00bb et que son fils aurait d\u00fb \u00eatre \u00ab\u00a0transf\u00e9r\u00e9 plus t\u00f4t vers un service de r\u00e9animation p\u00e9diatrique\u00a0\u00bb, Anne X. a saisi le tribunal administratif de Lyon pour obtenir pr\u00e8s de 28.000 \u20ac de d\u00e9dommagements de la part de l\u2019h\u00f4pital de Villefranche-sur-Sa\u00f4ne et des <a href=\"https:\/\/actu.fr\/tag\/hospices-civils-de-lyon-hcl\" target=\"_blank\" rel=\"noopener\">Hospices civils de Lyon (HCL)<\/a>. La m\u00e8re de famille demande aussi 4.500 \u20ac pour ses frais de justice.<\/p>\n<p class=\" wall-content\">Mais, lors de l\u2019audience publique ce mardi 6 janvier 2026, la rapporteure publique a estim\u00e9 que les m\u00e9decins n\u2019avaient pas commis de faute \u00ab\u00a0dans le d\u00e9lai de diagnostic en raison de la raret\u00e9 de la maladie et de la difficult\u00e9 \u00e0 la diagnostiquer\u00a0\u00bb. D\u2019ailleurs, cet enfant n\u00e9 pr\u00e9matur\u00e9ment avait dans un premier temps suivi un \u00ab\u00a0traitement par phototh\u00e9rapie\u00a0\u00bb en raison de la \u00ab\u00a0jaunisse\u00a0\u00bb qu\u2019il avait pr\u00e9sent\u00e9e \u00e0 la naissance. Il avait ensuite \u00e9t\u00e9 transf\u00e9r\u00e9 dans le \u00ab\u00a0service n\u00e9onatologie\u00a0\u00bb le 6 novembre 2012 en raison \u00ab\u00a0du d\u00e9veloppement\u00a0\u00bb de cette maladie.<\/p>\n<p>Une maladie \u00ab\u00a0rare\u00a0\u00bb et \u00ab\u00a0difficile\u00a0\u00bb \u00e0 diagnostiquer<\/p>\n<p class=\" wall-content\">Les m\u00e9decins auraient d\u00fb \u00ab\u00a0adopter une attitude prudente \u00e0 compter du septi\u00e8me jour\u00a0\u00bb, a convenu la magistrate, dont les avis sont souvent suivis par les juges : la \u00ab\u00a0persistance des sympt\u00f4mes\u00a0\u00bb aurait d\u00fb les \u00ab\u00a0orienter vers une pathologie m\u00e9tabolique\u00a0\u00bb et donc les conduire \u00e0 une \u00ab\u00a0modification de l\u2019alimentation\u00a0\u00bb du b\u00e9b\u00e9. Reste qu\u2019il n\u2019y a \u00ab\u00a0pas de preuve d\u2019un d\u00e9faut de vigilance\u00a0\u00bb \u00e0 partir de ce moment-l\u00e0.<\/p>\n<p>Votre r\u00e9gion, votre actu !<\/p>\n<p>Recevez chaque jour les infos qui comptent pour vous.<\/p>\n<p>\t<a href=\"https:\/\/actu.fr\/newsletter\" class=\"ac-btn ac-btn--corner ac-btn--medium ac-btn--blue800\" target=\"_blank\" rel=\"noopener\">S&rsquo;incrire<\/a><\/p>\n<p class=\" wall-content\">Des \u00ab\u00a0taux d\u2019ammoniaque tr\u00e8s importants\u00a0\u00bb \u2013 voire \u00ab\u00a0toxiques\u00a0\u00bb \u2013 avaient pourtant \u00e9t\u00e9 relev\u00e9s \u00e0 partir le onzi\u00e8me jour : le nouveau-n\u00e9 avait donc \u00e9t\u00e9 transf\u00e9r\u00e9 \u00e0 l\u2019h\u00f4pital Femme-M\u00e8re-Enfant (HFME) de Bron le lendemain, et \u00ab\u00a0l\u2019arr\u00eat en urgence du lactose\u00a0\u00bb avait cette fois-ci \u00e9t\u00e9 d\u00e9cid\u00e9. Ce n\u2019est donc que onze jours apr\u00e8s sa naissance que la\u00a0galactos\u00e9mie cong\u00e9nitale de l\u2019enfant avait \u00e9t\u00e9 diagnostiqu\u00e9e, malgr\u00e9 \u00ab\u00a0un \u00e9tat clinique franchement anormal d\u00e8s le 10 novembre\u00a0\u00bb.<\/p>\n<p class=\" wall-content\">Si les m\u00e9decins ont effectivement \u00ab\u00a0commis une faute en n\u2019arr\u00eatant pas l\u2019alimentation en lactose plus t\u00f4t et en ne d\u00e9cidant pas imm\u00e9diatement du transfert du nouveau-n\u00e9 vers un \u00e9tablissement avec des \u00e9quipements adapt\u00e9s\u00a0\u00bb, l\u2019expertise a \u00e9tabli que \u00ab\u00a0le changement d\u2019alimentation au douzi\u00e8me jour n\u2019aurait pas permis aux d\u00e9fenses immunitaires de se reformer suffisamment\u00a0\u00bb.<\/p>\n<p>Les h\u00f4pitaux pourraient \u00e9chapper \u00e0 toute condamnation<\/p>\n<p class=\" wall-content\">La rapporteure publique a donc estim\u00e9 que \u00ab\u00a0la responsabilit\u00e9 des h\u00f4pitaux Nord-Ouest ne peut \u00eatre engag\u00e9e\u00a0\u00bb. Quant \u00e0 la responsabilit\u00e9 des HCL, \u00ab\u00a0le seul manquement de prudence dans la reprise d\u2019une alimentation compl\u00e8te du nourrisson ne permet pas de retenir une faute\u00a0\u00bb, consid\u00e8re la magistrate. \u00ab\u00a0A son arriv\u00e9e, le b\u00e9b\u00e9 a \u00e9t\u00e9 mis \u00e0 je\u00fbn jusqu\u2019au diagnostic, il n\u2019y a eu aucun manquement aux r\u00e8gles de l\u2019art.\u00a0\u00bb<\/p>\n<p class=\" wall-content\">Elle a donc propos\u00e9 de rejeter la requ\u00eate de la m\u00e8re de famille, qui n\u2019\u00e9tait ni pr\u00e9sente ni repr\u00e9sent\u00e9e par un avocat au cours de l\u2019audience. Le tribunal administratif de Lyon rendra son jugement dans les prochaines semaines.<\/p>\n<p class=\" wall-content\"><strong>MJ et GF (PressPepper)<\/strong><\/p>\n<p class=\" wall-content\">Personnalisez votre actualit\u00e9 en ajoutant vos villes et m\u00e9dias en favori avec <a href=\"https:\/\/moncompte.actu.fr\" title=\"D\u00e9couvez Mon Actu\" rel=\"nofollow noopener\" data-trk=\"{&quot;cta&quot;:{&quot;action&quot;:&quot;https:\\\/\\\/moncompte.actu.fr&quot;,&quot;category&quot;:&quot;mon compte&quot;,&quot;from&quot;:&quot;article footer&quot;,&quot;name&quot;:&quot;Mon actu&quot;,&quot;type&quot;:&quot;cta&quot;}}\" target=\"_blank\">Mon Actu<\/a>.<\/p>\n","protected":false},"excerpt":{"rendered":"Par R\u00e9daction Lyon Publi\u00e9 le 10 janv. 2026 \u00e0 19h30 Une m\u00e8re de famille a demand\u00e9\u00a0ce mardi 6&hellip;\n","protected":false},"author":2,"featured_media":654997,"comment_status":"","ping_status":"","sticky":false,"template":"","format":"standard","meta":{"footnotes":""},"categories":[1889],"tags":[1111,11,2430,1777,674,652,1011,27,23742,303,2428,12,25,104],"class_list":{"0":"post-654996","1":"post","2":"type-post","3":"status-publish","4":"format-standard","5":"has-post-thumbnail","7":"category-lyon","8":"tag-actu","9":"tag-actualites","10":"tag-auvergne-rhone-alpes","11":"tag-eu","12":"tag-europe","13":"tag-famille","14":"tag-fr","15":"tag-france","16":"tag-hospices-civils-de-lyon-hcl","17":"tag-justice","18":"tag-lyon","19":"tag-news","20":"tag-republique-francaise","21":"tag-societe"},"share_on_mastodon":{"url":"https:\/\/pubeurope.com\/@fr\/115873441894468882","error":""},"_links":{"self":[{"href":"https:\/\/www.europesays.com\/fr\/wp-json\/wp\/v2\/posts\/654996","targetHints":{"allow":["GET"]}}],"collection":[{"href":"https:\/\/www.europesays.com\/fr\/wp-json\/wp\/v2\/posts"}],"about":[{"href":"https:\/\/www.europesays.com\/fr\/wp-json\/wp\/v2\/types\/post"}],"author":[{"embeddable":true,"href":"https:\/\/www.europesays.com\/fr\/wp-json\/wp\/v2\/users\/2"}],"replies":[{"embeddable":true,"href":"https:\/\/www.europesays.com\/fr\/wp-json\/wp\/v2\/comments?post=654996"}],"version-history":[{"count":0,"href":"https:\/\/www.europesays.com\/fr\/wp-json\/wp\/v2\/posts\/654996\/revisions"}],"wp:featuredmedia":[{"embeddable":true,"href":"https:\/\/www.europesays.com\/fr\/wp-json\/wp\/v2\/media\/654997"}],"wp:attachment":[{"href":"https:\/\/www.europesays.com\/fr\/wp-json\/wp\/v2\/media?parent=654996"}],"wp:term":[{"taxonomy":"category","embeddable":true,"href":"https:\/\/www.europesays.com\/fr\/wp-json\/wp\/v2\/categories?post=654996"},{"taxonomy":"post_tag","embeddable":true,"href":"https:\/\/www.europesays.com\/fr\/wp-json\/wp\/v2\/tags?post=654996"}],"curies":[{"name":"wp","href":"https:\/\/api.w.org\/{rel}","templated":true}]}}