{"id":654998,"date":"2026-01-10T23:39:13","date_gmt":"2026-01-10T23:39:13","guid":{"rendered":"https:\/\/www.europesays.com\/fr\/654998\/"},"modified":"2026-01-10T23:39:13","modified_gmt":"2026-01-10T23:39:13","slug":"a-lyon-melenchon-appelle-le-peuple-a-se-defendre-les-armes-a-la-main","status":"publish","type":"post","link":"https:\/\/www.europesays.com\/fr\/654998\/","title":{"rendered":"\u00e0 Lyon, M\u00e9lenchon appelle le peuple \u00e0 \u00ab\u00a0se d\u00e9fendre les armes \u00e0 la main\u00a0\u00bb"},"content":{"rendered":"<p>Un petit tour et puis s\u2019en va\u00a0: <a href=\"https:\/\/www.leprogres.fr\/p\/jean-luc-melenchon\" target=\"_blank\" rel=\"noopener\">Jean-Luc M\u00e9lenchon<\/a> a bien particip\u00e9 au rassemblement qui s\u2019est tenu ce samedi apr\u00e8s-midi place Bellecour contre l\u2019intervention am\u00e9ricaine au Venezuela. Une manifestation d\u00e9cid\u00e9e \u00e0 l\u2019appel d&rsquo;un collectif (UTOPAX, ECOVIPAD, CGT, LFI, PCF, etc) apr\u00e8s \u00ab\u00a0l\u2019agression des \u00c9tats-Unis contre le Venezuela et l\u2019enl\u00e8vement de son pr\u00e9sident <a href=\"https:\/\/www.leprogres.fr\/p\/nicolas-maduro\" target=\"_blank\" rel=\"noopener\">Nicolas Maduro<\/a>\u00a0\u00bb. \u00ab\u00a0Les pr\u00e9textes du narco-trafic cachent juste le dessein de s\u2019approprier les ressources p\u00e9troli\u00e8res dont dispose le Venezuela\u00a0\u00bb, ont r\u00e9sum\u00e9 samedi les membres de l\u2019association.<\/p>\n<p>Dans les rangs fournis de quelques centaines de personnes, des drapeaux palestiniens, colombiens mais pas de drapeaux v\u00e9n\u00e9zu\u00e9liens. \u00ab\u00a0USA, casse-toi\u00a0! Le Venezuela n\u2019est pas \u00e0 toi\u00a0!\u00a0\u00bb\u00a0: les cris et slogans \u00e9taient surtout pour d\u00e9noncer \u00ab\u00a0l\u2019imp\u00e9rialisme am\u00e9ricain\u00a0\u00bb et \u00ab\u00a0la loi du plus fort \u00e9rig\u00e9e en mod\u00e8le avec la complicit\u00e9 de nos gouvernements\u00a0\u00bb.<\/p>\n<p>  \u00ab\u00a0USA, casse-toi !\u00a0\u00bb<\/p>\n<p>Le rassemblement a pris un tournant \u00e9minemment politique avec la pr\u00e9sence du PCF (parti communiste fran\u00e7ais), engag\u00e9 \u00ab\u00a0pour le respect du droit international\u00a0\u00bb et les Insoumis qui d\u00e9non\u00e7aient l\u2019imp\u00e9rialisme am\u00e9ricain et demandaient la lib\u00e9ration du chef d\u2019\u00c9tat d\u00e9chu, comme l\u2019a fait ce samedi Jean-Luc M\u00e9lenchon\u00a0: \u00ab\u00a0La lib\u00e9ration du pr\u00e9sident Maduro devra se faire et le peuple devra se d\u00e9fendre, s\u2019il le faut les armes \u00e0 la main\u00a0\u00bb.<\/p>\n<p>L\u2019ancien d\u00e9put\u00e9 a d\u00e9nonc\u00e9 \u00e9galement la position \u00ab\u00a0pitoyable\u00a0\u00bb d\u2019<a href=\"https:\/\/www.leprogres.fr\/p\/emmanuel-macron\" target=\"_blank\" rel=\"noopener\">Emmanuel Macron<\/a> pr\u00e9f\u00e9rant \u00ab\u00a0prendre fait et cause \u00e0 un tel enl\u00e8vement\u00a0\u00bb alors que \u00ab\u00a0ce qui vient de se produire est d\u2019une gravit\u00e9 exceptionnelle\u00a0\u00bb.<\/p>\n<p>Pr\u00e9sent au rassemblement \u00ab\u00a0pour affirmer son soutien aux droits inali\u00e9nables du peuple v\u00e9n\u00e9zu\u00e9lien et de ses institutions\u00a0\u00bb, le pr\u00e9sident de LFI \u00e9tait en d\u00e9placement dans le Rh\u00f4ne depuis vendredi pour pr\u00e9senter ses v\u0153ux \u00e0 Villeurbanne aux c\u00f4t\u00e9s du d\u00e9put\u00e9 de la 6e circonscription du Rh\u00f4ne <a href=\"https:\/\/www.leprogres.fr\/p\/gabriel-amard\" target=\"_blank\" rel=\"noopener\">Gabriel Amard<\/a> (\u00e9galement son gendre).<\/p>\n<p>Il a aussi particip\u00e9 \u00e0\u00a0une op\u00e9ration de tractage pour s\u2019inscrire sur les listes \u00e9lectorales \u00e0 Vaulx-en-Velin avec le d\u00e9put\u00e9 LFI de la 7e circonscription du Rh\u00f4ne,\u00a0Abdelkader Lahmar. Tous deux \u00e9taient pr\u00e9sents en cette fin d\u2019apr\u00e8s-midi, tout comme la d\u00e9put\u00e9e <a href=\"https:\/\/www.leprogres.fr\/p\/anais-belouassa-cherifi\" target=\"_blank\" rel=\"noopener\">Ana\u00efs Belouassa-Cherifi<\/a>, candidate \u00e0 l\u2019\u00e9lection municipale de Lyon, <a href=\"https:\/\/www.leprogres.fr\/p\/idir-boumertit\" target=\"_blank\" rel=\"noopener\">Idir Boumertit<\/a>, d\u00e9put\u00e9 de la 14e circonscription du Rh\u00f4ne et le Lyonnais <a href=\"https:\/\/www.leprogres.fr\/p\/raphael-arnault\" target=\"_blank\" rel=\"noopener\">Rapha\u00ebl Arnault<\/a>, d\u00e9put\u00e9 du Vaucluse.<\/p>\n","protected":false},"excerpt":{"rendered":"Un petit tour et puis s\u2019en va\u00a0: Jean-Luc M\u00e9lenchon a bien particip\u00e9 au rassemblement qui s\u2019est tenu ce&hellip;\n","protected":false},"author":2,"featured_media":654999,"comment_status":"","ping_status":"","sticky":false,"template":"","format":"standard","meta":{"footnotes":""},"categories":[1889],"tags":[1111,11,2430,2757,1777,674,107,1011,27,2338,2428,2756,12,316,25,2429],"class_list":{"0":"post-654998","1":"post","2":"type-post","3":"status-publish","4":"format-standard","5":"has-post-thumbnail","7":"category-lyon","8":"tag-actu","9":"tag-actualites","10":"tag-auvergne-rhone-alpes","11":"tag-edition-lyon-villeurbanne","12":"tag-eu","13":"tag-europe","14":"tag-fil-info","15":"tag-fr","16":"tag-france","17":"tag-la-france-insoumise","18":"tag-lyon","19":"tag-lyon-bassin","20":"tag-news","21":"tag-politique","22":"tag-republique-francaise","23":"tag-rhone"},"share_on_mastodon":{"url":"https:\/\/pubeurope.com\/@fr\/115873445510457806","error":""},"_links":{"self":[{"href":"https:\/\/www.europesays.com\/fr\/wp-json\/wp\/v2\/posts\/654998","targetHints":{"allow":["GET"]}}],"collection":[{"href":"https:\/\/www.europesays.com\/fr\/wp-json\/wp\/v2\/posts"}],"about":[{"href":"https:\/\/www.europesays.com\/fr\/wp-json\/wp\/v2\/types\/post"}],"author":[{"embeddable":true,"href":"https:\/\/www.europesays.com\/fr\/wp-json\/wp\/v2\/users\/2"}],"replies":[{"embeddable":true,"href":"https:\/\/www.europesays.com\/fr\/wp-json\/wp\/v2\/comments?post=654998"}],"version-history":[{"count":0,"href":"https:\/\/www.europesays.com\/fr\/wp-json\/wp\/v2\/posts\/654998\/revisions"}],"wp:featuredmedia":[{"embeddable":true,"href":"https:\/\/www.europesays.com\/fr\/wp-json\/wp\/v2\/media\/654999"}],"wp:attachment":[{"href":"https:\/\/www.europesays.com\/fr\/wp-json\/wp\/v2\/media?parent=654998"}],"wp:term":[{"taxonomy":"category","embeddable":true,"href":"https:\/\/www.europesays.com\/fr\/wp-json\/wp\/v2\/categories?post=654998"},{"taxonomy":"post_tag","embeddable":true,"href":"https:\/\/www.europesays.com\/fr\/wp-json\/wp\/v2\/tags?post=654998"}],"curies":[{"name":"wp","href":"https:\/\/api.w.org\/{rel}","templated":true}]}}