{"id":655004,"date":"2026-01-10T23:43:11","date_gmt":"2026-01-10T23:43:11","guid":{"rendered":"https:\/\/www.europesays.com\/fr\/655004\/"},"modified":"2026-01-10T23:43:11","modified_gmt":"2026-01-10T23:43:11","slug":"challenge-cup-stade-francais-morgan-parra-cette-equipe-a-vraiment-du-caractere","status":"publish","type":"post","link":"https:\/\/www.europesays.com\/fr\/655004\/","title":{"rendered":"Challenge Cup. Stade fran\u00e7ais. Morgan Parra\u00a0: \u00ab\u00a0Cette \u00e9quipe a vraiment du caract\u00e8re\u00a0\u00bb"},"content":{"rendered":"<p>\n                Men\u00e9 22-0 jusqu\u2019\u00e0 la 51e minute de la rencontre, le Stade fran\u00e7ais a renvers\u00e9 Exeter, s\u2019imposant m\u00eame avec le bonus offensif (27-25). Un succ\u00e8s, acquis en grande partie gr\u00e2ce \u00e0 l\u2019apport des rempla\u00e7ants comme L\u00e9o Barr\u00e9, Baptiste Pesenti, Giorgi Melikidze ou encore Julien Delbouis, synonyme de qualification pour les huiti\u00e8mes de finale de la comp\u00e9tition. Pour le plus grand bonheur de Morgan Parra, entra\u00eeneur en charge de l\u2019attaque.\n            <\/p>\n<p><strong>Comment expliquez-vous les deux visages diam\u00e9tralement oppos\u00e9s de votre \u00e9quipe entre la premi\u00e8re et la seconde p\u00e9riode\u00a0?<\/strong><\/p>\n<p>Nous avons \u00e9t\u00e9 un peu timides au d\u00e9but, pas assez entreprenants. On savait qu\u2019Exeter \u00e9tait venu avec une grosse \u00e9quipe. Les Anglais avaient affich\u00e9 leurs ambitions, ils voulaient gagner. Apr\u00e8s il y a des choses qui ne s\u2019expliquent pas. En conqu\u00eate, nous avons \u00e9t\u00e9 moins bien que d\u2019habitude. Nous avons perdu beaucoup trop de ballons en touche, nous n\u2019avons pas gagn\u00e9 les duels a\u00e9riens. Sur ce secteur, on n\u2019a vraiment pas \u00e9t\u00e9 \u00e0 la hauteur. R\u00e9sultat\u00a0: on n\u2019a pas eu la ma\u00eetrise du ballon. Quand on l\u2019a eu, on n\u2019a pas su encha\u00eener des s\u00e9quences parce qu\u2019on n\u2019a pas gagn\u00e9 les collisions et on s\u2019est trop vite s\u00e9par\u00e9 du ballon. Il a donc fallu rectifier rapidement.<\/p>\n<p><strong>Que vous \u00eates-vous\u00a0dit \u00e0 22-0 pour Exeter \u00e0 la 50e minute de la rencontre ?<\/strong><\/p>\n<p>Je me dis que ce n\u2019\u00e9tait pas fini. \u00c0 22-0, je savais que c\u2019\u00e9tait encore jouable. Je savais que nous avions un banc tr\u00e8s costaud. On a donc essay\u00e9 d\u2019apporter du sang neuf, m\u00eame si nous n\u2019avions pas pr\u00e9vu de coacher si t\u00f4t. Pour nous, dans la gestion de l\u2019effectif, c\u2019\u00e9tait prendre un risque mais cela nous a permis de gagner le match<\/p>\n<p><strong>Pourquoi est-ce un risque\u00a0?<\/strong><\/p>\n<p>Contrairement au Top 14, les joueurs sortis ne peuvent plus revenir en jeu. Mais bon, l\u2019apport du banc nous a fait beaucoup de bien. Chaque mec a jou\u00e9 sa partie et apport\u00e9 du dynamisme. On a commenc\u00e9 \u00e0 gagner les collisions et \u00e0 avancer. Forc\u00e9ment, apr\u00e8s c\u2019est plus facile de jouer.<\/p>\n<p><strong>L\u2019entr\u00e9e de L\u00e9o Barr\u00e9 \u00e0 l\u2019ouverture semble avoir \u00e9t\u00e9 d\u00e9terminante. Vous confirmez\u00a0?<\/strong><\/p>\n<p>Tout le monde conna\u00eet les qualit\u00e9s de L\u00e9o. C\u2019est quelqu\u2019un qui aime jouer au ballon, qui voit les choses beaucoup plus vite. Surtout, il est entr\u00e9 en jeu \u00e0 un moment o\u00f9 nous sommes men\u00e9s 22-0, il fallait bien tenter des choses. Il a su le faire. Mais il n\u2019y a pas que lui\u2026<\/p>\n<p><strong>Qui d\u2019autre\u00a0?<\/strong><\/p>\n<p>Baptiste Pesenti, par exemple, a apport\u00e9 beaucoup d\u2019agressivit\u00e9 et de densit\u00e9. On ne l\u2019a pas d\u00e9couvert aujourd\u2019hui. C\u2019est ce qu\u2019il fait quand il est titulaire. Tout comme les autres rempla\u00e7ants entr\u00e9s en jeu aujourd\u2019hui. Quand les mecs sont rempla\u00e7ants, on leur demande d\u2019apporter cette fra\u00eecheur, cette dynamique. C\u2019est ce qu\u2019ils ont fait.<\/p>\n<p><strong>Tani Vili a d\u00e9clar\u00e9 encore une fois la semaine derni\u00e8re que le club s\u2019\u00e9tait fix\u00e9 pour objectif de remporter la Challenge Cup. La qualification est acquise. Comment allez-vous g\u00e9rer le prochain d\u00e9placement en Ulster\u00a0?<\/strong><\/p>\n<p>Je ne sais pas encore, je ne me suis pas encore projet\u00e9. Jusque-l\u00e0, nous avons toujours align\u00e9 des \u00e9quipes comp\u00e9titives avec des jeunes joueurs ou d\u2019autres en manque de temps de jeu. C\u2019est ce qu\u2019on a fait contre les Cheetahs lors de la deuxi\u00e8me journ\u00e9e. Aujourd\u2019hui, on avait mis un peu plus de cadres parce que c\u2019\u00e9tait Exeter, un gros du championnat anglais. On va devoir aussi manager notre groupe car apr\u00e8s le match en Ulster, deux d\u00e9placements en Top 14 nous attendent. Certains joueurs ont besoin d\u2019encha\u00eener, d\u2019autres d\u2019avoir du temps de jeu. On va en parler avec Paul (Gustard). Mais la satisfaction d\u2019\u00eatre qualifi\u00e9 est grande.<\/p>\n<p><strong>M\u00eame si tout n\u2019a pas \u00e9t\u00e9 parfait, comment jugez-vous le caract\u00e8re de votre \u00e9quipe\u00a0?<\/strong><\/p>\n<p>Cette \u00e9quipe a vraiment du caract\u00e8re. Mais c\u2019est toujours un sujet fragile C\u2019est tr\u00e8s fragile. Il faut le garder. Apr\u00e8s, je ne peux pas parler \u00e0 la place des joueurs. Sans doute qu\u2019au fond d\u2019eux, ils n\u2019ont pas envie de revivre les gal\u00e8res de la saison derni\u00e8re. Aujourd\u2019hui, tout va bien. Surtout, nous n\u2019avons pas trop de bless\u00e9s.<\/p>\n","protected":false},"excerpt":{"rendered":"Men\u00e9 22-0 jusqu\u2019\u00e0 la 51e minute de la rencontre, le Stade fran\u00e7ais a renvers\u00e9 Exeter, s\u2019imposant m\u00eame avec&hellip;\n","protected":false},"author":2,"featured_media":655005,"comment_status":"","ping_status":"","sticky":false,"template":"","format":"standard","meta":{"footnotes":""},"categories":[1888],"tags":[1111,1928,11,1927,69590,1777,674,1011,27,12,1926,626,1925,25,68796],"class_list":{"0":"post-655004","1":"post","2":"type-post","3":"status-publish","4":"format-standard","5":"has-post-thumbnail","7":"category-paris","8":"tag-actu","9":"tag-actu-paris","10":"tag-actualites","11":"tag-actualites-paris","12":"tag-epcr-challenge-cup","13":"tag-eu","14":"tag-europe","15":"tag-fr","16":"tag-france","17":"tag-news","18":"tag-news-paris","19":"tag-paris","20":"tag-paris-news","21":"tag-republique-francaise","22":"tag-rugby-u00e0-xv"},"share_on_mastodon":{"url":"https:\/\/pubeurope.com\/@fr\/115873461953634440","error":""},"_links":{"self":[{"href":"https:\/\/www.europesays.com\/fr\/wp-json\/wp\/v2\/posts\/655004","targetHints":{"allow":["GET"]}}],"collection":[{"href":"https:\/\/www.europesays.com\/fr\/wp-json\/wp\/v2\/posts"}],"about":[{"href":"https:\/\/www.europesays.com\/fr\/wp-json\/wp\/v2\/types\/post"}],"author":[{"embeddable":true,"href":"https:\/\/www.europesays.com\/fr\/wp-json\/wp\/v2\/users\/2"}],"replies":[{"embeddable":true,"href":"https:\/\/www.europesays.com\/fr\/wp-json\/wp\/v2\/comments?post=655004"}],"version-history":[{"count":0,"href":"https:\/\/www.europesays.com\/fr\/wp-json\/wp\/v2\/posts\/655004\/revisions"}],"wp:featuredmedia":[{"embeddable":true,"href":"https:\/\/www.europesays.com\/fr\/wp-json\/wp\/v2\/media\/655005"}],"wp:attachment":[{"href":"https:\/\/www.europesays.com\/fr\/wp-json\/wp\/v2\/media?parent=655004"}],"wp:term":[{"taxonomy":"category","embeddable":true,"href":"https:\/\/www.europesays.com\/fr\/wp-json\/wp\/v2\/categories?post=655004"},{"taxonomy":"post_tag","embeddable":true,"href":"https:\/\/www.europesays.com\/fr\/wp-json\/wp\/v2\/tags?post=655004"}],"curies":[{"name":"wp","href":"https:\/\/api.w.org\/{rel}","templated":true}]}}