{"id":655006,"date":"2026-01-10T23:44:12","date_gmt":"2026-01-10T23:44:12","guid":{"rendered":"https:\/\/www.europesays.com\/fr\/655006\/"},"modified":"2026-01-10T23:44:12","modified_gmt":"2026-01-10T23:44:12","slug":"bus-palladium-central-chapelle-palace-a-paris-ces-lieux-vont-enflammer-lannee-culturelle-et-festive","status":"publish","type":"post","link":"https:\/\/www.europesays.com\/fr\/655006\/","title":{"rendered":"Bus Palladium, Central Chapelle, Palace\u2026\u00a0 \u00c0 Paris, ces lieux vont enflammer l\u2019ann\u00e9e culturelle et festive"},"content":{"rendered":"<p class=\"paragraph text_align_left lp-f-body-02\">Le cru 2026 s\u2019annonce comme un mill\u00e9sime exceptionnel \u00e0 Paris pour les amateurs de culture et de sorties. Entre r\u00e9novations de lieux iconiques et adresses in\u00e9dites, la capitale fourmille de projets attendus dans les prochains mois. L\u2019ann\u00e9e sera notamment marqu\u00e9e par le \u00ab come-back \u00bb de plusieurs sites qui ont forg\u00e9 la l\u00e9gende de la vie nocturne locale.<\/p>\n<p class=\"\">Au chapitre des spots historiques, le <a href=\"https:\/\/www.leparisien.fr\/paris-75\/paris-lieu-iconique-des-nuits-rocks-de-pigalle-le-bus-palladium-est-en-pleine-mutation-07-03-2025-D7TFE7BPORA3LHCZVJENDSZHRY.php\" target=\"_blank\" rel=\"noreferrer noopener\">Bus Palladium<\/a> (IXe), temple du rock ouvert en 1965 et incontournable des nuits blanches de Pigalle, ach\u00e8ve sa mue apr\u00e8s plus de trois ans de travaux. Un h\u00f4tel 5 \u00e9toiles, avec bar et restaurant, doit ouvrir en d\u00e9but d\u2019ann\u00e9e, ainsi qu\u2019une salle de concert de 200 places, \u00ab fid\u00e8le \u00e0 l\u2019esprit du lieu \u00bb.<\/p>\n<p>\u00c0 La Clef et \u00e0 la Pagode, les salles obscures rallument la lumi\u00e8re<\/p>\n<p class=\"\">Inoccup\u00e9 depuis 2023, son \u00ab voisin \u00bb de la rue du Faubourg-Montmartre, <a href=\"https:\/\/www.leparisien.fr\/paris-75\/un-nom-connu-dans-le-monde-entier-le-palace-lieu-mythique-des-nuits-parisiennes-rouvrira-fin-2026-08-12-2025-5SPXLCVXYRBSZETUKIXTQZCX4E.php\" target=\"_blank\" rel=\"noreferrer noopener\">le Palace<\/a>, pr\u00e9voit un retour en fin d\u2019ann\u00e9e. Le night-club le plus en vogue d\u2019Europe dans les ann\u00e9es 1980 aspire \u00e0 conserver son \u00e2me d\u2019antan et \u00e0 redevenir un lieu pris\u00e9 des artistes, avec une jauge de 1 400 personnes. Avant lui, les nostalgiques de cette \u00e9poque red\u00e9couvriront, \u00ab d\u2019ici l\u2019\u00e9t\u00e9 \u00bb ambitionne la direction, <a href=\"https:\/\/www.leparisien.fr\/paris-75\/paris-immortalisee-dans-la-boum-la-main-jaune-temple-du-roller-disco-se-remet-en-piste-10-01-2026-PJNU43DKSJAMXMMIOYPTU6UIDY.php\" target=\"_blank\" rel=\"noreferrer noopener\">la piste de roller disco de la Main Jaune (XVIIe)<\/a>, immortalis\u00e9e au cin\u00e9ma dans \u00ab La Boum \u00bb.<\/p>\n<p class=\"\">Si les temps sont durs pour les salles obscures parisiennes \u2014 plusieurs adresses historiques comme le Gaumont Champs-\u00c9lys\u00e9es, <a href=\"https:\/\/www.leparisien.fr\/paris-75\/a-paris-cetait-la-derniere-seance-a-lugc-normandie-un-pan-de-lhistoire-cinematographique-qui-sen-va-13-06-2024-JPMKW6VVWVDAHE2BEC6ISJN7G4.php\" target=\"_blank\" rel=\"noreferrer noopener\">l\u2019UGC Normandie<\/a>, <a href=\"https:\/\/www.leparisien.fr\/paris-75\/a-paris-le-mythique-cinema-le-bretagne-metamorphose-en-temple-du-sport-outdoor-08-12-2025-7I65QFSKPVHPPEBIYTBPBRNRVE.php\" target=\"_blank\" rel=\"noreferrer noopener\">le Bretagne<\/a>, <a href=\"https:\/\/www.leparisien.fr\/paris-75\/a-montparnasse-le-miramar-ferme-definitivement-ses-portes-paris-perd-encore-un-cinema-historique-10-06-2025-VFDQMZIXUNE3JFGTDCOUDPVLJI.php\" target=\"_blank\" rel=\"noreferrer noopener\">le Miramar<\/a> ont ferm\u00e9 leurs portes ces derni\u00e8res ann\u00e9es \u2014, certaines font de la r\u00e9sistance. La Clef (Ve) <a href=\"https:\/\/www.leparisien.fr\/paris-75\/ca-paraissait-utopique-le-cinema-la-clef-rachete-et-renove-grace-aux-benevoles-va-rouvrir-a-paris-16-12-2025-J6YEJBY2YJBG5ER3E4DLWQWZMQ.php\" target=\"_blank\" rel=\"noreferrer noopener\">rouvre ce 14 janvier<\/a>, sauv\u00e9e par ses b\u00e9n\u00e9voles, quand l\u2019historique Pagode (VIIe) attend la fin de ses travaux. Et deux nouvelles salles vont prochainement ouvrir au CiNey (XVIIIe), futur espace d\u00e9di\u00e9 au cin\u00e9ma, au bien manger et \u00e0 l\u2019insertion.<\/p>\n<p class=\"\">Pour les amateurs de gastronomie, l\u2019ouverture de Central Chapelle, au c\u0153ur de l\u2019<a href=\"https:\/\/www.leparisien.fr\/jo-paris-2024\/paris-2024-avec-ladidas-arena-le-quartier-de-la-chapelle-sera-au-service-de-ses-habitants-09-02-2024-BWK7VT3UONDVXN7BIDM6X6EVVQ.php\" target=\"_blank\" rel=\"noreferrer noopener\">Adidas Arena<\/a> (XVIIIe), constituera l\u2019une des \u00e9v\u00e8nements de ce premier semestre. Ce lieu de 3 500 m\u00b2 accueillera \u00ab quatre comptoirs de street food, un bar central, une salle de concert et club, deux grandes terrasses\u2026 \u00bb et sera ouvert sept jours sur sept jusqu\u2019\u00e0 2 heures du matin, peut-on d\u00e9couvrir sur son site Internet.<\/p>\n<p class=\"\">Dans un autre registre, <a href=\"https:\/\/www.leparisien.fr\/paris-75\/paris-la-cheffe-etoilee-anne-sophie-pic-sinstalle-rue-de-rivoli-a-lautomne-2026-23-12-2025-NNUQUOQNOZH67CIXS5YS75YOT4.php\" target=\"_blank\" rel=\"noreferrer noopener\">Anne-Sophie Pic<\/a>, cheffe \u00e9toil\u00e9e de renom, ouvrira un restaurant et un bar dans la nouvelle Fondation Cartier, install\u00e9e depuis l\u2019automne 2025 au <a href=\"https:\/\/www.leparisien.fr\/paris-75\/fondation-cartier-centre-daffaires-dernier-cri-a-paris-la-renaissance-du-louvre-saint-honore-20-10-2025-XSU6U7DURJBAXDMKDYRB7TSKZ4.php\" target=\"_blank\" rel=\"noreferrer noopener\">Louvre Saint-Honor\u00e9<\/a>, face au plus grand mus\u00e9e du monde.<\/p>\n<p>Nanna, une p\u00e9niche litt\u00e9raire au pied de Notre-Dame<\/p>\n<p class=\"\">C\u00f4t\u00e9 culture, une nouveaut\u00e9 charmera les amoureux des livres d\u00e8s le printemps. Baptis\u00e9e Nanna, cette \u00ab p\u00e9niche d\u00e9di\u00e9e \u00e0 la litt\u00e9rature et au monde du livre \u00bb ouvrira au <a href=\"https:\/\/www.leparisien.fr\/paris-75\/paris-une-peniche-transparente-au-pied-de-notre-dame-va-faire-resonner-jazz-et-musiques-du-monde-24-04-2023-RAJQ2TIQKJEHVLEK45BTAB5CRE.php\" target=\"_blank\" rel=\"noreferrer noopener\">port de Montebello<\/a> (Ve), au pied de la cath\u00e9drale Notre-Dame de Paris. Elle proposera \u00ab une collection de 5 000 ouvrages \u00bb en libre acc\u00e8s : litt\u00e9rature contemporaine, classiques, po\u00e9sie, philosophie, r\u00e9cits de voyage, beaux-arts et bande dessin\u00e9e.<\/p>\n<p class=\"\">Enfin, l\u2019ann\u00e9e s\u2019annonce \u00e9galement anim\u00e9e dans les mus\u00e9es parisiens. Des retours sont attendus en 2026. Celui du mus\u00e9e de la Vie romantique, d\u00e8s le 14 f\u00e9vrier, jour de la Saint-Valentin. Puis celui des <a href=\"https:\/\/www.leparisien.fr\/paris-75\/mieux-mettre-en-valeur-certaines-zones-fragilisees-les-catacombes-de-paris-vont-fermer-pour-six-mois-de-travaux-25-07-2025-YIIXKDUBXRBSJE6KHOFXC2W5KA.php\" target=\"_blank\" rel=\"noreferrer noopener\">Catacombes<\/a> (en travaux) au printemps. La <a href=\"https:\/\/www.leparisien.fr\/culture-loisirs\/de-la-duchesse-de-windsor-a-mohamed-al-fayed-les-soirees-sulfureuses-de-la-villa-windsor-15-02-2025-SINJI5UEUJHGXHD3PXLUGMNLRQ.php\" target=\"_blank\" rel=\"noreferrer noopener\">Villa Windsor<\/a>, au Bois de Boulogne (XVIe), ouvrira ses portes au public courant 2026. Du 6 au 28 juin, l\u2019artiste JR investira le Pont-Neuf avec son \u0153uvre \u00ab <a href=\"https:\/\/www.leparisien.fr\/paris-75\/le-pont-neuf-de-paris-transforme-en-une-caverne-de-120-m-de-long-jr-installera-son-oeuvre-en-juin-2026-30-11-2025-SM7B2XEOOVEG3NCANXMM7H5VLM.php\" target=\"_blank\" rel=\"noreferrer noopener\">La Caverne du Pont-Neuf<\/a> \u00bb.<\/p>\n","protected":false},"excerpt":{"rendered":"Le cru 2026 s\u2019annonce comme un mill\u00e9sime exceptionnel \u00e0 Paris pour les amateurs de culture et de sorties.&hellip;\n","protected":false},"author":2,"featured_media":655007,"comment_status":"","ping_status":"","sticky":false,"template":"","format":"standard","meta":{"footnotes":""},"categories":[1888],"tags":[11,1777,674,1011,27,1944,12,626,25],"class_list":{"0":"post-655006","1":"post","2":"type-post","3":"status-publish","4":"format-standard","5":"has-post-thumbnail","7":"category-paris","8":"tag-actualites","9":"tag-eu","10":"tag-europe","11":"tag-fr","12":"tag-france","13":"tag-ma-ville","14":"tag-news","15":"tag-paris","16":"tag-republique-francaise"},"share_on_mastodon":{"url":"https:\/\/pubeurope.com\/@fr\/115873465146928674","error":""},"_links":{"self":[{"href":"https:\/\/www.europesays.com\/fr\/wp-json\/wp\/v2\/posts\/655006","targetHints":{"allow":["GET"]}}],"collection":[{"href":"https:\/\/www.europesays.com\/fr\/wp-json\/wp\/v2\/posts"}],"about":[{"href":"https:\/\/www.europesays.com\/fr\/wp-json\/wp\/v2\/types\/post"}],"author":[{"embeddable":true,"href":"https:\/\/www.europesays.com\/fr\/wp-json\/wp\/v2\/users\/2"}],"replies":[{"embeddable":true,"href":"https:\/\/www.europesays.com\/fr\/wp-json\/wp\/v2\/comments?post=655006"}],"version-history":[{"count":0,"href":"https:\/\/www.europesays.com\/fr\/wp-json\/wp\/v2\/posts\/655006\/revisions"}],"wp:featuredmedia":[{"embeddable":true,"href":"https:\/\/www.europesays.com\/fr\/wp-json\/wp\/v2\/media\/655007"}],"wp:attachment":[{"href":"https:\/\/www.europesays.com\/fr\/wp-json\/wp\/v2\/media?parent=655006"}],"wp:term":[{"taxonomy":"category","embeddable":true,"href":"https:\/\/www.europesays.com\/fr\/wp-json\/wp\/v2\/categories?post=655006"},{"taxonomy":"post_tag","embeddable":true,"href":"https:\/\/www.europesays.com\/fr\/wp-json\/wp\/v2\/tags?post=655006"}],"curies":[{"name":"wp","href":"https:\/\/api.w.org\/{rel}","templated":true}]}}