{"id":655018,"date":"2026-01-10T23:50:24","date_gmt":"2026-01-10T23:50:24","guid":{"rendered":"https:\/\/www.europesays.com\/fr\/655018\/"},"modified":"2026-01-10T23:50:24","modified_gmt":"2026-01-10T23:50:24","slug":"domenicali-se-montre-prudemment-optimiste-quant-a-un-eventuel-retour-au-gp-dallemagne","status":"publish","type":"post","link":"https:\/\/www.europesays.com\/fr\/655018\/","title":{"rendered":"Domenicali se montre prudemment optimiste quant \u00e0 un \u00e9ventuel retour au GP d&rsquo;Allemagne"},"content":{"rendered":"<p>Toutefois, M. Domenicali a pris soin de souligner que la bonne volont\u00e9 ne suffirait pas. Les conditions financi\u00e8res restent la question cl\u00e9, car l&rsquo;organisation d&rsquo;une course de Formule 1 s&rsquo;accompagne de frais \u00e9lev\u00e9s. \u00ab\u00a0Nous sommes int\u00e9ress\u00e9s par un retour en Allemagne, mais avec le bon organisateur et la bonne offre\u00a0\u00bb, a-t-il ajout\u00e9. Dans le pass\u00e9, ces exigences se sont av\u00e9r\u00e9es difficiles \u00e0 satisfaire, en particulier pour Hockenheim, qui a eu du mal \u00e0 \u00e9quilibrer les co\u00fbts d&rsquo;accueil avec les ventes de billets et le soutien du public.<\/p>\n<p>Ces d\u00e9fis sont apparus clairement en 2019, lorsque le Grand Prix d&rsquo;Allemagne n&rsquo;a \u00e9t\u00e9 organis\u00e9 que lorsque Mercedes a apparemment couvert une grande partie des frais d&rsquo;h\u00e9bergement. Un retour au N\u00fcrburgring semble \u00e9galement peu probable dans les conditions actuelles, le circuit ayant pr\u00e9c\u00e9demment admis qu&rsquo;une course de Formule 1 n&rsquo;\u00e9tait pas financi\u00e8rement r\u00e9aliste \u00e0 l&rsquo;heure actuelle.<\/p>\n<p>Malgr\u00e9 l&rsquo;importance historique du march\u00e9 allemand, M. Domenicali a pr\u00e9cis\u00e9 que la Formule 1 n&rsquo;\u00e9tait pas sous pression pour conclure un accord : \u00ab\u00a0Nous ne sommes pas d\u00e9sesp\u00e9r\u00e9s, car nous recevons de nombreuses demandes du monde entier\u00a0\u00bb, a-t-il d\u00e9clar\u00e9. Si l&rsquo;Allemagne ne consid\u00e8re pas le retour de la Formule 1 comme une priorit\u00e9, le sport est pr\u00eat \u00e0 regarder ailleurs. Pour l&rsquo;instant, l&rsquo;avenir du Grand Prix d&rsquo;Allemagne reste incertain, mais les commentaires de Domenicali sugg\u00e8rent qu&rsquo;il y a au moins une petite ouverture pour la poursuite des discussions.<\/p>\n","protected":false},"excerpt":{"rendered":"Toutefois, M. Domenicali a pris soin de souligner que la bonne volont\u00e9 ne suffirait pas. Les conditions financi\u00e8res&hellip;\n","protected":false},"author":2,"featured_media":655019,"comment_status":"","ping_status":"","sticky":false,"template":"","format":"standard","meta":{"footnotes":""},"categories":[1587],"tags":[11,672,1804,1805,1803,1777,674,1801,12,1802],"class_list":{"0":"post-655018","1":"post","2":"type-post","3":"status-publish","4":"format-standard","5":"has-post-thumbnail","7":"category-allemagne","8":"tag-actualites","9":"tag-allemagne","10":"tag-bundesrepublik-deutschland","11":"tag-de","12":"tag-deutschland","13":"tag-eu","14":"tag-europe","15":"tag-germany","16":"tag-news","17":"tag-republique-federale-dallemagne"},"share_on_mastodon":{"url":"https:\/\/pubeurope.com\/@fr\/115873488834100807","error":""},"_links":{"self":[{"href":"https:\/\/www.europesays.com\/fr\/wp-json\/wp\/v2\/posts\/655018","targetHints":{"allow":["GET"]}}],"collection":[{"href":"https:\/\/www.europesays.com\/fr\/wp-json\/wp\/v2\/posts"}],"about":[{"href":"https:\/\/www.europesays.com\/fr\/wp-json\/wp\/v2\/types\/post"}],"author":[{"embeddable":true,"href":"https:\/\/www.europesays.com\/fr\/wp-json\/wp\/v2\/users\/2"}],"replies":[{"embeddable":true,"href":"https:\/\/www.europesays.com\/fr\/wp-json\/wp\/v2\/comments?post=655018"}],"version-history":[{"count":0,"href":"https:\/\/www.europesays.com\/fr\/wp-json\/wp\/v2\/posts\/655018\/revisions"}],"wp:featuredmedia":[{"embeddable":true,"href":"https:\/\/www.europesays.com\/fr\/wp-json\/wp\/v2\/media\/655019"}],"wp:attachment":[{"href":"https:\/\/www.europesays.com\/fr\/wp-json\/wp\/v2\/media?parent=655018"}],"wp:term":[{"taxonomy":"category","embeddable":true,"href":"https:\/\/www.europesays.com\/fr\/wp-json\/wp\/v2\/categories?post=655018"},{"taxonomy":"post_tag","embeddable":true,"href":"https:\/\/www.europesays.com\/fr\/wp-json\/wp\/v2\/tags?post=655018"}],"curies":[{"name":"wp","href":"https:\/\/api.w.org\/{rel}","templated":true}]}}