{"id":655020,"date":"2026-01-10T23:51:12","date_gmt":"2026-01-10T23:51:12","guid":{"rendered":"https:\/\/www.europesays.com\/fr\/655020\/"},"modified":"2026-01-10T23:51:12","modified_gmt":"2026-01-10T23:51:12","slug":"soiree-de-lancement-de-la-coupe-deurope","status":"publish","type":"post","link":"https:\/\/www.europesays.com\/fr\/655020\/","title":{"rendered":"Soir\u00e9e de lancement de la Coupe d\u2019Europe"},"content":{"rendered":"<p>La soir\u00e9e de lancement organis\u00e9e au magasin Boja sport, place des Pyr\u00e9n\u00e9es, a r\u00e9uni partenaires, b\u00e9n\u00e9voles, athl\u00e8tes et acteurs locaux autour d\u2019un moment convivial marquant le retour d\u2019un rendez-vous majeur du freestyle europ\u00e9en dans les Pyr\u00e9n\u00e9es catalanes.<\/p>\n<p>Port\u00e9e par le Club des sports de montagne de Font-Romeu, la comp\u00e9tition s\u2019inscrit dans une dynamique construite sur le long terme. Lors de son discours, Pierre Dechonne, dirigeant de l\u2019association, a rappel\u00e9 l\u2019ADN du club, r\u00e9solument tourn\u00e9 vers la formation et la pluridisciplinarit\u00e9. Biathlon, ski nordique, alpin, snowboard, petits montagnards d\u00e8s l\u2019\u00e2ge de six ans et, bien s\u00fbr, freestyle : le club s\u2019appuie sur un socle commun qui accompagne les jeunes dans toutes les disciplines de montagne. C\u2019est pr\u00e9cis\u00e9ment cette section freestyle qui \u00e9tait \u00e0 l\u2019honneur dimanche soir.<\/p>\n<p>Pierre Dechonne est revenu sur le chemin parcouru, depuis les premi\u00e8res coupes d\u2019Europe de ski de bosses et les championnats de France, jusqu\u2019aux coupes du monde de freestyle accueillies \u00e0 Font-Romeu durant trois ann\u00e9es cons\u00e9cutives, avant une annulation impos\u00e9e par la m\u00e9t\u00e9o. \u00ab\u00a0On repart depuis quelques ann\u00e9es sur des coupes d\u2019Europe\u00a0\u00bb, a-t-il soulign\u00e9, en \u00e9voquant cette \u00e9dition Premium en slopestyle, organis\u00e9e avec la collaboration d\u2019Altiservice, exploitant du domaine skiable de Font-Romeu Pyr\u00e9n\u00e9es 2000.<\/p>\n<p><b>\u00ab\u00a0Une belle vitrine\u00a0\u00bb<\/b><\/p>\n<p>La veille de la comp\u00e9tition europ\u00e9enne a \u00e9galement \u00e9t\u00e9 marqu\u00e9e par une course FIS organis\u00e9e sur le snowpark de La Calme, v\u00e9ritable pr\u00e9lude \u00e0 l\u2019\u00e9v\u00e9nement. Environ soixante coureurs \u00e9taient engag\u00e9s sur cette \u00e9preuve, permettant aux jeunes athl\u00e8tes de marquer des points et de se projeter vers les \u00e9tapes de niveau sup\u00e9rieur.<\/p>\n<p>La soir\u00e9e de lancement a aussi \u00e9t\u00e9 l\u2019occasion de remercier l\u2019ensemble des partenaires et soutiens mobilis\u00e9s.<\/p>\n<p>Un message appuy\u00e9 a enfin \u00e9t\u00e9 adress\u00e9 aux freestyleurs et \u00e0 leurs encadrants, venus parfois de loin pour participer \u00e0 l\u2019\u00e9v\u00e9nement. \u00ab\u00a0M\u00eame si le c\u0153ur du freestyle bat souvent dans les Alpes, ici, on a \u00e0 c\u0153ur de montrer que les Pyr\u00e9n\u00e9es sont une belle vitrine pour le ski\u00a0\u00bb, a rappel\u00e9 Pierre Dechonne.<\/p>\n<p>La remise des prix de la Coupe de France FIS slopestyle a ponctu\u00e9 la soir\u00e9e, avec la victoire d\u2019\u00c9milie Lewis chez les femmes devant Poppy McGree et Lillian Buszko, tandis que Leon Vist Benjaminsen s\u2019est impos\u00e9 chez les hommes, devant R\u00e9my Collomby et Mateo Socquet.<\/p>\n<p>La soir\u00e9e s\u2019est ensuite prolong\u00e9e autour d\u2019un ap\u00e9ritif, dans une ambiance d\u00e9tendue, propice aux \u00e9changes avant le lancement officiel des \u00e9preuves sur la neige.<\/p>\n","protected":false},"excerpt":{"rendered":"La soir\u00e9e de lancement organis\u00e9e au magasin Boja sport, place des Pyr\u00e9n\u00e9es, a r\u00e9uni partenaires, b\u00e9n\u00e9voles, athl\u00e8tes et&hellip;\n","protected":false},"author":2,"featured_media":655021,"comment_status":"","ping_status":"","sticky":false,"template":"","format":"standard","meta":{"footnotes":""},"categories":[1586],"tags":[11,3062,1777,674,71837,1011,27,12,11548,25,517],"class_list":{"0":"post-655020","1":"post","2":"type-post","3":"status-publish","4":"format-standard","5":"has-post-thumbnail","7":"category-europe","8":"tag-actualites","9":"tag-autres-sports","10":"tag-eu","11":"tag-europe","12":"tag-fontromeuodeillovia","13":"tag-fr","14":"tag-france","15":"tag-news","16":"tag-pyrenees-orientales","17":"tag-republique-francaise","18":"tag-sport"},"share_on_mastodon":{"url":"https:\/\/pubeurope.com\/@fr\/115873492800918254","error":""},"_links":{"self":[{"href":"https:\/\/www.europesays.com\/fr\/wp-json\/wp\/v2\/posts\/655020","targetHints":{"allow":["GET"]}}],"collection":[{"href":"https:\/\/www.europesays.com\/fr\/wp-json\/wp\/v2\/posts"}],"about":[{"href":"https:\/\/www.europesays.com\/fr\/wp-json\/wp\/v2\/types\/post"}],"author":[{"embeddable":true,"href":"https:\/\/www.europesays.com\/fr\/wp-json\/wp\/v2\/users\/2"}],"replies":[{"embeddable":true,"href":"https:\/\/www.europesays.com\/fr\/wp-json\/wp\/v2\/comments?post=655020"}],"version-history":[{"count":0,"href":"https:\/\/www.europesays.com\/fr\/wp-json\/wp\/v2\/posts\/655020\/revisions"}],"wp:featuredmedia":[{"embeddable":true,"href":"https:\/\/www.europesays.com\/fr\/wp-json\/wp\/v2\/media\/655021"}],"wp:attachment":[{"href":"https:\/\/www.europesays.com\/fr\/wp-json\/wp\/v2\/media?parent=655020"}],"wp:term":[{"taxonomy":"category","embeddable":true,"href":"https:\/\/www.europesays.com\/fr\/wp-json\/wp\/v2\/categories?post=655020"},{"taxonomy":"post_tag","embeddable":true,"href":"https:\/\/www.europesays.com\/fr\/wp-json\/wp\/v2\/tags?post=655020"}],"curies":[{"name":"wp","href":"https:\/\/api.w.org\/{rel}","templated":true}]}}