{"id":655022,"date":"2026-01-10T23:52:11","date_gmt":"2026-01-10T23:52:11","guid":{"rendered":"https:\/\/www.europesays.com\/fr\/655022\/"},"modified":"2026-01-10T23:52:11","modified_gmt":"2026-01-10T23:52:11","slug":"lunion-europeenne-appelle-damas-et-les-kurdes-a-reprendre-urgemment-le-dialogue-apres-plusieurs-jours-de-combats","status":"publish","type":"post","link":"https:\/\/www.europesays.com\/fr\/655022\/","title":{"rendered":"L&rsquo;Union europ\u00e9enne appelle Damas et les Kurdes \u00e0 \u00ab\u00a0reprendre urgemment\u00a0\u00bb le dialogue apr\u00e8s plusieurs jours de combats"},"content":{"rendered":"<p>L&rsquo;Union europ\u00e9enne a appel\u00e9 le gouvernement syrien et les autorit\u00e9s kurdes de reprendre le \u00ab\u00a0dialogue politique\u00a0\u00bb apr\u00e8s plusieurs jours de combats \u00e0 Alep.<\/p>\n<p>L&rsquo;Union europ\u00e9enne a enjoint samedi au gouvernement syrien et aux autorit\u00e9s kurdes de reprendre le \u00ab\u00a0dialogue politique\u00a0\u00bb apr\u00e8s plusieurs jours de combats meurtriers \u00e0 <a href=\"https:\/\/www.bfmtv.com\/international\/moyen-orient\/syrie\/syrie-un-membre-des-forces-de-securite-et-trois-jihadistes-tues-dans-une-operation-contre-daesh_AD-202505170388.html\" title=\"Syrie: un membre des forces de s\u00e9curit\u00e9 et trois jihadistes tu\u00e9s dans une op\u00e9ration contre Daesh\" class=\"internal_link\" target=\"_blank\" rel=\"noopener\">Alep<\/a>.<\/p>\n<p>\u00ab\u00a0Nous exhortons toutes les parties (&#8230;) \u00e0 reprendre urgemment le dialogue politique en vue d&rsquo;une solution politique\u00a0\u00bb, a d\u00e9clar\u00e9 un porte-parole de l&rsquo;UE, dans un communiqu\u00e9, appelant \u00e0 la \u00ab\u00a0fin des hostilit\u00e9s dans et autour d&rsquo;Alep\u00a0\u00bb.<\/p>\n<p>Les autorit\u00e9s ont annonc\u00e9 la reddition des combattants kurdes retranch\u00e9s dans un quartier d&rsquo;Alep, dans le nord du pays, et leur \u00e9vacuation vers la zone autonome kurde dans le nord-est. Des all\u00e9gations \u00ab\u00a0totalement fausses\u00a0\u00bb, selon les forces kurdes.<\/p>\n<p><img decoding=\"async\" src=\"https:\/\/www.europesays.com\/fr\/wp-content\/uploads\/2025\/10\/principale-160_9.jpg\"  alt=\"L'enqu\u00eate RMC : Des Kurdes, pers\u00e9cut\u00e9s, quittent la Turquie - 25\/12\" title=\"L'enqu\u00eate RMC : Des Kurdes, pers\u00e9cut\u00e9s, quittent la Turquie - 25\/12\"\/>L&rsquo;enqu\u00eate RMC : Des Kurdes, pers\u00e9cut\u00e9s, quittent la Turquie &#8211; 25\/12Washington appelle Damas et les Kurdes au dialogue<\/p>\n<p>Les Etats-Unis ont appel\u00e9 samedi le gouvernement syrien et les forces kurdes \u00e0 renouer le dialogue, apr\u00e8s plusieurs jours de combats meurtriers \u00e0 Alep qui ont pouss\u00e9 sur la route des dizaines de milliers de personnes. La situation dans la deuxi\u00e8me ville de Syrie est confuse, les deux camps encha\u00eenant les d\u00e9clarations contradictoires.<\/p>\n<p>Les autorit\u00e9s ont annonc\u00e9 la reddition des combattants kurdes retranch\u00e9s dans un quartier d&rsquo;Alep, dans le nord du pays, et leur \u00e9vacuation vers la zone autonome kurde dans le nord-est. Des all\u00e9gations \u00ab\u00a0totalement fausses\u00a0\u00bb, selon les forces kurdes.<\/p>\n","protected":false},"excerpt":{"rendered":"L&rsquo;Union europ\u00e9enne a appel\u00e9 le gouvernement syrien et les autorit\u00e9s kurdes de reprendre le \u00ab\u00a0dialogue politique\u00a0\u00bb apr\u00e8s plusieurs&hellip;\n","protected":false},"author":2,"featured_media":655023,"comment_status":"","ping_status":"","sticky":false,"template":"","format":"standard","meta":{"footnotes":""},"categories":[1586],"tags":[11,1777,674,1779,1011,27,12,25,1778,364],"class_list":{"0":"post-655022","1":"post","2":"type-post","3":"status-publish","4":"format-standard","5":"has-post-thumbnail","7":"category-europe","8":"tag-actualites","9":"tag-eu","10":"tag-europe","11":"tag-european-union","12":"tag-fr","13":"tag-france","14":"tag-news","15":"tag-republique-francaise","16":"tag-ue","17":"tag-union-europeenne"},"share_on_mastodon":{"url":"https:\/\/pubeurope.com\/@fr\/115873496705925737","error":""},"_links":{"self":[{"href":"https:\/\/www.europesays.com\/fr\/wp-json\/wp\/v2\/posts\/655022","targetHints":{"allow":["GET"]}}],"collection":[{"href":"https:\/\/www.europesays.com\/fr\/wp-json\/wp\/v2\/posts"}],"about":[{"href":"https:\/\/www.europesays.com\/fr\/wp-json\/wp\/v2\/types\/post"}],"author":[{"embeddable":true,"href":"https:\/\/www.europesays.com\/fr\/wp-json\/wp\/v2\/users\/2"}],"replies":[{"embeddable":true,"href":"https:\/\/www.europesays.com\/fr\/wp-json\/wp\/v2\/comments?post=655022"}],"version-history":[{"count":0,"href":"https:\/\/www.europesays.com\/fr\/wp-json\/wp\/v2\/posts\/655022\/revisions"}],"wp:featuredmedia":[{"embeddable":true,"href":"https:\/\/www.europesays.com\/fr\/wp-json\/wp\/v2\/media\/655023"}],"wp:attachment":[{"href":"https:\/\/www.europesays.com\/fr\/wp-json\/wp\/v2\/media?parent=655022"}],"wp:term":[{"taxonomy":"category","embeddable":true,"href":"https:\/\/www.europesays.com\/fr\/wp-json\/wp\/v2\/categories?post=655022"},{"taxonomy":"post_tag","embeddable":true,"href":"https:\/\/www.europesays.com\/fr\/wp-json\/wp\/v2\/tags?post=655022"}],"curies":[{"name":"wp","href":"https:\/\/api.w.org\/{rel}","templated":true}]}}