{"id":655024,"date":"2026-01-10T23:53:11","date_gmt":"2026-01-10T23:53:11","guid":{"rendered":"https:\/\/www.europesays.com\/fr\/655024\/"},"modified":"2026-01-10T23:53:11","modified_gmt":"2026-01-10T23:53:11","slug":"les-etats-unis-demandent-a-leurs-ressortissants-de-quitter-le-pays-immediatement","status":"publish","type":"post","link":"https:\/\/www.europesays.com\/fr\/655024\/","title":{"rendered":"les Etats-Unis demandent \u00e0 leurs ressortissants de \u00ab\u00a0quitter le pays imm\u00e9diatement\u00a0\u00bb"},"content":{"rendered":"<p>   Le patron de Chevron se dit \u00ab\u00a0tr\u00e8s impatient d\u2019aider\u00a0\u00bb le Venezuela             <\/p>\n<p class=\"post__live-container--answer-text post__space-node\">Lors de la r\u00e9union avec les grands groupes p\u00e9troliers et l\u2019administration Trump \u00e0 la Maison Blanche, l\u2019intervention du pr\u00e9sident de l\u2019entreprise am\u00e9ricaine ExxonMobil, Darren Woods, qui a dit qu\u2019il n\u2019entendait pas se lancer \u00e0 la h\u00e2te dans de nouveaux investissements au Venezuela, a jet\u00e9 un froid.<\/p>\n<p class=\"post__live-container--answer-text post__space-node\">Dans une sc\u00e8ne cocasse, le chef de la diplomatie, Marco Rubio, a alors fait passer \u00e0 Donald Trump une note, que ce dernier a lue \u00e0 voix haute, lui conseillant de donner la parole au groupe am\u00e9ricain Chevron. Ce dernier, qui est le seul \u00e0 avoir gard\u00e9 une licence au Venezuela, s\u2019est montr\u00e9 un peu plus enthousiaste que son rival.<\/p>\n<p class=\"post__live-container--answer-text post__space-node\">Son vice-pr\u00e9sident, Mark Nelson, a assur\u00e9 \u00e0 M.\u00a0Trump, friand d\u2019engagements sans r\u00e9serve dans ses projets, que la multinationale \u00e9tait \u00ab\u00a0tr\u00e8s impatiente d\u2019aider [le Venezuela] \u00e0 construire un meilleur avenir\u00a0\u00bb, mais n\u2019a pas donn\u00e9 de d\u00e9tails plus concrets.<\/p>\n<p class=\"post__live-container--answer-text post__space-node\">ExxonMobil et ConocoPhillips ont quitt\u00e9 le territoire en\u00a02007, refusant les conditions de l\u2019ancien dirigeant Hugo Chavez qui imposaient que l\u2019Etat devienne actionnaire majoritaire des entreprises pr\u00e9sentes dans le pays.<\/p>\n<p class=\"post__live-container--answer-text post__space-node\">\u00ab\u00a0Nos actifs ont \u00e9t\u00e9 saisis \u00e0 deux reprises dans ce pays, vous pouvez donc imaginer que pour y revenir une troisi\u00e8me fois, des changements assez importants seraient n\u00e9cessaires\u00a0\u00bb, a ainsi d\u00e9clar\u00e9 Darren Woods, estimant qu\u2019il \u00e9tait \u00ab\u00a0impossible d\u2019y investir\u00a0\u00bb en l\u2019\u00e9tat.<\/p>\n","protected":false},"excerpt":{"rendered":"Le patron de Chevron se dit \u00ab\u00a0tr\u00e8s impatient d\u2019aider\u00a0\u00bb le Venezuela Lors de la r\u00e9union avec les grands&hellip;\n","protected":false},"author":2,"featured_media":655025,"comment_status":"","ping_status":"","sticky":false,"template":"","format":"standard","meta":{"footnotes":""},"categories":[2],"tags":[11,1011,27,12,25],"class_list":{"0":"post-655024","1":"post","2":"type-post","3":"status-publish","4":"format-standard","5":"has-post-thumbnail","7":"category-actualites","8":"tag-actualites","9":"tag-fr","10":"tag-france","11":"tag-news","12":"tag-republique-francaise"},"share_on_mastodon":{"url":"https:\/\/pubeurope.com\/@fr\/115873500601087043","error":""},"_links":{"self":[{"href":"https:\/\/www.europesays.com\/fr\/wp-json\/wp\/v2\/posts\/655024","targetHints":{"allow":["GET"]}}],"collection":[{"href":"https:\/\/www.europesays.com\/fr\/wp-json\/wp\/v2\/posts"}],"about":[{"href":"https:\/\/www.europesays.com\/fr\/wp-json\/wp\/v2\/types\/post"}],"author":[{"embeddable":true,"href":"https:\/\/www.europesays.com\/fr\/wp-json\/wp\/v2\/users\/2"}],"replies":[{"embeddable":true,"href":"https:\/\/www.europesays.com\/fr\/wp-json\/wp\/v2\/comments?post=655024"}],"version-history":[{"count":0,"href":"https:\/\/www.europesays.com\/fr\/wp-json\/wp\/v2\/posts\/655024\/revisions"}],"wp:featuredmedia":[{"embeddable":true,"href":"https:\/\/www.europesays.com\/fr\/wp-json\/wp\/v2\/media\/655025"}],"wp:attachment":[{"href":"https:\/\/www.europesays.com\/fr\/wp-json\/wp\/v2\/media?parent=655024"}],"wp:term":[{"taxonomy":"category","embeddable":true,"href":"https:\/\/www.europesays.com\/fr\/wp-json\/wp\/v2\/categories?post=655024"},{"taxonomy":"post_tag","embeddable":true,"href":"https:\/\/www.europesays.com\/fr\/wp-json\/wp\/v2\/tags?post=655024"}],"curies":[{"name":"wp","href":"https:\/\/api.w.org\/{rel}","templated":true}]}}