{"id":655028,"date":"2026-01-10T23:55:10","date_gmt":"2026-01-10T23:55:10","guid":{"rendered":"https:\/\/www.europesays.com\/fr\/655028\/"},"modified":"2026-01-10T23:55:10","modified_gmt":"2026-01-10T23:55:10","slug":"quand-larbitre-dangers-toulouse-confond-sa-droite-et-sa-gauche-avant-la-seance-de-tirs-au-but","status":"publish","type":"post","link":"https:\/\/www.europesays.com\/fr\/655028\/","title":{"rendered":"quand l&rsquo;arbitre d&rsquo;Angers-Toulouse confond sa droite et sa gauche avant la s\u00e9ance de tirs au but"},"content":{"rendered":"<p>Arbitre du 16e de finale de Coupe de France entre Angers et Toulouse ce samedi, Marc Bollengier a induit les deux capitaines en erreur au moment de choisir le camp pour la s\u00e9ance de tirs au but.<\/p>\n<p>Un arbitre qui confond sa droite et sa gauche. Ce samedi, le 16e de finale de <a href=\"https:\/\/rmcsport.bfmtv.com\/football\/coupe-de-france\/direct-coupe-de-france-monaco-angers-toulouse-strasbourg-suivez-les-matchs-des-16es-de-finale-en-live_LS-202601100066.html\" title=\"Coupe de France (16e de finale): un carton pour Strasbourg, Reims s&#039;en sort au tirs au but sur un terrain lunaire\" class=\"internal_link\" target=\"_blank\" rel=\"noopener\">Coupe de France <\/a>entre Angers et Toulouse s&rsquo;est jou\u00e9 aux tirs au but, pour un succ\u00e8s du T\u00e9f\u00e9c\u00e9 (1-1, 5-6 tab). Au sifflet pour cette rencontre, Marc Bollengier a induit les deux capitaines en erreur au moment de choisir le camp pour la s\u00e9ance.<\/p>\n<p>Marc Bollengier avait attribu\u00e9 le bleu pour la partie gauche et le jaune pour la partie droite du terrain. \u00ab\u00a0C&rsquo;est bleu, \u00e7a veut dire que c&rsquo;est l\u00e0-bas\u00a0\u00bb, a ensuite indiqu\u00e9 l&rsquo;arbitre, pointant du doigt&#8230; le camp droit. \u00ab\u00a0Vous avez dit l\u00e0-bas\u00a0\u00bb, lui a r\u00e9pondu Haris Belkebla, le capitaine du SCO. \u00ab\u00a0Non, j&rsquo;ai dit bleu l\u00e0-bas\u00a0\u00bb, a assur\u00e9 Bollengier, ferme sur sa position.<\/p>\n<p>Haug a sorti deux tirs d&rsquo;Angers<\/p>\n<p>Angers aurait d\u00fb tirer devant ses supporters et le Kop situ\u00e9 en tribune Coubertin. Finalement, la s\u00e9ance s&rsquo;est donc d\u00e9roul\u00e9e de l&rsquo;autre c\u00f4t\u00e9, devant la tribune Colombier. Kjetil Haug, le gardien norv\u00e9gien du T\u00e9f\u00e9c\u00e9, a ensuite donn\u00e9 la victoire \u00e0 son \u00e9quipe en repoussant deux tentatives adverses.<\/p>\n<p>Dans cet affrontement entre clubs de Ligue 1, Toulouse a globalement domin\u00e9 les d\u00e9bats, ouvrant la marque gr\u00e2ce au jeune attaquant argentin Santiago Hidalgo. Angers avait \u00e9galis\u00e9 dans le temps additionnel sur un but d&rsquo;Amine Sa\u00efbi. Ce samedi, le SCO retrouvera son public pour la r\u00e9ception de l&rsquo;OM en Ligue 1, l\u00e0 o\u00f9 Toulouse accueillera Nice.<\/p>\n","protected":false},"excerpt":{"rendered":"Arbitre du 16e de finale de Coupe de France entre Angers et Toulouse ce samedi, Marc Bollengier a&hellip;\n","protected":false},"author":2,"featured_media":655029,"comment_status":"","ping_status":"","sticky":false,"template":"","format":"standard","meta":{"footnotes":""},"categories":[4],"tags":[11,1011,27,12,25],"class_list":{"0":"post-655028","1":"post","2":"type-post","3":"status-publish","4":"format-standard","5":"has-post-thumbnail","7":"category-france","8":"tag-actualites","9":"tag-fr","10":"tag-france","11":"tag-news","12":"tag-republique-francaise"},"share_on_mastodon":{"url":"https:\/\/pubeurope.com\/@fr\/115873508546522958","error":""},"_links":{"self":[{"href":"https:\/\/www.europesays.com\/fr\/wp-json\/wp\/v2\/posts\/655028","targetHints":{"allow":["GET"]}}],"collection":[{"href":"https:\/\/www.europesays.com\/fr\/wp-json\/wp\/v2\/posts"}],"about":[{"href":"https:\/\/www.europesays.com\/fr\/wp-json\/wp\/v2\/types\/post"}],"author":[{"embeddable":true,"href":"https:\/\/www.europesays.com\/fr\/wp-json\/wp\/v2\/users\/2"}],"replies":[{"embeddable":true,"href":"https:\/\/www.europesays.com\/fr\/wp-json\/wp\/v2\/comments?post=655028"}],"version-history":[{"count":0,"href":"https:\/\/www.europesays.com\/fr\/wp-json\/wp\/v2\/posts\/655028\/revisions"}],"wp:featuredmedia":[{"embeddable":true,"href":"https:\/\/www.europesays.com\/fr\/wp-json\/wp\/v2\/media\/655029"}],"wp:attachment":[{"href":"https:\/\/www.europesays.com\/fr\/wp-json\/wp\/v2\/media?parent=655028"}],"wp:term":[{"taxonomy":"category","embeddable":true,"href":"https:\/\/www.europesays.com\/fr\/wp-json\/wp\/v2\/categories?post=655028"},{"taxonomy":"post_tag","embeddable":true,"href":"https:\/\/www.europesays.com\/fr\/wp-json\/wp\/v2\/tags?post=655028"}],"curies":[{"name":"wp","href":"https:\/\/api.w.org\/{rel}","templated":true}]}}