{"id":655030,"date":"2026-01-10T23:57:10","date_gmt":"2026-01-10T23:57:10","guid":{"rendered":"https:\/\/www.europesays.com\/fr\/655030\/"},"modified":"2026-01-10T23:57:10","modified_gmt":"2026-01-10T23:57:10","slug":"mene-de-deux-sets-lalterna-stade-poitevin-renverse-narbonne","status":"publish","type":"post","link":"https:\/\/www.europesays.com\/fr\/655030\/","title":{"rendered":"Men\u00e9 de deux sets, l&rsquo;Alterna Stade Poitevin renverse Narbonne"},"content":{"rendered":"<p><strong>Poitiers\u00a0&#8211; Narbonne\u00a0: 3-2<\/strong><\/p>\n<p>Restant sur une tr\u00e8s belle qualification en 8e\u00a0de finale de la Coupe de la CEV face au Panathina\u00efkos mardi en Gr\u00e8ce (<a target=\"_self\" href=\"https:\/\/www.lanouvellerepublique.fr\/poitiers\/coupe-cev-on-est-de-retour-l-alterna-stade-poitevin-n-a-pas-manque-ses-retrouvailles-avec-l-europe-1767893946\" rel=\"noopener\">1-3<\/a>), l\u2019Alterna Stade Poitevin Volley-Ball avait \u00e0 c\u0153ur de se relancer en championnat samedi 10\u00a0janvier lors de la venue des Centurions de Narbonne.<\/p>\n<p>Avant leur venue, les partenaires de Franco Massimino s\u2019\u00e9taient en effet inclin\u00e9s deux fois cons\u00e9cutivement au tie-break contre Tourcoing puis au <a target=\"_self\" href=\"https:\/\/www.lanouvellerepublique.fr\/poitiers\/msl-on-avait-une-bonne-chance-de-gagner-l-alterna-stade-poitevin-rate-le-coche-au-plessis-robinson-1767478990\" rel=\"noopener\">Plessis-Robinson<\/a>.<\/p>\n<p>Les Poitevins semblaient les mieux partis dans la premi\u00e8re manche (20-18) avant de se montrer plus impr\u00e9cis en attaque. Au contraire les Narbonnais, plus pr\u00e9sents au block, inversaient la tendance pour prendre l\u2019avantage (23-25).<\/p>\n<p>45 minutes de combat dans le deuxi\u00e8me set<\/p>\n<p>M\u00eames maux et m\u00eames effets dans le deuxi\u00e8me acte. L\u00e0 encore, l\u2019Alterna Stade Poitevin Volley-Ball menait 18-14 puis 23-20. Mais, l\u00e0 encore, les visiteurs se montraient plus solides au moment de conclure. Apr\u00e8s un long mano \u00e0 mano de 45 minutes, Poitiers se procurant 7 balles de set contre 6 \u00e0 Narbonne, les joueurs de l\u2019Aude raflaient encore la mise (35-37).<\/p>\n<p>Comme lors des deux premiers sets, l\u2019Alterna SPVB faisait la course en t\u00eate dans la troisi\u00e8me manche (19-13, 23-18). Mais, cette fois, les Poitevins ne tremblaient pas pour se relancer (25-21).<\/p>\n<p>Franco Massimino et les siens allaient-ils vivre leur cinqui\u00e8me tie-break cons\u00e9cutif en MSL (apr\u00e8s les d\u00e9faites contre Nice, Tourcoing et Le Plessis-Robinson et la victoire \u00e0 Ajaccio), le neuvi\u00e8me de la saison\u00a0? Cela semblait bien parti (11-7, 14-10, 20-14). Avant de revenir \u00e0 \u00e9galit\u00e9 sur une attaque de Magnin (25-22).<\/p>\n<p>Et contrairement aux matchs contre Tourcoing et Nice o\u00f9 ils s\u2019\u00e9taient inclin\u00e9s dans la manche d\u00e9cisive apr\u00e8s avoir perdu les deux premiers sets, les Poitevins avaient cette fois le dernier mot sur un ace de Kobrine (15-7) dans une salle Lawson-Body transform\u00e9e en chaudron.<\/p>\n<p>Pour leur prochain match, les hommes de Dan Lewis se d\u00e9placeront \u00e0 Chaumont samedi 17\u00a0janvier.<\/p>\n<p>\u00a0<\/p>\n","protected":false},"excerpt":{"rendered":"Poitiers\u00a0&#8211; Narbonne\u00a0: 3-2 Restant sur une tr\u00e8s belle qualification en 8e\u00a0de finale de la Coupe de la CEV&hellip;\n","protected":false},"author":2,"featured_media":655031,"comment_status":"","ping_status":"","sticky":false,"template":"","format":"standard","meta":{"footnotes":""},"categories":[1417],"tags":[1392,1654,1011,27,1655,1653,60,1584,1470,1469],"class_list":{"0":"post-655030","1":"post","2":"type-post","3":"status-publish","4":"format-standard","5":"has-post-thumbnail","7":"category-volley","8":"tag-a-la-une-local","9":"tag-alterna-stade-poitevin-volley-ball","10":"tag-fr","11":"tag-france","12":"tag-ligue-a","13":"tag-poitiers","14":"tag-sports","15":"tag-vienne","16":"tag-volley","17":"tag-volleyball"},"share_on_mastodon":{"url":"https:\/\/pubeurope.com\/@fr\/115873516527487538","error":""},"_links":{"self":[{"href":"https:\/\/www.europesays.com\/fr\/wp-json\/wp\/v2\/posts\/655030","targetHints":{"allow":["GET"]}}],"collection":[{"href":"https:\/\/www.europesays.com\/fr\/wp-json\/wp\/v2\/posts"}],"about":[{"href":"https:\/\/www.europesays.com\/fr\/wp-json\/wp\/v2\/types\/post"}],"author":[{"embeddable":true,"href":"https:\/\/www.europesays.com\/fr\/wp-json\/wp\/v2\/users\/2"}],"replies":[{"embeddable":true,"href":"https:\/\/www.europesays.com\/fr\/wp-json\/wp\/v2\/comments?post=655030"}],"version-history":[{"count":0,"href":"https:\/\/www.europesays.com\/fr\/wp-json\/wp\/v2\/posts\/655030\/revisions"}],"wp:featuredmedia":[{"embeddable":true,"href":"https:\/\/www.europesays.com\/fr\/wp-json\/wp\/v2\/media\/655031"}],"wp:attachment":[{"href":"https:\/\/www.europesays.com\/fr\/wp-json\/wp\/v2\/media?parent=655030"}],"wp:term":[{"taxonomy":"category","embeddable":true,"href":"https:\/\/www.europesays.com\/fr\/wp-json\/wp\/v2\/categories?post=655030"},{"taxonomy":"post_tag","embeddable":true,"href":"https:\/\/www.europesays.com\/fr\/wp-json\/wp\/v2\/tags?post=655030"}],"curies":[{"name":"wp","href":"https:\/\/api.w.org\/{rel}","templated":true}]}}