{"id":655044,"date":"2026-01-11T00:08:09","date_gmt":"2026-01-11T00:08:09","guid":{"rendered":"https:\/\/www.europesays.com\/fr\/655044\/"},"modified":"2026-01-11T00:08:09","modified_gmt":"2026-01-11T00:08:09","slug":"la-disparition-inexpliquee-dun-personnage-cle-de-stranger-things-elucidee-apres-quatre-ans-dabsence","status":"publish","type":"post","link":"https:\/\/www.europesays.com\/fr\/655044\/","title":{"rendered":"La disparition inexpliqu\u00e9e d\u2019un personnage cl\u00e9 de Stranger Things \u00e9lucid\u00e9e apr\u00e8s quatre ans d\u2019absence"},"content":{"rendered":"<p class=\"chapo\">Apr\u00e8s une absence remarqu\u00e9e de quatre ans, le myst\u00e8re entourant l\u2019un des personnages majeurs de Stranger Things est enfin \u00e9clairci. Les raisons de cette disparition prolong\u00e9e viennent d\u2019\u00eatre r\u00e9v\u00e9l\u00e9es, apportant des r\u00e9ponses attendues par les fans.<\/p>\n<p>Tl;dr<\/p>\n<ul>\n<li>Absence de Suzie justifi\u00e9e par l\u2019\u00e9volution de Dustin.<\/li>\n<li>Saison 5 trop centr\u00e9e sur Hawkins pour int\u00e9grer Suzie.<\/li>\n<li>Pas besoin d\u2019explication d\u00e9taill\u00e9e, l\u2019essentiel est sugg\u00e9r\u00e9.<\/li>\n<\/ul>\n<p>L\u2019absence remarqu\u00e9e de Suzie dans la saison finale<\/p>\n<p>Au fil des saisons, la s\u00e9rie <a href=\"https:\/\/www.begeek.fr\/le-succes-de-stranger-things-contredit-les-predictions-du-patron-de-netflix-sur-lavenir-du-cinema-et-des-series-426489\" target=\"_blank\" rel=\"noopener\"><strong>Stranger Things<\/strong><\/a> s\u2019est distingu\u00e9e par un casting \u00e9toff\u00e9 qui a su capter l\u2019affection du public, multipliant les personnages et les intrigues crois\u00e9es. Cette richesse narrative, bien que s\u00e9duisante, s\u2019est in\u00e9vitablement heurt\u00e9e \u00e0 une contrainte : difficile d\u2019offrir \u00e0 chacun une place \u00e9gale dans le r\u00e9cit, surtout lorsque la conclusion approche. Ainsi, la disparition de <strong>Suzie Bingham<\/strong>, petite amie de Dustin et personnage secondaire marquant, n\u2019a pas manqu\u00e9 d\u2019interroger les fans au moment o\u00f9 la s\u00e9rie amor\u00e7ait son baroud d\u2019honneur contre Vecna.<\/p>\n<p>Dustin face \u00e0 son isolement \u00e9motionnel<\/p>\n<p>La cinqui\u00e8me saison s\u2019ouvre sur un Dustin profond\u00e9ment marqu\u00e9 par le deuil d\u2019Eddie. Loin du gar\u00e7on enjou\u00e9 des d\u00e9buts, il se replie sur lui-m\u00eame, prend ses distances avec ses amis et adopte des comportements autodestructeurs. Il appara\u00eet alors difficile d\u2019imaginer ce jeune homme capable de maintenir une relation amoureuse \u00e0 distance avec Suzie. Sur ce point, l\u2019acteur Gaten Matarazzo livre sa propre interpr\u00e9tation lors d\u2019un entretien accord\u00e9 \u00e0 Business Insider : \u00ab Je pense qu\u2019on peut supposer qu\u2019en pleine p\u00e9riode de deuil malsain, Dustin a probablement rompu avec Suzie\u2026 et pas forc\u00e9ment avec d\u00e9licatesse. \u00bb Matarazzo ajoute m\u00eame qu\u2019il n\u2019exclut pas l\u2019hypoth\u00e8se selon laquelle c\u2019est Suzie qui aurait pris l\u2019initiative : \u00ab Peut-\u00eatre en avait-elle simplement assez\u2026 Ce serait tout \u00e0 fait compr\u00e9hensible. \u00bb<\/p>\n<p>Suzie, victime collat\u00e9rale du resserrement sc\u00e9naristique<\/p>\n<p>La structure m\u00eame de cette ultime saison joue contre une r\u00e9int\u00e9gration cr\u00e9dible de Suzie. L\u2019intrigue se concentre presque exclusivement sur Hawkins et ses alentours \u2013 ou dans l\u2019esprit tortur\u00e9 d\u2019<strong>Henry Creel<\/strong>. Rappeler Suzie depuis Salt Lake City aurait pu sembler artificiel, l\u00e0 o\u00f9 sa pr\u00e9sence en saison 4 s\u2019expliquait naturellement par la g\u00e9ographie du r\u00e9cit. Parmi les \u00e9l\u00e9ments \u00e9voqu\u00e9s pour justifier cette absence :<\/p>\n<ul>\n<li>L\u2019\u00e9loignement physique avec le reste des personnages principaux.<\/li>\n<li>L\u2019accent mis sur la trajectoire personnelle et solitaire de Dustin.<\/li>\n<li>L\u2019enjeu dramatique n\u00e9cessitant que Dustin d\u00e9marre seul son cheminement.<\/li>\n<\/ul>\n<p>En d\u00e9finitive, ne pas donner plus d\u2019explications \u00e0 l\u2019\u00e9cran \u00e9vite toute lourdeur narrative ; le comportement de Dustin en dit d\u00e9j\u00e0 long sur la fin de son histoire avec Suzie. Imaginer que leur couple survive alors qu\u2019il rejette tous ses proches n\u2019aurait pas eu grand sens.<\/p>\n<p>L\u2019avenir incertain du personnage\u2026 et des r\u00e9ponses<\/p>\n<p>Alors que l\u2019univers <strong>Stranger Things<\/strong> poursuit sa route via diff\u00e9rents projets d\u00e9riv\u00e9s \u2013 comme la s\u00e9rie anim\u00e9e <a href=\"https:\/\/www.begeek.fr\/le-showrunner-de-stranger-things-devoile-enfin-la-recette-gagnante-du-spin-off-tales-from-85-425805\" target=\"_blank\" rel=\"noopener\"><strong>Tales From \u201985<\/strong><\/a> \u2013, rien n\u2019exclut un retour ponctuel ou un \u00e9claircissement canonique du sort r\u00e9serv\u00e9 \u00e0 Suzie. Mais apr\u00e8s tout, certaines zones d\u2019ombre nourrissent aussi le myst\u00e8re et la magie d\u2019une fiction.<\/p>\n","protected":false},"excerpt":{"rendered":"Apr\u00e8s une absence remarqu\u00e9e de quatre ans, le myst\u00e8re entourant l\u2019un des personnages majeurs de Stranger Things est&hellip;\n","protected":false},"author":2,"featured_media":655045,"comment_status":"","ping_status":"","sticky":false,"template":"","format":"standard","meta":{"footnotes":""},"categories":[1356],"tags":[58,59,1011,27,252,1364],"class_list":{"0":"post-655044","1":"post","2":"type-post","3":"status-publish","4":"format-standard","5":"has-post-thumbnail","7":"category-television","8":"tag-divertissement","9":"tag-entertainment","10":"tag-fr","11":"tag-france","12":"tag-television","13":"tag-tv"},"share_on_mastodon":{"url":"https:\/\/pubeurope.com\/@fr\/115873559892986997","error":""},"_links":{"self":[{"href":"https:\/\/www.europesays.com\/fr\/wp-json\/wp\/v2\/posts\/655044","targetHints":{"allow":["GET"]}}],"collection":[{"href":"https:\/\/www.europesays.com\/fr\/wp-json\/wp\/v2\/posts"}],"about":[{"href":"https:\/\/www.europesays.com\/fr\/wp-json\/wp\/v2\/types\/post"}],"author":[{"embeddable":true,"href":"https:\/\/www.europesays.com\/fr\/wp-json\/wp\/v2\/users\/2"}],"replies":[{"embeddable":true,"href":"https:\/\/www.europesays.com\/fr\/wp-json\/wp\/v2\/comments?post=655044"}],"version-history":[{"count":0,"href":"https:\/\/www.europesays.com\/fr\/wp-json\/wp\/v2\/posts\/655044\/revisions"}],"wp:featuredmedia":[{"embeddable":true,"href":"https:\/\/www.europesays.com\/fr\/wp-json\/wp\/v2\/media\/655045"}],"wp:attachment":[{"href":"https:\/\/www.europesays.com\/fr\/wp-json\/wp\/v2\/media?parent=655044"}],"wp:term":[{"taxonomy":"category","embeddable":true,"href":"https:\/\/www.europesays.com\/fr\/wp-json\/wp\/v2\/categories?post=655044"},{"taxonomy":"post_tag","embeddable":true,"href":"https:\/\/www.europesays.com\/fr\/wp-json\/wp\/v2\/tags?post=655044"}],"curies":[{"name":"wp","href":"https:\/\/api.w.org\/{rel}","templated":true}]}}