{"id":655048,"date":"2026-01-11T00:10:16","date_gmt":"2026-01-11T00:10:16","guid":{"rendered":"https:\/\/www.europesays.com\/fr\/655048\/"},"modified":"2026-01-11T00:10:16","modified_gmt":"2026-01-11T00:10:16","slug":"migration-simpose-comme-le-film-dhorreur-incontournable-de-2026","status":"publish","type":"post","link":"https:\/\/www.europesays.com\/fr\/655048\/","title":{"rendered":"Migration s\u2019impose comme le film d\u2019horreur incontournable de 2026"},"content":{"rendered":"<p class=\"chapo\">Attendu en 2026, le film Greenland 2 : Migration s\u2019annonce comme une \u0153uvre marquante du cin\u00e9ma d\u2019anticipation. Premier volet vraiment effrayant de l\u2019ann\u00e9e \u00e0 susciter l\u2019attention, il promet une exploration intense des th\u00e8mes li\u00e9s \u00e0 la migration.<\/p>\n<p>Tl;dr<\/p>\n<ul>\n<li>Un film catastrophe post-apocalyptique plus sombre que jamais<\/li>\n<li>Critique sociale sur l\u2019environnement et la survie humaine<\/li>\n<li>Lueur d\u2019espoir malgr\u00e9 une brutalit\u00e9 marquante<\/li>\n<\/ul>\n<p>Un monde post-apocalyptique sans concession<\/p>\n<p>Dans ce second volet, <a href=\"https:\/\/www.begeek.fr\/avatar-de-feu-et-de-cendres-sapprete-a-enflammer-la-fin-du-box-office-2025-jusquou-ira-t-il-425344\" target=\"_blank\" rel=\"noopener\"><strong>Greenland 2: Migration<\/strong><\/a>, le r\u00e9alisateur Ric Roman Waugh plonge le spectateur dans une atmosph\u00e8re bien plus sombre et brutale que son pr\u00e9d\u00e9cesseur. L\u2019action se situe cinq ans apr\u00e8s les \u00e9v\u00e9nements du premier film\u202f: on y retrouve John Garrity \u2014 incarn\u00e9 par Gerard Butler \u2014 accompagn\u00e9 de sa famille, contraints de quitter leur bunker pour traverser une Europe d\u00e9vast\u00e9e \u00e0 la recherche d\u2019un abri s\u00fbr. Cette errance s\u2019annonce p\u00e9rilleuse, entre pluies radioactives, effondrement social et bandes arm\u00e9es pr\u00eates \u00e0 tout.<\/p>\n<p>L\u2019homme face \u00e0 la catastrophe\u202f: l\u2019effondrement moral<\/p>\n<p>Le film ne se contente pas d\u2019orchestrer des catastrophes naturelles spectaculaires. Il met aussi en lumi\u00e8re la fragilit\u00e9 de nos soci\u00e9t\u00e9s lorsque tout bascule. Les actes les plus terrifiants ne proviennent pas toujours de la nature\u202f: on assiste ici \u00e0 des sc\u00e8nes o\u00f9 la raret\u00e9 des ressources pousse \u00e0 l\u2019exclusion et m\u00eame \u00e0 la violence extr\u00eame. Dans ce climat o\u00f9 r\u00e8gne l\u2019instinct de survie, les \u00ab\u202fprivil\u00e9gi\u00e9s\u202f\u00bb trouvent refuge dans des zones militaires tandis que les autres, abandonn\u00e9s \u00e0 leur sort, n\u2019h\u00e9sitent pas \u00e0 franchir la limite pour un simple v\u00e9hicule ou une place sur un bateau de secours. Certains sont ainsi laiss\u00e9s derri\u00e8re alors qu\u2019une poign\u00e9e seulement acc\u00e8de au salut \u2014 une vision gla\u00e7ante, mais plausible du chaos.<\/p>\n<p>Un miroir des inqui\u00e9tudes environnementales actuelles<\/p>\n<p>Derri\u00e8re ses allures de blockbuster, <strong>Greenland 2: Migration<\/strong> propose aussi une r\u00e9flexion sur notre rapport \u00e0 l\u2019environnement. Ici, les d\u00e9sastres climatiques ne servent pas uniquement de toile de fond\u202f: ils deviennent des menaces impr\u00e9visibles et implacables qui forcent le public \u00e0 r\u00e9fl\u00e9chir sur les dangers bien r\u00e9els que repr\u00e9sentent le changement climatique ou la pollution. M\u00eame si certains passages versent dans l\u2019exc\u00e8s dramatique, le message reste limpide : prendre soin de notre plan\u00e8te n\u2019a jamais \u00e9t\u00e9 aussi urgent.<\/p>\n<p>Pour rendre compte de cette r\u00e9alit\u00e9 anxiog\u00e8ne, le film parvient toutefois \u00e0 nuancer son propos en rappelant que, m\u00eame plong\u00e9e dans l\u2019<a href=\"https:\/\/www.begeek.fr\/en-a-peine-48-heures-ce-film-dhorreur-dejante-de-2025-explose-sur-les-plateformes-de-streaming-426345\" target=\"_blank\" rel=\"noopener\">horreur<\/a>, l\u2019humanit\u00e9 conserve une part d\u2019altruisme et de solidarit\u00e9. Si la noirceur domine souvent l\u2019\u00e9cran, quelques \u00e9lans d\u2019empathie viennent contrebalancer cette duret\u00e9 ambiante.<\/p>\n<p>Quand le spectacle rejoint la r\u00e9flexion<\/p>\n<p>En d\u00e9finitive, voici ce qui distingue cette suite\u202f: elle reprend certes les codes du film catastrophe post-apocalyptique, mais s\u2019impose surtout par sa capacit\u00e9 \u00e0 confronter le spectateur \u00e0 ses propres peurs \u2014 et peut-\u00eatre aussi ses espoirs. On retiendra notamment\u202f:<\/p>\n<ul>\n<li><strong>Soci\u00e9t\u00e9 fractur\u00e9e<\/strong>, o\u00f9 chaque geste compte pour survivre.<\/li>\n<li><strong>Mise en garde environnementale<\/strong>, jamais moralisatrice, mais r\u00e9solument efficace.<\/li>\n<li><strong>Basculement vers la compassion ou l\u2019\u00e9go\u00efsme<\/strong>, selon les circonstances.<\/li>\n<\/ul>\n<p>Port\u00e9 par un r\u00e9alisme parfois cruel et un rythme haletant, Greenland 2: Migration ne laisse personne indemne \u2014 et c\u2019est bien l\u00e0 sa force principale.<\/p>\n","protected":false},"excerpt":{"rendered":"Attendu en 2026, le film Greenland 2 : Migration s\u2019annonce comme une \u0153uvre marquante du cin\u00e9ma d\u2019anticipation. Premier&hellip;\n","protected":false},"author":2,"featured_media":655049,"comment_status":"","ping_status":"","sticky":false,"template":"","format":"standard","meta":{"footnotes":""},"categories":[1354],"tags":[58,59,1346,1011,27,1360],"class_list":{"0":"post-655048","1":"post","2":"type-post","3":"status-publish","4":"format-standard","5":"has-post-thumbnail","7":"category-films","8":"tag-divertissement","9":"tag-entertainment","10":"tag-films","11":"tag-fr","12":"tag-france","13":"tag-movies"},"share_on_mastodon":{"url":"https:\/\/pubeurope.com\/@fr\/115873567459397849","error":""},"_links":{"self":[{"href":"https:\/\/www.europesays.com\/fr\/wp-json\/wp\/v2\/posts\/655048","targetHints":{"allow":["GET"]}}],"collection":[{"href":"https:\/\/www.europesays.com\/fr\/wp-json\/wp\/v2\/posts"}],"about":[{"href":"https:\/\/www.europesays.com\/fr\/wp-json\/wp\/v2\/types\/post"}],"author":[{"embeddable":true,"href":"https:\/\/www.europesays.com\/fr\/wp-json\/wp\/v2\/users\/2"}],"replies":[{"embeddable":true,"href":"https:\/\/www.europesays.com\/fr\/wp-json\/wp\/v2\/comments?post=655048"}],"version-history":[{"count":0,"href":"https:\/\/www.europesays.com\/fr\/wp-json\/wp\/v2\/posts\/655048\/revisions"}],"wp:featuredmedia":[{"embeddable":true,"href":"https:\/\/www.europesays.com\/fr\/wp-json\/wp\/v2\/media\/655049"}],"wp:attachment":[{"href":"https:\/\/www.europesays.com\/fr\/wp-json\/wp\/v2\/media?parent=655048"}],"wp:term":[{"taxonomy":"category","embeddable":true,"href":"https:\/\/www.europesays.com\/fr\/wp-json\/wp\/v2\/categories?post=655048"},{"taxonomy":"post_tag","embeddable":true,"href":"https:\/\/www.europesays.com\/fr\/wp-json\/wp\/v2\/tags?post=655048"}],"curies":[{"name":"wp","href":"https:\/\/api.w.org\/{rel}","templated":true}]}}