{"id":65505,"date":"2025-04-30T23:05:13","date_gmt":"2025-04-30T23:05:13","guid":{"rendered":"https:\/\/www.europesays.com\/fr\/65505\/"},"modified":"2025-04-30T23:05:13","modified_gmt":"2025-04-30T23:05:13","slug":"montpellier-refus-dobtemperer-interdiction-de-paraitre-et-dealer-arrete-quatre-gardes-a-vue","status":"publish","type":"post","link":"https:\/\/www.europesays.com\/fr\/65505\/","title":{"rendered":"Montpellier. Refus d&rsquo;obtemp\u00e9rer, interdiction de para\u00eetre et dealer arr\u00eat\u00e9 : quatre gardes \u00e0 vue"},"content":{"rendered":"<p>            Par<br \/>\n        <strong><br \/>\n            <a href=\"https:\/\/actu.fr\/auteur\/jm-aubert\" title=\"Consulter tous les articles de Jean-Marc Aubert\" rel=\"nofollow noopener\" target=\"_blank\">Jean-Marc Aubert<\/a><br \/>\n        <\/strong><\/p>\n<p>        Publi\u00e9 le<\/p>\n<p>            30 avr. 2025 \u00e0 10h32<br \/>\n        ; mis \u00e0 jour le 30 avr. 2025 \u00e0 10h35    <\/p>\n<p>Nouvelle affaire de <strong>refus d\u2019obtemp\u00e9rer<\/strong> nocturne, \u00e0 <strong>Montpellier<\/strong> : dans la nuit de lundi 28 avril \u00e0 ce mardi 29 avril 2025, vers 3h30, un \u00e9quipage de voie publique de la police nationale tombe sur une voiture avec deux occupants \u00e0 bord roulant \u00e0 vitesse excessive dans un rond-point de l\u2019avenue de l\u2019Europe, dans le quartier de la Mosson. Plus dangereux, elle effectue des embard\u00e9es.<\/p>\n<p class=\" wall-content\">Le conducteur refuse de se soumettre au contr\u00f4le et les policiers entament une <strong>course-poursuite,<\/strong> gyrophare et sir\u00e8ne actionn\u00e9s. Apr\u00e8s avoir tent\u00e9 de fuir, le chauffard stoppe \u00e0 un feu rouge. Alors que les policiers s\u2019approchent de l\u2019habitacle, il enclenche soudain une vitesse et red\u00e9marre \u00e0 vive allure, mais il cale quelques dizaines de m\u00e8tres plus loin. Les deux occupants sont finalement interpell\u00e9s sans incident.<\/p>\n<p>    <a href=\"https:\/\/www.google.com\/maps\/embed?pb=!1m18!1m12!1m3!1d7594.754660537661!2d3.817115257683795!3d43.630166650089855!2m3!1f0!2f0!3f0!3m2!1i1024!2i768!4f13.1!3m3!1m2!1s0x12b6ac21fb745ccf%3A0xc018440d579dfc14!2sAv.%20de%20l%27Europe%2C%2034080%20Montpellier!5e0!3m2!1sfr!2sfr!4v1745998806162!5m2!1sfr!2sfr\" title=\"Ouvrie le lien\" rel=\"nofollow noopener\" target=\"_blank\">Cliquez ici pour visualiser le contenu<\/a><\/p>\n<p class=\" wall-content\">Il s\u2019av\u00e8re qu\u2019il s\u2019agit de deux adolescents \u00e2g\u00e9s de 16 ans, le conducteur domicili\u00e9 \u00e0 <strong>Saussan<\/strong> et son passager demeurant \u00e0 Montpellier, lequel mineur avait interdiction de quitter le domicile familial entre 22h et 6h apr\u00e8s sa mise en examen sous contr\u00f4le judiciaire par un juge. Le v\u00e9hicule n\u2019\u00e9tait pas signal\u00e9 vol\u00e9. C\u2019est le deuxi\u00e8me refus d\u2019obtemp\u00e9rer nocturne en 24h, \u00e0 Montpellier.<\/p>\n<p>Interpellation cours Gambetta<\/p>\n<p class=\" wall-content\">Lundi 28 avril, vers 18h30, une patrouille de la <strong>brigade anticriminalit\u00e9<\/strong> -Bac- remarque un pi\u00e9ton qui est connu des services de police pour trafic de drogue notamment d\u00e9ambulant sur le cours Gambetta, dans le quartier de Plan Cabanes. Domicili\u00e9 \u00e0<strong> Lattes,<\/strong> il est contr\u00f4l\u00e9 et quand les agents de la Bac consultent le fichier, ils d\u00e9couvrent que, mis en examen par un juge, un contr\u00f4le judiciaire lui interdit de para\u00eetre sur le cours Gambetta. \u00c2g\u00e9 de 33 ans, il a \u00e9t\u00e9 conduit en garde \u00e0 vue au commissariat central.<\/p>\n<p>Vid\u00e9os : en ce moment sur ActuUn dealer arr\u00eat\u00e9 cit\u00e9 G\u00e9ly<\/p>\n<p class=\" wall-content\">Toujours lundi 28 avril, vers 23h15, alors que la Bac patrouille au c\u0153ur de la cit\u00e9 G\u00e9ly, dans le quartier de Figuerolles, les policiers en civil observent le man\u00e8ge d\u2019un dealer sur le <strong>point de deal<\/strong> de la place Jean Dorat. Il est connu pour \u00eatre un des <strong>\u00ab\u00a0charbonneurs\u00a0\u00bb<\/strong> de la cit\u00e9. Ils d\u00e9cident alors de proc\u00e9der \u00e0 un contr\u00f4le. Dans ses poches, le dealer \u00e2g\u00e9 de 18 ans poss\u00e8de un sachet contenant plus d\u2019un gramme de coca\u00efne, ainsi qu\u2019un couteau. Il a \u00e9t\u00e9 plac\u00e9 en garde \u00e0 vue.<\/p>\n<p class=\" wall-content\">Dans la pyramide du narcotrafic, un \u00ab\u00a0charbonneur\u00a0\u00bb s\u2019occupe de revendre les produits de stup\u00e9fiants sur des points de deal. Selon un r\u00e9cent <strong>rapport de la Cour des comptes<\/strong> sur le trafic de drogue dans les cit\u00e9s de Marseille, un \u00ab\u00a0charbonneur\u00a0\u00bb peut gagner jusqu\u2019\u00e0 9 000\u20ac par mois. En effet, il recevrait 300\u20ac par jour en moyenne pour fourguer la drogue aux consommateurs sur des points de deal.<\/p>\n<p class=\" wall-content\">S\u2019il est difficile de conna\u00eetre les revenus exacts des <strong>chefs de r\u00e9seaux<\/strong>, en revanche, gr\u00e2ce aux affaires r\u00e9ussies par les services de police, de gendarmerie et les douanes, un <strong>\u00ab\u00a0chef de plan\u00a0\u00bb<\/strong>, deuxi\u00e8me dans la pyramide des narcotrafiquants peut \u00eatre r\u00e9mun\u00e9r\u00e9 jusqu\u2019\u00e0 5 000\u20ac par mois. Charg\u00e9 de g\u00e9rer l\u2019approvisionnement et la gestion des stocks, il est l\u2019interm\u00e9diaire entre le chef de l\u2019organisation et les \u00ab\u00a0petites mains\u00a0\u00bb\u2018 sur le terrain.<\/p>\n<p class=\" wall-content\">Juste en dessous des \u00ab\u00a0chefs de plan\u00a0\u00bb, il y a donc \u00ab\u00a0les charbonneurs\u00a0\u00bb qui s\u2019occupent de dealer la drogue aux clients. En bas\u00a0de la hi\u00e9rarchie, on trouve <strong>\u00ab\u00a0le chouf\u00a0\u00bb<\/strong> ou le <strong>\u00ab\u00a0guetteur\u00a0\u00bb<\/strong> assis sur des chaises ayant le r\u00f4le de sentinelle charg\u00e9 de surveiller les abords des points de vente et de<a href=\"https:\/\/actu.fr\/occitanie\/montpellier_34172\/exclusif-montpellier-les-cris-des-guetteurs-cite-gely-alertant-de-l-arrivee-de-policiers_59697379.html\" rel=\"nofollow noopener\" target=\"_blank\"> pr\u00e9venir les \u00ab\u00a0charbonneurs\u00a0\u00bb en criant de l\u2019arriv\u00e9e d\u2019une voiture de police.<\/a><\/p>\n<p class=\" wall-content\">Selon la Cour des comptes, souvent jeunes -entre 11 et 17 ans- ils\u00a0sont r\u00e9mun\u00e9r\u00e9s en moyenne 150 euros quotidiennement. Enfin, les<strong> \u00ab\u00a0rabatteurs\u00a0\u00bb,<\/strong> charg\u00e9s de diriger les clients vers un point de deal per\u00e7oivent 120 euros. Des chiffres sensiblement identiques \u00e0 Montpellier, selon une source polici\u00e8re.<\/p>\n<p class=\" wall-content\">Suivez toute l\u2019actualit\u00e9 de vos villes et m\u00e9dias favoris en vous inscrivant \u00e0 <a href=\"https:\/\/moncompte.actu.fr\" title=\"D\u00e9couvez Mon Actu\" rel=\"nofollow noopener\" data-trk=\"{&quot;cta&quot;:{&quot;action&quot;:&quot;https:\\\/\\\/moncompte.actu.fr&quot;,&quot;category&quot;:&quot;mon compte&quot;,&quot;from&quot;:&quot;article footer&quot;,&quot;name&quot;:&quot;Mon actu&quot;,&quot;type&quot;:&quot;cta&quot;}}\" target=\"_blank\">Mon Actu<\/a>.<\/p>\n","protected":false},"excerpt":{"rendered":"Par Jean-Marc Aubert Publi\u00e9 le 30 avr. 2025 \u00e0 10h32 ; mis \u00e0 jour le 30 avr. 2025&hellip;\n","protected":false},"author":2,"featured_media":65506,"comment_status":"","ping_status":"","sticky":false,"template":"","format":"standard","meta":{"footnotes":""},"categories":[9599],"tags":[1111,11,1052,1777,674,118,1011,27,303,2208,12,2680,1072,25],"class_list":{"0":"post-65505","1":"post","2":"type-post","3":"status-publish","4":"format-standard","5":"has-post-thumbnail","7":"category-montpellier","8":"tag-actu","9":"tag-actualites","10":"tag-drogue","11":"tag-eu","12":"tag-europe","13":"tag-faits-divers","14":"tag-fr","15":"tag-france","16":"tag-justice","17":"tag-montpellier","18":"tag-news","19":"tag-occitanie","20":"tag-police","21":"tag-republique-francaise"},"share_on_mastodon":{"url":"https:\/\/pubeurope.com\/@fr\/114429422701667054","error":""},"_links":{"self":[{"href":"https:\/\/www.europesays.com\/fr\/wp-json\/wp\/v2\/posts\/65505","targetHints":{"allow":["GET"]}}],"collection":[{"href":"https:\/\/www.europesays.com\/fr\/wp-json\/wp\/v2\/posts"}],"about":[{"href":"https:\/\/www.europesays.com\/fr\/wp-json\/wp\/v2\/types\/post"}],"author":[{"embeddable":true,"href":"https:\/\/www.europesays.com\/fr\/wp-json\/wp\/v2\/users\/2"}],"replies":[{"embeddable":true,"href":"https:\/\/www.europesays.com\/fr\/wp-json\/wp\/v2\/comments?post=65505"}],"version-history":[{"count":0,"href":"https:\/\/www.europesays.com\/fr\/wp-json\/wp\/v2\/posts\/65505\/revisions"}],"wp:featuredmedia":[{"embeddable":true,"href":"https:\/\/www.europesays.com\/fr\/wp-json\/wp\/v2\/media\/65506"}],"wp:attachment":[{"href":"https:\/\/www.europesays.com\/fr\/wp-json\/wp\/v2\/media?parent=65505"}],"wp:term":[{"taxonomy":"category","embeddable":true,"href":"https:\/\/www.europesays.com\/fr\/wp-json\/wp\/v2\/categories?post=65505"},{"taxonomy":"post_tag","embeddable":true,"href":"https:\/\/www.europesays.com\/fr\/wp-json\/wp\/v2\/tags?post=65505"}],"curies":[{"name":"wp","href":"https:\/\/api.w.org\/{rel}","templated":true}]}}