{"id":655058,"date":"2026-01-11T00:15:16","date_gmt":"2026-01-11T00:15:16","guid":{"rendered":"https:\/\/www.europesays.com\/fr\/655058\/"},"modified":"2026-01-11T00:15:16","modified_gmt":"2026-01-11T00:15:16","slug":"le-brussels-motor-show-en-images-endurance-info","status":"publish","type":"post","link":"https:\/\/www.europesays.com\/fr\/655058\/","title":{"rendered":"Le Brussels Motor Show en images &#8211; Endurance Info"},"content":{"rendered":"<ol>\n<li><a href=\"https:\/\/news.google.com\/rss\/articles\/CBMiiwFBVV95cUxNWjZGVGtsMFNfMy1FeUtEczMtSWJ1VmcwR3FVVEp5X3JJellrcG5DckNxMkp0dEVJOFl2MkVkQ0E0WUJtZy0wa0xBOEp1bWYwNXEtNTctZ1dteGFRU01VZWsyMGdscmw3NDd0cHc1Q0Jjbkt6VXFfemc3VDNpcmFSYWZ0RjU4X3FyVFow?oc=5\" target=\"_blank\" rel=\"noopener\">Le Brussels Motor Show en images<\/a>&nbsp;&nbsp;Endurance Info<\/li>\n<li><a href=\"https:\/\/news.google.com\/rss\/articles\/CBMimAFBVV95cUxQMEhHaXl4VkQ4MHpwTEZiWGVkQll1Q1pYNXpvZ3ZGZzFoNkE5dmU2TVNoTW9JT2txajhsdzV2X2hxSmZkREpST0F6WG81anh4S3dvN1dYSE5fYnY3ekprNmxDaUFKQ1FiaThldUNSQUZ0MU1Fd3hBY19rRXVzZ3VEWmVMZGFhX0haRjdrQm1SZEhyZktlZENIbQ?oc=5\" target=\"_blank\" rel=\"noopener\">Salon 2026 : l\u2019auto en f\u00eate \u00e0 Bruxelles<\/a>&nbsp;&nbsp;Paris Normandie<\/li>\n<li><a href=\"https:\/\/news.google.com\/rss\/articles\/CBMiwgFBVV95cUxOWHZwbzl5SW1WWU12SVM5WGNlMVdwOXVFZUhod3NKN2JxZUREN3J1WTVzVzVMQXNwRGFaalg4UmpqQUdrc1JMU3NtOFh5OUxwc1ViTHJ4N09jZjVCRkhhU08yZE00bkVBUllOc1NkNnFlTGJHa3ZHQm10ZXZOSTR2Zm9IcHNXaWc4LV9wRWpnWTdkcERZWGZJMTgyMnQ1ZndpMlVIcnlzX2FHek44V3BheE94OWUyY09kb3pTaGJUODFpdw?oc=5\" target=\"_blank\" rel=\"noopener\">Ouverture du salon de l&rsquo;automobile de Bruxelles, un \u00e9v\u00e9nement devenu incontournable ?<\/a>&nbsp;&nbsp;europe1.fr<\/li>\n<li><a href=\"https:\/\/news.google.com\/rss\/articles\/CBMitAFBVV95cUxPNjQ0aV84cktqeEJyZDRWUzZQR0FkMmVhclA1U3NfSGZQQkcwOGhQS2wyWlMyWVVxN1pLUE9lTHVrZXZEblozMnAzX0hXUmRma2p4TllMQjI5TDR4RGtBM2MxNFZKMlg3dHVZTnAtTTdNNGlOVGktY3lsc1NmQW9pUFdybHhYNDk4TDkwQ3k0TmNnV215V3hEaHZBZmYtaS1Ycl9iNVllUFlNbkphWDZ3Z2NjWWQ?oc=5\" target=\"_blank\" rel=\"noopener\">Salon de l\u2019Auto: les \u201cconditions salon\u201d sont-elles vraiment de bonnes affaires?<\/a>&nbsp;&nbsp;7sur7.be<\/li>\n<li><a href=\"https:\/\/news.google.com\/rss\/articles\/CBMiugJBVV95cUxNVk9raHNqU2FKUWRiOTFfMkFHTUI4dldBbjBNakVNcGV4N19RQjNZbWtGaURHSldBdExvOU1ISGRUTGxCampxR213OFczSC16aWdHVkJ2LUVNdmdqS01qbDF0S3FkX1RIYm5QWmhZbUdvdHllT1FJSWJla0d6REtfUVRjM2tJdmxTNmFNeHg5aWNfTnJGVnBFb2dDTEZoUkJDcDBGc1QtTVdDZ0RSMmlrc0J1QzA1ODBZeU4yWGlxUHZYQmk5TVNWUDlDZ3Z1WGxPN2tPRlZuS0RUVmVteTgtTUs5RTd3MG5uRWQydFJvLTBaRzFvZVhLWFk4WnVSSkt5UlZGMzRORGVTMTdxUm9uS1IwSTFRZzFKZ3pDTzdsNW5YdWhONWV0LXB2SFBDWlk0bllrUFJoYUhXdw?oc=5\" target=\"_blank\" rel=\"noopener\">Au Salon de l&rsquo;Auto, les Belges confrontent leurs r\u00eaves\u2026 \u00e0 leur portefeuille: \u00ab\u00a0Les marques premium sont plus recherch\u00e9es que r\u00e9ellement achet\u00e9es\u00a0\u00bb<\/a>&nbsp;&nbsp;DHnet<\/li>\n<\/ol>\n","protected":false},"excerpt":{"rendered":"Le Brussels Motor Show en images&nbsp;&nbsp;Endurance Info Salon 2026 : l\u2019auto en f\u00eate \u00e0 Bruxelles&nbsp;&nbsp;Paris Normandie Ouverture du&hellip;\n","protected":false},"author":2,"featured_media":655059,"comment_status":"","ping_status":"","sticky":false,"template":"","format":"standard","meta":{"footnotes":""},"categories":[6],"tags":[4208,4214,4198,4197,4207,35,4215,4209,33,34,4194,4195,4211,4196,1011,27,4216,4201,4205,4200,4221,4204,4212,4206,4217,2191,4218,4203,4219,4210,4213,4199,4220,4202],"class_list":{"0":"post-655058","1":"post","2":"type-post","3":"status-publish","4":"format-standard","5":"has-post-thumbnail","7":"category-economie","8":"tag-24h-nurburgring-vln","9":"tag-24h-series","10":"tag-adac-gt-masters","11":"tag-asian-le-mans-series","12":"tag-british-gt","13":"tag-business","14":"tag-club-des-pilotes-des-24h-du-mans","15":"tag-dtm","16":"tag-economie","17":"tag-economy","18":"tag-endurance-info","19":"tag-european-le-mans-series","20":"tag-ffsa-gt","21":"tag-fia-wec","22":"tag-fr","23":"tag-france","24":"tag-green-racing","25":"tag-gt-open","26":"tag-gt-sports-club","27":"tag-gt-world-challenge-america","28":"tag-gt-world-challenge-asia","29":"tag-gt-world-challenge-europe","30":"tag-gulf12","31":"tag-imsa","32":"tag-intercontinental-gt-challenge","33":"tag-le-mans","34":"tag-le-mans-classic","35":"tag-ligier-european-series","36":"tag-michelin-le-mans-cup","37":"tag-porsche-carrera-cup-france","38":"tag-sport-paddle","39":"tag-super-gt","40":"tag-supercar","41":"tag-ultimate-cup-series"},"share_on_mastodon":{"url":"","error":"Validation failed: Text character limit of 500 exceeded"},"_links":{"self":[{"href":"https:\/\/www.europesays.com\/fr\/wp-json\/wp\/v2\/posts\/655058","targetHints":{"allow":["GET"]}}],"collection":[{"href":"https:\/\/www.europesays.com\/fr\/wp-json\/wp\/v2\/posts"}],"about":[{"href":"https:\/\/www.europesays.com\/fr\/wp-json\/wp\/v2\/types\/post"}],"author":[{"embeddable":true,"href":"https:\/\/www.europesays.com\/fr\/wp-json\/wp\/v2\/users\/2"}],"replies":[{"embeddable":true,"href":"https:\/\/www.europesays.com\/fr\/wp-json\/wp\/v2\/comments?post=655058"}],"version-history":[{"count":0,"href":"https:\/\/www.europesays.com\/fr\/wp-json\/wp\/v2\/posts\/655058\/revisions"}],"wp:featuredmedia":[{"embeddable":true,"href":"https:\/\/www.europesays.com\/fr\/wp-json\/wp\/v2\/media\/655059"}],"wp:attachment":[{"href":"https:\/\/www.europesays.com\/fr\/wp-json\/wp\/v2\/media?parent=655058"}],"wp:term":[{"taxonomy":"category","embeddable":true,"href":"https:\/\/www.europesays.com\/fr\/wp-json\/wp\/v2\/categories?post=655058"},{"taxonomy":"post_tag","embeddable":true,"href":"https:\/\/www.europesays.com\/fr\/wp-json\/wp\/v2\/tags?post=655058"}],"curies":[{"name":"wp","href":"https:\/\/api.w.org\/{rel}","templated":true}]}}