{"id":655060,"date":"2026-01-11T00:16:10","date_gmt":"2026-01-11T00:16:10","guid":{"rendered":"https:\/\/www.europesays.com\/fr\/655060\/"},"modified":"2026-01-11T00:16:10","modified_gmt":"2026-01-11T00:16:10","slug":"le-chantage-des-etats-unis-sur-le-groenland-doit-cesser-denonce-jean-noel-barrot","status":"publish","type":"post","link":"https:\/\/www.europesays.com\/fr\/655060\/","title":{"rendered":"Le \u00abchantage\u00bb des \u00c9tats-Unis sur le Groenland \u00abdoit cesser\u00bb, d\u00e9nonce Jean-No\u00ebl Barrot"},"content":{"rendered":"<p>\n    Dans un entretien diffus\u00e9 samedi par plusieurs m\u00e9dias europ\u00e9ens dont Ouest-France, le ministre fran\u00e7ais des Affaires \u00e9trang\u00e8res affirme \u00abne pas croire\u00bb \u00e0 une intervention militaire am\u00e9ricaine pour s\u2019emparer du Groenland, comme Donald Trump en a \u00e9voqu\u00e9 la possibilit\u00e9.<\/p>\n<p class=\"fig-paragraph\">Le ministre fran\u00e7ais des Affaires \u00e9trang\u00e8res\u00a0<a href=\"https:\/\/video.lefigaro.fr\/figaro\/international\/attaque-americaine-au-venezuela-la-france-se-prepare-pour-un-monde-durci-affirme-jean-noel-barrot-20260104\" target=\"_blank\" data-fig-type=\"Video\" rel=\"noopener\" data-gtm-custom-categorie=\"navigation\" data-gtm-custom-action=\"crossclick\" data-gtm-custom-label=\"Contextuel\" data-gtm-event=\"customEventSPE\" data-fig-domain=\"LEFIGARO\">Jean-No\u00ebl Barrot<\/a>\u00a0a exhort\u00e9 les \u00c9tats-Unis \u00e0 \u00abcesser le chantage\u00bb pour\u00a0<a href=\"http:\/\/www.lefigaro.fr\/international\/intervention-militaire-achat-les-americains-rejettent-les-visees-de-donald-trump-sur-le-groenland-20260108\" target=\"_blank\" data-fig-type=\"Article\" rel=\"noopener\" data-gtm-custom-categorie=\"navigation\" data-gtm-custom-action=\"crossclick\" data-gtm-custom-label=\"Contextuel\" data-gtm-event=\"customEventSPE\" data-fig-domain=\"LEFIGARO\">obtenir un contr\u00f4le direct sur le territoire du Groenland<\/a>\u00a0sous juridiction du Danemark, dans une interview diffus\u00e9e samedi par plusieurs m\u00e9dias europ\u00e9ens dont le quotidien fran\u00e7ais\u00a0<a href=\"https:\/\/www.ouest-france.fr\/monde\/groenland\/exclusif-groenland-le-chantage-americain-doit-cesser-exige-le-ministre-francais-des-affaires-etrangeres-ab263c02-ee23-11f0-a051-5e965463f148\" target=\"_blank\" rel=\"noopener\" data-gtm-custom-categorie=\"navigation\" data-gtm-custom-action=\"crossclick\" data-gtm-custom-label=\"Contextuel\" data-gtm-event=\"customEventSPE\">Ouest-France<\/a> .<\/p>\n<p class=\"fig-paragraph\">Jean-No\u00ebl Barrot affirme \u00abne pas croire\u00bb \u00e0 une intervention militaire am\u00e9ricaine pour s&#8217;emparer du Groenland, comme le pr\u00e9sident\u00a0<a href=\"http:\/\/www.lefigaro.fr\/international\/pourquoi-contrairement-au-venezuela-donald-trump-n-a-aucune-raison-d-envahir-le-groenland-20260107\" target=\"_blank\" data-fig-type=\"Article\" rel=\"noopener\" data-gtm-custom-categorie=\"navigation\" data-gtm-custom-action=\"crossclick\" data-gtm-custom-label=\"Contextuel\" data-gtm-event=\"customEventSPE\" data-fig-domain=\"LEFIGARO\">Donald Trump<\/a>\u00a0en a \u00e9voqu\u00e9 la possibilit\u00e9, ajoutant que \u00abrien ne saurait le justifier\u00bb. \u00abLe Groenland est un territoire europ\u00e9en, plac\u00e9 sous la protection de l&rsquo;Otan (&#8230;) J&rsquo;ajoute que les Europ\u00e9ens disposent de moyens tr\u00e8s puissants pour d\u00e9fendre leurs int\u00e9r\u00eats. Ce chantage doit cesser\u00bb, poursuit M. Barrot, dans cet entretien publi\u00e9 par Ouest-France et par les m\u00e9dias allemand Funke et polonais Gazeta Wyborcza.<\/p>\n<p>                                            <a class=\"fig-a11y-skip\" href=\"#fig-a11y-skip-main-inarticle\" data-module=\"a11y-skip\" data-context=\"was @visible\"><br \/>\n    Passer la publicit\u00e9<br \/>\n<\/a>            <\/p>\n<p>                                            \u00abOn va faire quelque chose avec le Groenland\u00bb<\/p>\n<p class=\"fig-paragraph\">Donald Trump est revenu sur le sujet vendredi, assurant que la Russie ou la Chine comptaient \u00aboccuper le Groenland\u00bb. \u00abC&rsquo;est ce qu&rsquo;ils vont faire, si on ne le fait pas. Donc on va faire quelque chose avec le Groenland, soit avec la mani\u00e8re douce, soit avec la mani\u00e8re forte\u00bb,\u00a0<a href=\"http:\/\/www.lefigaro.fr\/international\/groenland-donald-trump-compte-toujours-trouver-un-accord-avec-le-danemark-avec-la-maniere-douce-ou-la-maniere-forte-20260109\" data-fig-type=\"NewsFlash\" data-gtm-custom-categorie=\"navigation\" data-gtm-custom-action=\"crossclick\" data-gtm-custom-label=\"Contextuel\" data-gtm-event=\"customEventSPE\" data-fig-domain=\"LEFIGARO\" target=\"_blank\" rel=\"noopener\">a assur\u00e9 le pr\u00e9sident am\u00e9ricain<\/a>.<\/p>\n<p class=\"fig-paragraph\">\u00abNous ne voulons pas \u00eatre Am\u00e9ricains, nous ne voulons pas \u00eatre Danois, nous voulons \u00eatre Groenlandais\u00bb,\u00a0<a href=\"http:\/\/www.lefigaro.fr\/international\/nous-ne-voulons-pas-etre-americains-l-avertissement-des-partis-groenlandais-face-aux-ambitions-de-donald-trump-20260110\" data-fig-type=\"NewsFlash\" data-gtm-custom-categorie=\"navigation\" data-gtm-custom-action=\"crossclick\" data-gtm-custom-label=\"Contextuel\" data-gtm-event=\"customEventSPE\" data-fig-domain=\"LEFIGARO\" target=\"_blank\" rel=\"noopener\">ont r\u00e9pliqu\u00e9 les dirigeants des cinq partis groenlandais<\/a>\u00a0repr\u00e9sent\u00e9s au Parlement local dans une d\u00e9claration commune, estimant que \u00abl&rsquo;avenir du Groenland doit \u00eatre d\u00e9cid\u00e9 par le peuple groenlandais\u00bb.<\/p>\n<p>                                            Ressources mini\u00e8res<\/p>\n<p class=\"fig-paragraph\">Colonie danoise jusqu&rsquo;en 1953, le Groenland, riche en ressources mini\u00e8res et devenu une route maritime strat\u00e9gique avec la fonte des glaces dans l&rsquo;Arctique, a gagn\u00e9 son autonomie 26 ans plus tard.<\/p>\n<p class=\"fig-paragraph\">Depuis 1951, il existe un accord de d\u00e9fense entre les \u00c9tats-Unis et le Danemark et le Groenland qui donne quasiment carte blanche aux forces arm\u00e9es am\u00e9ricaines sur le territoire groenlandais, si elles pr\u00e9viennent en amont les autorit\u00e9s locales.<\/p>\n","protected":false},"excerpt":{"rendered":"Dans un entretien diffus\u00e9 samedi par plusieurs m\u00e9dias europ\u00e9ens dont Ouest-France, le ministre fran\u00e7ais des Affaires \u00e9trang\u00e8res affirme&hellip;\n","protected":false},"author":2,"featured_media":655061,"comment_status":"","ping_status":"","sticky":false,"template":"","format":"standard","meta":{"footnotes":""},"categories":[5],"tags":[11,73,1011,27,146,14,2121,12,28],"class_list":{"0":"post-655060","1":"post","2":"type-post","3":"status-publish","4":"format-standard","5":"has-post-thumbnail","7":"category-international","8":"tag-actualites","9":"tag-etats-unis","10":"tag-fr","11":"tag-france","12":"tag-groenland","13":"tag-international","14":"tag-jean-noel-barrot","15":"tag-news","16":"tag-world"},"share_on_mastodon":{"url":"https:\/\/pubeurope.com\/@fr\/115873591121926810","error":""},"_links":{"self":[{"href":"https:\/\/www.europesays.com\/fr\/wp-json\/wp\/v2\/posts\/655060","targetHints":{"allow":["GET"]}}],"collection":[{"href":"https:\/\/www.europesays.com\/fr\/wp-json\/wp\/v2\/posts"}],"about":[{"href":"https:\/\/www.europesays.com\/fr\/wp-json\/wp\/v2\/types\/post"}],"author":[{"embeddable":true,"href":"https:\/\/www.europesays.com\/fr\/wp-json\/wp\/v2\/users\/2"}],"replies":[{"embeddable":true,"href":"https:\/\/www.europesays.com\/fr\/wp-json\/wp\/v2\/comments?post=655060"}],"version-history":[{"count":0,"href":"https:\/\/www.europesays.com\/fr\/wp-json\/wp\/v2\/posts\/655060\/revisions"}],"wp:featuredmedia":[{"embeddable":true,"href":"https:\/\/www.europesays.com\/fr\/wp-json\/wp\/v2\/media\/655061"}],"wp:attachment":[{"href":"https:\/\/www.europesays.com\/fr\/wp-json\/wp\/v2\/media?parent=655060"}],"wp:term":[{"taxonomy":"category","embeddable":true,"href":"https:\/\/www.europesays.com\/fr\/wp-json\/wp\/v2\/categories?post=655060"},{"taxonomy":"post_tag","embeddable":true,"href":"https:\/\/www.europesays.com\/fr\/wp-json\/wp\/v2\/tags?post=655060"}],"curies":[{"name":"wp","href":"https:\/\/api.w.org\/{rel}","templated":true}]}}