{"id":655062,"date":"2026-01-11T00:17:10","date_gmt":"2026-01-11T00:17:10","guid":{"rendered":"https:\/\/www.europesays.com\/fr\/655062\/"},"modified":"2026-01-11T00:17:10","modified_gmt":"2026-01-11T00:17:10","slug":"savoie-trois-skieurs-decedes-et-deux-autres-blesses-dans-des-avalanches-a-val-disere-tignes-et-areches-beaufort","status":"publish","type":"post","link":"https:\/\/www.europesays.com\/fr\/655062\/","title":{"rendered":"Savoie\u00a0: trois skieurs d\u00e9c\u00e9d\u00e9s et deux autres bless\u00e9s dans des avalanches \u00e0 Val d&rsquo;Is\u00e8re, Tignes et Ar\u00eaches Beaufort"},"content":{"rendered":"<p>Alors que le risque avalanche est de 4 sur 5 dans la plupart de nos massifs de Savoie et Haute-Savoie ce samedi, au moins trois coul\u00e9es ont emport\u00e9 des skieurs en hors-piste \u00e0 Val d&rsquo;Is\u00e8re, Tignes et Ar\u00eaches Beaufort. Trois d&rsquo;entre eux sont d\u00e9c\u00e9d\u00e9s, deux autres sont gravement bless\u00e9s.<\/p>\n<p>Les secouristes en montagne avaient appel\u00e9 les pratiquants \u00e0 la plus grande vigilance ce samedi. \u00c0 cause des r\u00e9centes chutes de neige, le risque avalanche avait \u00e9t\u00e9 relev\u00e9 \u00e0 4 sur 5 dans la plupart des massifs de Savoie et de Haute-Savoie. Malheureusement, <strong>au moins trois avalanches ont emport\u00e9 des skieurs<\/strong>, dans des secteurs hors-piste de Val d&rsquo;Is\u00e8re, Tignes et Ar\u00eaches Beaufort. Trois sont d\u00e9c\u00e9d\u00e9s, deux autres sont gravement bless\u00e9s.<\/p>\n<p>Deux skieurs ensevelis sous 2,50 m\u00e8tres de neige \u00e0 Val d&rsquo;Is\u00e8re<\/p>\n<p>La premi\u00e8re avalanche a lieu en d\u00e9but d&rsquo;apr\u00e8s-midi\u00a0dans le secteur hors-piste de la vall\u00e9e perdue, sur l\u2019envers de Bellevarde, \u00e0 Val d&rsquo;Is\u00e8re. Deux skieurs fran\u00e7ais, venus passer quelques jours de vacances \u00e0 Tignes, <strong>ont \u00e9t\u00e9 emport\u00e9s par une coul\u00e9e dans un \u00e9troit couloir en entonnoir<\/strong>. Ces deux hommes, \u00e2g\u00e9s d&rsquo;une trentaine et d&rsquo;une quarantaine d&rsquo;ann\u00e9es, n&rsquo;\u00e9taient pas \u00e9quip\u00e9s\u00a0de DVA (d\u00e9tecteur de victime d\u2019avalanche). Ce sont leurs amis, rest\u00e9s sur la piste et qui s&rsquo;inqui\u00e9taient de ne pas les voir revenir, qui ont pr\u00e9venu les pisteurs de la station vers 14h30. Les deux victimes ont \u00e9t\u00e9 localis\u00e9es gr\u00e2ce \u00e0 leurs t\u00e9l\u00e9phones portables, leurs corps ont \u00e9t\u00e9 retrouv\u00e9s sous 2,50 m\u00e8tres de neige.<\/p>\n<p>Un skieur d\u00e9c\u00e9d\u00e9 et un autre gravement bless\u00e9 en hors-piste dans le Beaufortain<\/p>\n<p>Autre coul\u00e9e meurtri\u00e8re, cette fois dans le massif du Beaufortain. Deux skieurs, originaires de la r\u00e9gion lyonnaise, ont \u00e9t\u00e9 emport\u00e9s \u00e0 Ar\u00eaches Beaufort, dans le secteur du col de la B\u00e2thie. C&rsquo;est un pisteur de la station qui a aper\u00e7u la cassure, synonyme de d\u00e9part d&rsquo;avalanche. En allumant son DVA, il a entendu les cris d&rsquo;un des skieurs, enseveli jusqu&rsquo;au cou. Gravement bless\u00e9, <strong>ce dernier a \u00e9t\u00e9 \u00e9vacu\u00e9 en h\u00e9licopt\u00e8re vers l&rsquo;h\u00f4pital d&rsquo;Annecy<\/strong>. L&rsquo;autre skieur de 48 ans est malheureusement d\u00e9c\u00e9d\u00e9.<\/p>\n<p>Une autre personne a \u00e9galement gravement bless\u00e9e aux jambes lors d&rsquo;une troisi\u00e8me avalanche \u00e0 Tignes.<\/p>\n","protected":false},"excerpt":{"rendered":"Alors que le risque avalanche est de 4 sur 5 dans la plupart de nos massifs de Savoie&hellip;\n","protected":false},"author":2,"featured_media":655063,"comment_status":"","ping_status":"","sticky":false,"template":"","format":"standard","meta":{"footnotes":""},"categories":[4],"tags":[11,1011,27,12,25],"class_list":{"0":"post-655062","1":"post","2":"type-post","3":"status-publish","4":"format-standard","5":"has-post-thumbnail","7":"category-france","8":"tag-actualites","9":"tag-fr","10":"tag-france","11":"tag-news","12":"tag-republique-francaise"},"share_on_mastodon":{"url":"https:\/\/pubeurope.com\/@fr\/115873595032866031","error":""},"_links":{"self":[{"href":"https:\/\/www.europesays.com\/fr\/wp-json\/wp\/v2\/posts\/655062","targetHints":{"allow":["GET"]}}],"collection":[{"href":"https:\/\/www.europesays.com\/fr\/wp-json\/wp\/v2\/posts"}],"about":[{"href":"https:\/\/www.europesays.com\/fr\/wp-json\/wp\/v2\/types\/post"}],"author":[{"embeddable":true,"href":"https:\/\/www.europesays.com\/fr\/wp-json\/wp\/v2\/users\/2"}],"replies":[{"embeddable":true,"href":"https:\/\/www.europesays.com\/fr\/wp-json\/wp\/v2\/comments?post=655062"}],"version-history":[{"count":0,"href":"https:\/\/www.europesays.com\/fr\/wp-json\/wp\/v2\/posts\/655062\/revisions"}],"wp:featuredmedia":[{"embeddable":true,"href":"https:\/\/www.europesays.com\/fr\/wp-json\/wp\/v2\/media\/655063"}],"wp:attachment":[{"href":"https:\/\/www.europesays.com\/fr\/wp-json\/wp\/v2\/media?parent=655062"}],"wp:term":[{"taxonomy":"category","embeddable":true,"href":"https:\/\/www.europesays.com\/fr\/wp-json\/wp\/v2\/categories?post=655062"},{"taxonomy":"post_tag","embeddable":true,"href":"https:\/\/www.europesays.com\/fr\/wp-json\/wp\/v2\/tags?post=655062"}],"curies":[{"name":"wp","href":"https:\/\/api.w.org\/{rel}","templated":true}]}}