{"id":65507,"date":"2025-04-30T23:06:08","date_gmt":"2025-04-30T23:06:08","guid":{"rendered":"https:\/\/www.europesays.com\/fr\/65507\/"},"modified":"2025-04-30T23:06:08","modified_gmt":"2025-04-30T23:06:08","slug":"previsions-du-jeudi-1-mai-2025","status":"publish","type":"post","link":"https:\/\/www.europesays.com\/fr\/65507\/","title":{"rendered":"pr\u00e9visions du jeudi 1 mai 2025"},"content":{"rendered":"<p>C&rsquo;est un soleil radieux qui va se montrer aujourd&rsquo;hui sur Montpellier. Les temp\u00e9ratures afficheront entre 13 et 21\u00b0C. Les valeurs tourneront autour des 18\u00b0C dans la matin\u00e9e. Un vent de nord-est soufflera un peu, avec 12 km\/h. Les temp\u00e9ratures s&rsquo;\u00e9chelonneront entre 20 et 21\u00b0C l&rsquo;apr\u00e8s-midi. Il va faire 17\u00b0C en moyenne le soir. On pr\u00e9voit une nuit claire entre jeudi et vendredi.<\/p>\n<p>Demain, le thermom\u00e8tre affichera 17\u00b0C en moyenne \u00e0 Montpellier. Le soleil sera dominant, la promesse d&rsquo;une magnifique matin\u00e9e ! Une brise de nord-est soufflera l\u00e9g\u00e8rement. Le ciel sera relativement lumineux, avec quelques \u00e9claircies demain apr\u00e8s-midi. Les valeurs seront comprises entre 19 et 20\u00b0C. Demain soir, un modeste vent d&rsquo;est sera ressenti par les habitants.<\/p>\n<p>Les conditions m\u00e9t\u00e9orologiques des jours qui suivent vont se d\u00e9grader. Des temp\u00e9ratures dans les 17\u00b0C accompagneront un ciel pluvieux.<\/p>\n<p>Pour porter chance \u00e0 ses proches : n&rsquo;oublions pas de leur offrir un brin de muguet aujourd&rsquo;hui.<\/p>\n","protected":false},"excerpt":{"rendered":"C&rsquo;est un soleil radieux qui va se montrer aujourd&rsquo;hui sur Montpellier. Les temp\u00e9ratures afficheront entre 13 et 21\u00b0C.&hellip;\n","protected":false},"author":2,"featured_media":65508,"comment_status":"","ping_status":"","sticky":false,"template":"","format":"standard","meta":{"footnotes":""},"categories":[9599],"tags":[1111,11,1777,674,1011,27,7089,2681,2208,12,2680,2119,25],"class_list":{"0":"post-65507","1":"post","2":"type-post","3":"status-publish","4":"format-standard","5":"has-post-thumbnail","7":"category-montpellier","8":"tag-actu","9":"tag-actualites","10":"tag-eu","11":"tag-europe","12":"tag-fr","13":"tag-france","14":"tag-herault","15":"tag-languedoc-roussillon","16":"tag-montpellier","17":"tag-news","18":"tag-occitanie","19":"tag-previsions-meteo","20":"tag-republique-francaise"},"share_on_mastodon":{"url":"https:\/\/pubeurope.com\/@fr\/114429426627142679","error":""},"_links":{"self":[{"href":"https:\/\/www.europesays.com\/fr\/wp-json\/wp\/v2\/posts\/65507","targetHints":{"allow":["GET"]}}],"collection":[{"href":"https:\/\/www.europesays.com\/fr\/wp-json\/wp\/v2\/posts"}],"about":[{"href":"https:\/\/www.europesays.com\/fr\/wp-json\/wp\/v2\/types\/post"}],"author":[{"embeddable":true,"href":"https:\/\/www.europesays.com\/fr\/wp-json\/wp\/v2\/users\/2"}],"replies":[{"embeddable":true,"href":"https:\/\/www.europesays.com\/fr\/wp-json\/wp\/v2\/comments?post=65507"}],"version-history":[{"count":0,"href":"https:\/\/www.europesays.com\/fr\/wp-json\/wp\/v2\/posts\/65507\/revisions"}],"wp:featuredmedia":[{"embeddable":true,"href":"https:\/\/www.europesays.com\/fr\/wp-json\/wp\/v2\/media\/65508"}],"wp:attachment":[{"href":"https:\/\/www.europesays.com\/fr\/wp-json\/wp\/v2\/media?parent=65507"}],"wp:term":[{"taxonomy":"category","embeddable":true,"href":"https:\/\/www.europesays.com\/fr\/wp-json\/wp\/v2\/categories?post=65507"},{"taxonomy":"post_tag","embeddable":true,"href":"https:\/\/www.europesays.com\/fr\/wp-json\/wp\/v2\/tags?post=65507"}],"curies":[{"name":"wp","href":"https:\/\/api.w.org\/{rel}","templated":true}]}}