{"id":655077,"date":"2026-01-11T00:32:49","date_gmt":"2026-01-11T00:32:49","guid":{"rendered":"https:\/\/www.europesays.com\/fr\/655077\/"},"modified":"2026-01-11T00:32:49","modified_gmt":"2026-01-11T00:32:49","slug":"hockey-sur-glace-ligue-magnus-apres-le-depart-dalexis-binner-nolan-zajac-rejoint-les-bruleurs-de-loups","status":"publish","type":"post","link":"https:\/\/www.europesays.com\/fr\/655077\/","title":{"rendered":"Hockey sur glace &#8211; Ligue Magnus. Apr\u00e8s le d\u00e9part d&rsquo;Alexis Binner,\u00a0Nolan Zajac rejoint les Br\u00fbleurs de loups"},"content":{"rendered":"<p>Ce contenu est bloqu\u00e9 car vous n&rsquo;avez pas accept\u00e9 les cookies et autres traceurs.<\/p>\n<p>En cliquant sur \u00ab J\u2019accepte \u00bb, les cookies et autres traceurs seront d\u00e9pos\u00e9s et vous pourrez visualiser les contenus  (<a href=\"\" class=\"consentModule_policy\" target=\"_blank\" title=\"Consulter la politique de protection des donn\u00e9es du fournisseur\">plus d&rsquo;informations<\/a>).<\/p>\n<p>En cliquant sur \u00ab J\u2019accepte tous les cookies \u00bb, vous autorisez des d\u00e9p\u00f4ts de cookies et autres traceurs pour le stockage de vos donn\u00e9es sur nos sites et applications \u00e0 des fins de personnalisation et de ciblage publicitaire.<\/p>\n<p class=\"consentModule_secondaryText\">Vous gardez la possibilit\u00e9 de retirer votre consentement \u00e0 tout moment en consultant notre <a href=\"https:\/\/www.ledauphine.com\/protection-des-donnees\" target=\"_blank\" title=\"Consulter notre politique de protection des donn\u00e9es\" rel=\"noopener\">politique de protection des donn\u00e9es<\/a>. <br \/>&#13;<br \/>\n            <a href=\"https:\/\/www.ledauphine.com\/sport\/2026\/01\/08\/javascript:Didomi.notice.show()\" class=\"consentModule_cmp\" target=\"_blank\" rel=\"noopener\">G\u00e9rer mes choix<\/a>&#13;\n        <\/p>\n<p>&#13;<br \/>\n                        J&rsquo;accepte&#13;<br \/>\n            J&rsquo;accepte tous les cookies&#13;\n        <\/p>\n<p>Il s\u2019agit de Nolan Zajac, un d\u00e9fenseur canadien de 33 ans, qui accuse pr\u00e8s de quinze saisons professionnelles sur son CV. \u00ab\u00a0Joueur exp\u00e9riment\u00e9, mobile et offensif, Zajac arrive avec un bagage solide, acquis en Am\u00e9rique du Nord comme en Europe\u00a0\u00bb, se r\u00e9jouit le club is\u00e9rois dans son communiqu\u00e9.<\/p>\n<p>N\u00e9 le 1er\u00a0ao\u00fbt 1992 \u00e0 Winnipeg, le Canadien a logiquement d\u00e9but\u00e9 dans les ligues mineures nord-am\u00e9ricaines. Apr\u00e8s l\u2019universit\u00e9 de Denver (NCAA), il a patin\u00e9 une saison en AHL, puis une autre en ECHL (Reading Royals).<\/p>\n<p>  Des exp\u00e9riences concluantes dans les ligues su\u00e9doises et allemandes<\/p>\n<p>En 2018, Zajac d\u00e9cide de franchir l\u2019oc\u00e9an Atlantique pour tenter sa chance sur le Vieux Continent. D\u2019abord en en Su\u00e8de et en Norv\u00e8ge, avec notamment de belles exp\u00e9riences \u00e0 l\u2019IK Oskarshamn et au Timra IK (SHL). Il y d\u00e9veloppe notamment un profil de d\u00e9fenseur buteur\u00a0: 135 points en quatre saisons, dont 58 pour les seuls Stavanger Oilers (2019-2020).<\/p>\n<p>Ensuite, Zajac bifurque en 2022 vers la DEL (championnat allemand), o\u00f9 il d\u00e9fendra successivement les couleurs des Grizzlys Wolfsburg puis des Augsburger Panther.<\/p>\n<p>  La France, c\u2019est tout nouveau pour lui<\/p>\n<p>Sa saison 2025-2026, Nolan Zajac l\u2019a d\u00e9but\u00e9e le HK Spisska Nova Ves. Mais, apr\u00e8s 17 matchs et trois points, il a d\u00e9cid\u00e9 de quitter la Slovaquie pour rejoindre Grenoble et la ligue fran\u00e7aise\u00a0; son sixi\u00e8me championnat en Europe.<\/p>\n<p>\u00ab\u00a0Ma famille et moi sommes ravis de cette opportunit\u00e9\u00a0: essayer de continuer \u00e0 perp\u00e9tuer la tradition de victoire du club des BdL\u00a0\u00bb, a confi\u00e9 le n\u00e9o-Grenoblois. \u00ab\u00a0J\u2019ai h\u00e2te de rejoindre l\u2019\u00e9quipe. Je suis tr\u00e8s enthousiaste car cela sera mon premier voyage en France, toutes raisons confondues. [\u2026] Je connaissais un peu les Br\u00fbleurs de loups. Mais plus j\u2019en parle, plus j\u2019entends des choses positives sur la ville.\u00a0\u00bb<\/p>\n<p><strong>&gt;&gt;\u00a0<\/strong><a href=\"https:\/\/www.ledauphine.com\/sport\/calendrier-resultats\/hockey-sur-glace\/national-ligue-magnus\" target=\"_blank\" rel=\"noopener\"><strong>Les r\u00e9sultats, le classement et le calendrier de Ligue Magnus<\/strong><\/a><\/p>\n<p>Le prochain match de Ligue Magnus des Grenoblois aura lieu vendredi contre Marseille (20h15, patinoire Polesud). On ne sait pas encore si Zajac (qui portera le n\u00b044 avec les Br\u00fbleurs) sera qualifi\u00e9.<\/p>\n","protected":false},"excerpt":{"rendered":"Ce contenu est bloqu\u00e9 car vous n&rsquo;avez pas accept\u00e9 les cookies et autres traceurs. En cliquant sur \u00ab&hellip;\n","protected":false},"author":2,"featured_media":655078,"comment_status":"","ping_status":"","sticky":false,"template":"","format":"standard","meta":{"footnotes":""},"categories":[9566],"tags":[1111,11,2430,112,1777,674,1701,1011,27,2731,2732,4133,10145,108,12,25,517],"class_list":{"0":"post-655077","1":"post","2":"type-post","3":"status-publish","4":"format-standard","5":"has-post-thumbnail","7":"category-grenoble","8":"tag-actu","9":"tag-actualites","10":"tag-auvergne-rhone-alpes","11":"tag-edition-grenoble-agglomeration","12":"tag-eu","13":"tag-europe","14":"tag-fil-info-sport","15":"tag-fr","16":"tag-france","17":"tag-grenoble","18":"tag-grenoble-bassin","19":"tag-hockey-sur-glace","20":"tag-hockey-sur-glace-grenoble","21":"tag-isere","22":"tag-news","23":"tag-republique-francaise","24":"tag-sport"},"share_on_mastodon":{"url":"https:\/\/pubeurope.com\/@fr\/115873657855023128","error":""},"_links":{"self":[{"href":"https:\/\/www.europesays.com\/fr\/wp-json\/wp\/v2\/posts\/655077","targetHints":{"allow":["GET"]}}],"collection":[{"href":"https:\/\/www.europesays.com\/fr\/wp-json\/wp\/v2\/posts"}],"about":[{"href":"https:\/\/www.europesays.com\/fr\/wp-json\/wp\/v2\/types\/post"}],"author":[{"embeddable":true,"href":"https:\/\/www.europesays.com\/fr\/wp-json\/wp\/v2\/users\/2"}],"replies":[{"embeddable":true,"href":"https:\/\/www.europesays.com\/fr\/wp-json\/wp\/v2\/comments?post=655077"}],"version-history":[{"count":0,"href":"https:\/\/www.europesays.com\/fr\/wp-json\/wp\/v2\/posts\/655077\/revisions"}],"wp:featuredmedia":[{"embeddable":true,"href":"https:\/\/www.europesays.com\/fr\/wp-json\/wp\/v2\/media\/655078"}],"wp:attachment":[{"href":"https:\/\/www.europesays.com\/fr\/wp-json\/wp\/v2\/media?parent=655077"}],"wp:term":[{"taxonomy":"category","embeddable":true,"href":"https:\/\/www.europesays.com\/fr\/wp-json\/wp\/v2\/categories?post=655077"},{"taxonomy":"post_tag","embeddable":true,"href":"https:\/\/www.europesays.com\/fr\/wp-json\/wp\/v2\/tags?post=655077"}],"curies":[{"name":"wp","href":"https:\/\/api.w.org\/{rel}","templated":true}]}}