{"id":655079,"date":"2026-01-11T00:33:18","date_gmt":"2026-01-11T00:33:18","guid":{"rendered":"https:\/\/www.europesays.com\/fr\/655079\/"},"modified":"2026-01-11T00:33:18","modified_gmt":"2026-01-11T00:33:18","slug":"ce-bar-emblematique-de-rennes-ferme-temporairement-par-la-prefecture-apres-des-debordements-place-sainte-anne","status":"publish","type":"post","link":"https:\/\/www.europesays.com\/fr\/655079\/","title":{"rendered":"Ce bar embl\u00e9matique de Rennes ferm\u00e9 temporairement par la pr\u00e9fecture, apr\u00e8s des d\u00e9bordements place Sainte-Anne"},"content":{"rendered":"<p>                    Par<br \/>\n        <strong><br \/>\n            <a href=\"https:\/\/actu.fr\/auteur\/clemence-pays02-actu-fr\" title=\"Consulter tous les articles de Cl\u00e9mence Pays\" target=\"_blank\" rel=\"noopener\">Cl\u00e9mence Pays<\/a><br \/>\n                    <\/strong><\/p>\n<p>        Publi\u00e9 le<\/p>\n<p>            10 janv. 2026 \u00e0 12h41        <\/p>\n<p>C\u2019est un lieu mythique de la place Sainte-Anne, \u00e0 Rennes. Le <strong>Ty Anna Tavarn<\/strong> se voit dans <strong>l\u2019obligation de fermer<\/strong> sa porte aux Rennaises et Rennais. Une d\u00e9cision ind\u00e9pendante de la volont\u00e9 de son g\u00e9rant, qui a appris la nouvelle par la pr\u00e9fecture, <strong>vendredi 9\u00a0janvier 2026.<\/strong><\/p>\n<p class=\" wall-content\">Contact\u00e9 par la r\u00e9daction d\u2019actu Rennes, la pr\u00e9fecture avoir pris la d\u00e9cision de <strong>fermer l\u2019\u00e9tablissement durant un mois,<\/strong> confirmant <a href=\"https:\/\/www.ouest-france.fr\/societe\/justice\/un-bar-de-la-place-saint-anne-temporairement-ferme-par-la-prefecture-a-rennes-ce-quon-lui-reproche-1a078264-ed7c-11f0-ae78-1a0629cc1f87?utm_content=link&amp;utm_term=OuestFranceRennes&amp;utm_campaign=facebook&amp;utm_source=nonli&amp;utm_medium=Social\" target=\"_blank\" rel=\"noopener\">Ouest-France<\/a>.<\/p>\n<p>Des d\u00e9rapages lors du Nouvel an\u2009?<\/p>\n<p class=\" wall-content\">La raison de cette d\u00e9cision fait \u00e9cho aux \u00e9v\u00e9nements qui se sont d\u00e9roul\u00e9s place Sainte-Anne, la nuit du 31\u00a0d\u00e9cembre 2025. En effet, le 1er\u00a0janvier 2026, la pr\u00e9fecture annon\u00e7ait dans un communiqu\u00e9, que la police \u00e9tait intervenue \u00ab\u2009\u00e0 la demande de <a href=\"https:\/\/actu.fr\/bretagne\/rennes_35238\/bretagne-franck-robine-ancien-directeur-de-cabinet-de-bruno-retailleau-nomme-prefet-de-bretagne_63463018.html\" target=\"_blank\" rel=\"noopener\">Franck Robine, pr\u00e9fet d\u2019Ille-et-Vilaine<\/a>, pour faire cesser <strong>un attroupement d\u2019une centaine d\u2019individus ayant allum\u00e9 un feu,<\/strong> jetant de nombreux projectiles et tirant des <strong>mortiers d\u2019artifice<\/strong> sur les policiers\u2009\u00bb.<\/p>\n<p class=\" wall-content\">Face \u00e0 ces d\u00e9bordements, la police avait fait usage de <strong>gaz lacrymog\u00e8ne<\/strong> et <strong>un policier avait \u00e9t\u00e9 \u00ab\u2009l\u00e9g\u00e8rement bless\u00e9 au bras\u2009\u00bb<\/strong> au cours de l\u2019intervention.<\/p>\n<p class=\" wall-content\">La pr\u00e9fecture pr\u00e9cisait alors que les incidents avaient \u00e9t\u00e9 \u00ab\u2009brefs\u2009\u00bb et que<strong> l\u2019intervention de la police n\u2019avait dur\u00e9 \u00ab\u2009que quelques dizaines de minutes\u2009\u00bb.<\/strong><\/p>\n<p class=\" wall-content\">Ce samedi 10\u00a0janvier, la pr\u00e9fecture pr\u00e9cise \u00e0 la r\u00e9daction que lors de ces \u00e9chauffour\u00e9es, une partie des individus ayant pris par \u00ab\u2009aux violences contre les policiers\u2009\u00bb le faisaient<strong> \u00ab\u2009depuis la terrasse du bar et entrant \u00e0 l\u2019int\u00e9rieur\u2009\u00bb.<\/strong><\/p>\n<p>Un second bar concern\u00e9<\/p>\n<p class=\" wall-content\">D\u2019apr\u00e8s la pr\u00e9fecture, \u00ab\u2009un<strong> avertissement<\/strong> avait d\u00e9j\u00e0 \u00e9t\u00e9 d\u00e9livr\u00e9\u2009\u00bb au Ty Anna, qui ne pourra donc pas rouvrir avant d\u00e9but f\u00e9vrier. Contact\u00e9, le g\u00e9rant n\u2019a pas souhait\u00e9 s\u2019exprimer pour l\u2019heure.<\/p>\n<p>Votre r\u00e9gion, votre actu !<\/p>\n<p>Recevez chaque jour les infos qui comptent pour vous.<\/p>\n<p>\t<a href=\"https:\/\/actu.fr\/newsletter\" class=\"ac-btn ac-btn--corner ac-btn--medium ac-btn--blue800\" target=\"_blank\" rel=\"noopener\">S&rsquo;incrire<\/a><\/p>\n<p class=\" wall-content\"><strong>\u00ab\u2009Une autre proc\u00e9dure est en cours\u2009\u00bb<\/strong> pour un second \u00e9tablissement de la place Sainte-Anne, pr\u00e9cisent les autorit\u00e9s pr\u00e9fectorales.<\/p>\n<p class=\" wall-content\">Personnalisez votre actualit\u00e9 en ajoutant vos villes et m\u00e9dias en favori avec <a href=\"https:\/\/moncompte.actu.fr\" title=\"D\u00e9couvez Mon Actu\" rel=\"nofollow noopener\" data-trk=\"{&quot;cta&quot;:{&quot;action&quot;:&quot;https:\\\/\\\/moncompte.actu.fr&quot;,&quot;category&quot;:&quot;mon compte&quot;,&quot;from&quot;:&quot;article footer&quot;,&quot;name&quot;:&quot;Mon actu&quot;,&quot;type&quot;:&quot;cta&quot;}}\" target=\"_blank\">Mon Actu<\/a>.<\/p>\n","protected":false},"excerpt":{"rendered":"Par Cl\u00e9mence Pays Publi\u00e9 le 10 janv. 2026 \u00e0 12h41 C\u2019est un lieu mythique de la place Sainte-Anne,&hellip;\n","protected":false},"author":2,"featured_media":655080,"comment_status":"","ping_status":"","sticky":false,"template":"","format":"standard","meta":{"footnotes":""},"categories":[2821],"tags":[1111,11,829,1777,674,1011,27,12,584,25,104],"class_list":{"0":"post-655079","1":"post","2":"type-post","3":"status-publish","4":"format-standard","5":"has-post-thumbnail","7":"category-rennes","8":"tag-actu","9":"tag-actualites","10":"tag-bretagne","11":"tag-eu","12":"tag-europe","13":"tag-fr","14":"tag-france","15":"tag-news","16":"tag-rennes","17":"tag-republique-francaise","18":"tag-societe"},"share_on_mastodon":{"url":"https:\/\/pubeurope.com\/@fr\/115873657951088831","error":""},"_links":{"self":[{"href":"https:\/\/www.europesays.com\/fr\/wp-json\/wp\/v2\/posts\/655079","targetHints":{"allow":["GET"]}}],"collection":[{"href":"https:\/\/www.europesays.com\/fr\/wp-json\/wp\/v2\/posts"}],"about":[{"href":"https:\/\/www.europesays.com\/fr\/wp-json\/wp\/v2\/types\/post"}],"author":[{"embeddable":true,"href":"https:\/\/www.europesays.com\/fr\/wp-json\/wp\/v2\/users\/2"}],"replies":[{"embeddable":true,"href":"https:\/\/www.europesays.com\/fr\/wp-json\/wp\/v2\/comments?post=655079"}],"version-history":[{"count":0,"href":"https:\/\/www.europesays.com\/fr\/wp-json\/wp\/v2\/posts\/655079\/revisions"}],"wp:featuredmedia":[{"embeddable":true,"href":"https:\/\/www.europesays.com\/fr\/wp-json\/wp\/v2\/media\/655080"}],"wp:attachment":[{"href":"https:\/\/www.europesays.com\/fr\/wp-json\/wp\/v2\/media?parent=655079"}],"wp:term":[{"taxonomy":"category","embeddable":true,"href":"https:\/\/www.europesays.com\/fr\/wp-json\/wp\/v2\/categories?post=655079"},{"taxonomy":"post_tag","embeddable":true,"href":"https:\/\/www.europesays.com\/fr\/wp-json\/wp\/v2\/tags?post=655079"}],"curies":[{"name":"wp","href":"https:\/\/api.w.org\/{rel}","templated":true}]}}